{"id":203627,"date":"2025-06-25T16:23:15","date_gmt":"2025-06-25T16:23:15","guid":{"rendered":"https:\/\/www.europesays.com\/fr\/203627\/"},"modified":"2025-06-25T16:23:15","modified_gmt":"2025-06-25T16:23:15","slug":"migrations-leurope-durcit-encore-les-regles","status":"publish","type":"post","link":"https:\/\/www.europesays.com\/fr\/203627\/","title":{"rendered":"Migrations : l\u2019Europe durcit encore les r\u00e8gles"},"content":{"rendered":"<p>Le droit d\u2019asile dans l\u2019Union europ\u00e9enne (UE) pourrait\u00a0\u2013\u00a0encore\u00a0\u2013 s\u2019alt\u00e9rer. Le 20\u00a0mai, l\u2019ex\u00e9cutif de l\u2019UE a pr\u00e9sent\u00e9 une proposition pour <strong>changer les r\u00e8gles <\/strong>relatives au renvoi de migrants. L\u2019\u00e9l\u00e9ment principal concerne la red\u00e9finition du concept de \u00ab\u00a0pays tiers s\u00fbr\u00a0\u00bb permettant \u00e0 un \u00c9tat membre de rel\u00e9guer une demande d\u2019asile \u00e0 un autre \u00c9tat qualifi\u00e9 de \u00ab\u00a0s\u00fbr\u00a0\u00bb. Jusqu\u2019\u00e0 pr\u00e9sent, la proc\u00e9dure n\u00e9cessitait que la personne poss\u00e8de un lien avec le pays tiers. Cette exigence serait dor\u00e9navant abolie. La d\u00e9cision, qui s\u2019inscrit dans le Pacte europ\u00e9en sur la migration et l\u2019asile de 2024, soul\u00e8ve des questions \u00e9thiques. La commission nationale consultative des droits de l\u2019homme (CNCDH) la consid\u00e8re comme contraire \u00e0 la Convention de Gen\u00e8ve, fondement du droit international des r\u00e9fugi\u00e9s.<\/p>\n<p>        <a href=\"https:\/\/www.politis.fr\/boutique\/\" target=\"_blank\" class=\"gt_abonnement\" rel=\"noopener\"><\/p>\n<p>            Recevez Politis chez vous chaque semaine !<\/p>\n<p>    <\/a><\/p>\n","protected":false},"excerpt":{"rendered":"Le droit d\u2019asile dans l\u2019Union europ\u00e9enne (UE) pourrait\u00a0\u2013\u00a0encore\u00a0\u2013 s\u2019alt\u00e9rer. Le 20\u00a0mai, l\u2019ex\u00e9cutif de l\u2019UE a pr\u00e9sent\u00e9 une proposition&hellip;\n","protected":false},"author":2,"featured_media":203628,"comment_status":"","ping_status":"","sticky":false,"template":"","format":"standard","meta":{"footnotes":""},"categories":[1586],"tags":[11,10443,34267,1777,674,1779,1011,27,1251,12,25,1778,364],"class_list":{"0":"post-203627","1":"post","2":"type-post","3":"status-publish","4":"format-standard","5":"has-post-thumbnail","7":"category-europe","8":"tag-actualites","9":"tag-asile","10":"tag-droit-dasile","11":"tag-eu","12":"tag-europe","13":"tag-european-union","14":"tag-fr","15":"tag-france","16":"tag-migrants","17":"tag-news","18":"tag-republique-francaise","19":"tag-ue","20":"tag-union-europeenne"},"share_on_mastodon":{"url":"https:\/\/pubeurope.com\/@fr\/114744931421882391","error":""},"_links":{"self":[{"href":"https:\/\/www.europesays.com\/fr\/wp-json\/wp\/v2\/posts\/203627","targetHints":{"allow":["GET"]}}],"collection":[{"href":"https:\/\/www.europesays.com\/fr\/wp-json\/wp\/v2\/posts"}],"about":[{"href":"https:\/\/www.europesays.com\/fr\/wp-json\/wp\/v2\/types\/post"}],"author":[{"embeddable":true,"href":"https:\/\/www.europesays.com\/fr\/wp-json\/wp\/v2\/users\/2"}],"replies":[{"embeddable":true,"href":"https:\/\/www.europesays.com\/fr\/wp-json\/wp\/v2\/comments?post=203627"}],"version-history":[{"count":0,"href":"https:\/\/www.europesays.com\/fr\/wp-json\/wp\/v2\/posts\/203627\/revisions"}],"wp:featuredmedia":[{"embeddable":true,"href":"https:\/\/www.europesays.com\/fr\/wp-json\/wp\/v2\/media\/203628"}],"wp:attachment":[{"href":"https:\/\/www.europesays.com\/fr\/wp-json\/wp\/v2\/media?parent=203627"}],"wp:term":[{"taxonomy":"category","embeddable":true,"href":"https:\/\/www.europesays.com\/fr\/wp-json\/wp\/v2\/categories?post=203627"},{"taxonomy":"post_tag","embeddable":true,"href":"https:\/\/www.europesays.com\/fr\/wp-json\/wp\/v2\/tags?post=203627"}],"curies":[{"name":"wp","href":"https:\/\/api.w.org\/{rel}","templated":true}]}}