{"id":203631,"date":"2025-06-25T16:25:10","date_gmt":"2025-06-25T16:25:10","guid":{"rendered":"https:\/\/www.europesays.com\/fr\/203631\/"},"modified":"2025-06-25T16:25:10","modified_gmt":"2025-06-25T16:25:10","slug":"aulas-giresse-domenech-benzema-en-images-les-personnalites-du-monde-du-football-rendent-un-dernier-hommage-a-bernard-lacombe","status":"publish","type":"post","link":"https:\/\/www.europesays.com\/fr\/203631\/","title":{"rendered":"Aulas, Giresse, Domenech, Benzema&#8230; en images, les personnalit\u00e9s du monde du football rendent un dernier hommage \u00e0 Bernard Lacombe"},"content":{"rendered":"<p>Ce mercredi avait lieu en l\u2019\u00e9glise de Fontaines-sur-Sa\u00f4ne les obs\u00e8ques de Bernard Lacombe. De nombreuses personnalit\u00e9s du monde du football \u00e9taient pr\u00e9sentes, dont Karim Benzema.<\/p>\n<p class=\"fig-paragraph\">Figure du monde du football fran\u00e7ais et surtout lyonnais,\u00a0<a href=\"http:\/\/www.lefigaro.fr\/flash-sport\/monument-du-football-francais-bernard-lacombe-est-decede-a-l-age-de-72-ans-20250617\" data-fig-type=\"NewsFlash\" data-gtm-custom-categorie=\"navigation\" data-gtm-custom-action=\"crossclick\" data-gtm-custom-label=\"Contextuel\" data-gtm-event=\"customEventSPE\" data-fig-domain=\"LEFIGARO\" target=\"_blank\" rel=\"noopener\">Bernard Lacombe<\/a>\u00a0s\u2019est \u00e9teint mardi 17 juin dernier. Ses obs\u00e8ques avaient lieu ce mercredi 25 juin en l\u2019\u00e9glise de Fontaines-sur-Sa\u00f4ne. Une c\u00e9r\u00e9monie que la famille a voulue solennelle et intimiste. Bref, \u00e0 l\u2019image de\u00a0<a href=\"https:\/\/photo.lefigaro.fr\/sports\/football\/la-vie-de-bernard-lacombe-en-images-20250618\" data-fig-type=\"SlideShowResource\" data-gtm-custom-categorie=\"navigation\" data-gtm-custom-action=\"crossclick\" data-gtm-custom-label=\"Contextuel\" data-gtm-event=\"customEventSPE\" data-fig-domain=\"LEFIGARO\" target=\"_blank\" rel=\"noopener\">celui qui a donn\u00e9 une grande partie de sa vie \u00e0 l\u2019Olympique lyonnais<\/a>, en tant que joueur puis en tant qu\u2019entra\u00eeneur.<\/p>\n<p class=\"fig-paragraph\">Marius Tr\u00e9sor,\u00a0<a href=\"http:\/\/www.lefigaro.fr\/sports\/football\/foot-bernard-lacombe-etait-comme-un-frere-temoigne-fleury-di-nallo-20250618\" data-fig-type=\"NewsFlash\" data-gtm-custom-categorie=\"navigation\" data-gtm-custom-action=\"crossclick\" data-gtm-custom-label=\"Contextuel\" data-gtm-event=\"customEventSPE\" data-fig-domain=\"LEFIGARO\" target=\"_blank\" rel=\"noopener\">Fleury Di Nallo<\/a>, R\u00e9my Vercoutre, Sonny Anderson, Gr\u00e9gory Coupet, Baf\u00e9timbi Gomis, Sidney Govou, Jacques Santini, Wendie Renard sont venus lui rendre un dernier hommage. Jean-Michel Aulas, son bin\u00f4me jusqu\u2019en 2019, n\u2019a pu retenir ses larmes lors de son discours.\u00a0<a href=\"http:\/\/www.lefigaro.fr\/sports\/football\/foot-benzema-elu-meilleur-joueur-blanc-meilleur-entraineur-les-francais-brillent-en-arabie-saoudite-20250529\" data-fig-type=\"NewsFlash\" data-gtm-custom-categorie=\"navigation\" data-gtm-custom-action=\"crossclick\" data-gtm-custom-label=\"Contextuel\" data-gtm-event=\"customEventSPE\" data-fig-domain=\"LEFIGARO\" target=\"_blank\" rel=\"noopener\">Karim Benzema<\/a>, tr\u00e8s proche de l\u2019ancien avant-centre m\u00eame lorsqu\u2019il a quitt\u00e9 le r\u00f4le, \u00e9tait lui aussi pr\u00e9sent. Pour ceux qui n\u2019ont pu faire le d\u00e9placement, un registre de condol\u00e9ances a \u00e9t\u00e9 mis en ligne sur le site officiel de l\u2019Olympique lyonnais.<\/p>\n","protected":false},"excerpt":{"rendered":"Ce mercredi avait lieu en l\u2019\u00e9glise de Fontaines-sur-Sa\u00f4ne les obs\u00e8ques de Bernard Lacombe. De nombreuses personnalit\u00e9s du monde&hellip;\n","protected":false},"author":2,"featured_media":203632,"comment_status":"","ping_status":"","sticky":false,"template":"","format":"standard","meta":{"footnotes":""},"categories":[2],"tags":[11,34268,454,69,448,83,451,64,450,449,1011,27,452,5227,453,66,446,447,12,978,70,25,455],"class_list":{"0":"post-203631","1":"post","2":"type-post","3":"status-publish","4":"format-standard","5":"has-post-thumbnail","7":"category-actualites","8":"tag-actualites","9":"tag-bafetimbi-gomis","10":"tag-ballon-dor","11":"tag-bundesliga","12":"tag-champions-league","13":"tag-coupe-de-france","14":"tag-coupe-du-monde","15":"tag-equipe-de-france","16":"tag-euro","17":"tag-europa-league","18":"tag-fr","19":"tag-france","20":"tag-italie","21":"tag-jean-michel-aulas","22":"tag-liga","23":"tag-ligue-1","24":"tag-ligue-2","25":"tag-ligue-des-champions","26":"tag-news","27":"tag-olympique-lyonnais","28":"tag-premier-league","29":"tag-republique-francaise","30":"tag-uefa"},"share_on_mastodon":{"url":"https:\/\/pubeurope.com\/@fr\/114744939294030236","error":""},"_links":{"self":[{"href":"https:\/\/www.europesays.com\/fr\/wp-json\/wp\/v2\/posts\/203631","targetHints":{"allow":["GET"]}}],"collection":[{"href":"https:\/\/www.europesays.com\/fr\/wp-json\/wp\/v2\/posts"}],"about":[{"href":"https:\/\/www.europesays.com\/fr\/wp-json\/wp\/v2\/types\/post"}],"author":[{"embeddable":true,"href":"https:\/\/www.europesays.com\/fr\/wp-json\/wp\/v2\/users\/2"}],"replies":[{"embeddable":true,"href":"https:\/\/www.europesays.com\/fr\/wp-json\/wp\/v2\/comments?post=203631"}],"version-history":[{"count":0,"href":"https:\/\/www.europesays.com\/fr\/wp-json\/wp\/v2\/posts\/203631\/revisions"}],"wp:featuredmedia":[{"embeddable":true,"href":"https:\/\/www.europesays.com\/fr\/wp-json\/wp\/v2\/media\/203632"}],"wp:attachment":[{"href":"https:\/\/www.europesays.com\/fr\/wp-json\/wp\/v2\/media?parent=203631"}],"wp:term":[{"taxonomy":"category","embeddable":true,"href":"https:\/\/www.europesays.com\/fr\/wp-json\/wp\/v2\/categories?post=203631"},{"taxonomy":"post_tag","embeddable":true,"href":"https:\/\/www.europesays.com\/fr\/wp-json\/wp\/v2\/tags?post=203631"}],"curies":[{"name":"wp","href":"https:\/\/api.w.org\/{rel}","templated":true}]}}