{"id":203647,"date":"2025-06-25T16:37:14","date_gmt":"2025-06-25T16:37:14","guid":{"rendered":"https:\/\/www.europesays.com\/fr\/203647\/"},"modified":"2025-06-25T16:37:14","modified_gmt":"2025-06-25T16:37:14","slug":"saint-martin-sous-montaigu-alain-longet-a-pose-une-sculpture-monumentale-a-palavas-les-flots","status":"publish","type":"post","link":"https:\/\/www.europesays.com\/fr\/203647\/","title":{"rendered":"Saint-Martin-sous-Montaigu. Alain Longet a pos\u00e9 une sculpture monumentale \u00e0 Palavas-les-Flots"},"content":{"rendered":"<p>L\u2019\u0153uvre Hommage \u00e0 la musique , du sculpteur en art m\u00e9tal Alain Longet, est d\u00e9sormais en place devant la mairie de Palavas-les-Flots (H\u00e9rault), et fait face \u00e0 la plage palavasienne. Cette sculpture monumentale (6\u00a0m de long, 3,20\u00a0m de large et 6,40\u00a0m de haut), don de l\u2019artiste, se constitue de quatre guitares inox d\u2019environ trois m\u00e8tres de haut et d\u2019une monumentale, agr\u00e9ment\u00e9es d\u2019une voile bleu ciel en b\u00e9ton. La peinture turquoise pr\u00e9vue pour ce voile reste \u00e0 r\u00e9aliser, ainsi que la peinture du socle \u00e0 la couleur de la mer.<\/p>\n<p><strong>\u00c0 lire aussi <\/strong> : <a href=\"https:\/\/www.lejsl.com\/culture-loisirs\/2025\/03\/21\/un-parc-a-son-nom-cree-le-sculpteur-alain-longet-est-tombe-des-nues\" target=\"_blank\" rel=\"nofollow noopener\">Un parc \u00e0 son nom cr\u00e9\u00e9\u00a0: le sculpteur Alain Longet est \u00ab\u00a0tomb\u00e9 des nues\u00a0\u00bb<\/a><\/p>\n<p>\u00ab\u00a0C\u2019est un succ\u00e8s, se r\u00e9jouit l\u2019artiste. Beaucoup de personnes l\u2019ont trouv\u00e9e tr\u00e8s belle et un couple d\u2019Anglais a voulu poser avec moi\u00a0\u00bb. Il reste d\u00e9sormais \u00e0 cr\u00e9er, dans l\u2019enceinte du parc du Levant, le parc Alain-Longet, qui comptera 22 \u0153uvres offertes par le sculpteur acimontimartinois. Un projet qui motive Alain Longet \u00e0 1\u00a0000\u00a0% car, comme il le dit lui-m\u00eame avec modestie, \u00ab\u00a0c\u2019est rare de son vivant d\u2019avoir son mus\u00e9e\u00a0\u00bb.<\/p>\n","protected":false},"excerpt":{"rendered":"L\u2019\u0153uvre Hommage \u00e0 la musique , du sculpteur en art m\u00e9tal Alain Longet, est d\u00e9sormais en place devant&hellip;\n","protected":false},"author":2,"featured_media":203648,"comment_status":"","ping_status":"","sticky":false,"template":"","format":"standard","meta":{"footnotes":""},"categories":[1358],"tags":[1348,1384,1385,1687,1386,58,11032,59,2271,107,1011,27,34270,34269,104],"class_list":{"0":"post-203647","1":"post","2":"type-post","3":"status-publish","4":"format-standard","5":"has-post-thumbnail","7":"category-arts-et-design","8":"tag-arts","9":"tag-arts-and-design","10":"tag-arts-et-design","11":"tag-culture-loisirs","12":"tag-design","13":"tag-divertissement","14":"tag-edition-chalon-sur-saone","15":"tag-entertainment","16":"tag-exposition-arts-plastiques","17":"tag-fil-info","18":"tag-fr","19":"tag-france","20":"tag-givry-bassin","21":"tag-saint-martin-sous-montaigu","22":"tag-societe"},"share_on_mastodon":{"url":"https:\/\/pubeurope.com\/@fr\/114744986377605208","error":""},"_links":{"self":[{"href":"https:\/\/www.europesays.com\/fr\/wp-json\/wp\/v2\/posts\/203647","targetHints":{"allow":["GET"]}}],"collection":[{"href":"https:\/\/www.europesays.com\/fr\/wp-json\/wp\/v2\/posts"}],"about":[{"href":"https:\/\/www.europesays.com\/fr\/wp-json\/wp\/v2\/types\/post"}],"author":[{"embeddable":true,"href":"https:\/\/www.europesays.com\/fr\/wp-json\/wp\/v2\/users\/2"}],"replies":[{"embeddable":true,"href":"https:\/\/www.europesays.com\/fr\/wp-json\/wp\/v2\/comments?post=203647"}],"version-history":[{"count":0,"href":"https:\/\/www.europesays.com\/fr\/wp-json\/wp\/v2\/posts\/203647\/revisions"}],"wp:featuredmedia":[{"embeddable":true,"href":"https:\/\/www.europesays.com\/fr\/wp-json\/wp\/v2\/media\/203648"}],"wp:attachment":[{"href":"https:\/\/www.europesays.com\/fr\/wp-json\/wp\/v2\/media?parent=203647"}],"wp:term":[{"taxonomy":"category","embeddable":true,"href":"https:\/\/www.europesays.com\/fr\/wp-json\/wp\/v2\/categories?post=203647"},{"taxonomy":"post_tag","embeddable":true,"href":"https:\/\/www.europesays.com\/fr\/wp-json\/wp\/v2\/tags?post=203647"}],"curies":[{"name":"wp","href":"https:\/\/api.w.org\/{rel}","templated":true}]}}