{"id":203651,"date":"2025-06-25T16:39:11","date_gmt":"2025-06-25T16:39:11","guid":{"rendered":"https:\/\/www.europesays.com\/fr\/203651\/"},"modified":"2025-06-25T16:39:11","modified_gmt":"2025-06-25T16:39:11","slug":"avant-premiere-tout-pour-la-lumiere-du-jeudi-26-juin-2025-episode-9-tf1","status":"publish","type":"post","link":"https:\/\/www.europesays.com\/fr\/203651\/","title":{"rendered":"Avant-premi\u00e8re &#8211; Tout pour la lumi\u00e8re du jeudi 26 juin 2025 &#8211; Episode 9 &#8211; TF1+"},"content":{"rendered":"<ol>\n<li><a href=\"https:\/\/news.google.com\/rss\/articles\/CBMizAFBVV95cUxNS042a1B1T2VWLXBzd3o5bXYtRUY0RWZfSmVmUXFWZEZJSnFQNUdhUk1Qck96SHlVcWlxWnliM1pUYWlwYS1jaWtUdTRTREs1RVliWEVCX3F6WGlibFRJV29pREd3V0l6amptZThvd3JDVG9zVVZFR0hJUk05cWw3NGpCNF9FQWZLNG03MjNwNllzTnlGR2x6YTNXdHBsRHpSamlnZ2xlMS11R3RCMUpPajZCdTZUQU9xV1hOWnVmWEdkWklLZUlNOXJha2M?oc=5\" target=\"_blank\" rel=\"noopener\">Avant-premi\u00e8re &#8211; Tout pour la lumi\u00e8re du jeudi 26 juin 2025 &#8211; Episode 9<\/a>&nbsp;&nbsp;TF1+<\/li>\n<li><a href=\"https:\/\/news.google.com\/rss\/articles\/CBMifkFVX3lxTE9YOVR3Nllab1Q3eWlLRnBhbm5kSjNyNXl1Vk42d0p0OHgtYjlmekdpeDEycmdHbUFMdDFRa2tDSnljSVI5Vm9uNTJLajRENmdPUHpESjlydWlFb0tERV9QOHIxdnVST29aSjliaHhVX0ZwWEpabmZRaGp5WGJzQQ?oc=5\" target=\"_blank\" rel=\"noopener\">Tout pour la lumi\u00e8re en avance : ce qui vous attend dans l&rsquo;\u00e9pisode 9 du jeudi 26 juin 2025 [SPOILERS]<\/a>&nbsp;&nbsp;AlloCin\u00e9<\/li>\n<li><a href=\"https:\/\/news.google.com\/rss\/articles\/CBMi9AFBVV95cUxPR2JVWnFBdVZ2eGZQajM4cnBZV1ZqS1ZCX245Zm9FY3FwLVl3T0p3TkYyTXg5YUMxcWpaX3ZaMWRWV0dEVlc2RkZ3azg0MlZfOUEzRlIzUUQxRWpaQnMtQTQ0WXprX2RpQWdhazA0QV9vMUhTV0UxUVdZRW9tLVlzdnVSNFpSdHYzSm1nS1pGR2VmaF8zXzNuZEhuLVJmN0RsM1dQLVJEXzlQWUJWQ1hGUzA0QUh2T0Rzb184bmhxcDEwODJUNmlDWjRVR2NOcDFONnV0dEcwNGc5cHptTG5xOWZkSjZoQXc4QlBpVE9ieV9rQ2ZN?oc=5\" target=\"_blank\" rel=\"noopener\">\u201cTout pour la lumi\u00e8re\u201d, la nouvelle s\u00e9rie quotidienne de Netflix et TF1 : beaucoup de bruit pour pas grand-chose<\/a>&nbsp;&nbsp;T\u00e9l\u00e9rama<\/li>\n<li><a href=\"https:\/\/news.google.com\/rss\/articles\/CBMi8gFBVV95cUxQb0UwVXZ2SGJCalRtUktTaTZocDA4TWN4aWlsYldoakNHdXF5RWdiRlcwWFBXVlhIZjJYRmFacjBiQjVuWWVkUFMxcTdab0Z0NFBGdWcwZGpNaWk2dGd6ZHZEaDZNV3hlbnl0MTBnRDF1Q01jQmFTSzRWbnBRU3l3OGRLYlBTcDRyeVpKVkJyeHFuSXJPODJIU3ROZmg0MERMV3hKejFteDNRMDZnSER0YWhlWDZRWjVEanpFLUpXSzhGV0pYbmd5NTZqbDFOWGdWTWxsbGtObUp6eTE2a0d2UmhNR3ZDVWN4bVU4d0xrX2pBQQ?oc=5\" target=\"_blank\" rel=\"noopener\">Tout pour la lumi\u00e8re : \u201cC&rsquo;est moi qui ai br\u00fbl\u00e9 le carnet\u201d Le r\u00e9sum\u00e9 du 25 juin (SPOILERS)<\/a>&nbsp;&nbsp;T\u00e9l\u00e9 7 Jours<\/li>\n<li><a href=\"https:\/\/news.google.com\/rss\/articles\/CBMiigFBVV95cUxNTHdpSTZYaWJSaXNqLVRzNEJEaFZ5V1B0MEI3RTh2ZGp3YVNuM1VQTkNuREJvQnJoVHctQVpabEVmeS1rUzdPMDNCaGg1RUxTekJOZ2dKVUpoOUlpcjhmNmd2RU51X2NWa2g1U3F5OWxVQTJsczU2bUo4dWF3NDc2eHdKWGdpZXdIdWc?oc=5\" target=\"_blank\" rel=\"noopener\">Tout pour la lumi\u00e8re : ce d\u00e9tail bluffant que vous n\u2019aviez (peut-\u00eatre) pas remarqu\u00e9 dans le d\u00e9cor<\/a>&nbsp;&nbsp;Yahoo Actualit\u00e9s<\/li>\n<\/ol>\n","protected":false},"excerpt":{"rendered":"Avant-premi\u00e8re &#8211; Tout pour la lumi\u00e8re du jeudi 26 juin 2025 &#8211; Episode 9&nbsp;&nbsp;TF1+ Tout pour la lumi\u00e8re&hellip;\n","protected":false},"author":2,"featured_media":203652,"comment_status":"","ping_status":"","sticky":false,"template":"","format":"standard","meta":{"footnotes":""},"categories":[1356],"tags":[58,59,1365,31167,1011,27,31171,252,31169,31168,1364,31172,31170],"class_list":{"0":"post-203651","1":"post","2":"type-post","3":"status-publish","4":"format-standard","5":"has-post-thumbnail","7":"category-television","8":"tag-divertissement","9":"tag-entertainment","10":"tag-episode","11":"tag-episode-tout-pour-la-lumiere","12":"tag-fr","13":"tag-france","14":"tag-streaming-tout-pour-la-lumiere","15":"tag-television","16":"tag-tout-pour-la-lumiere","17":"tag-tout-pour-la-lumiere-episode","18":"tag-tv","19":"tag-video-en-streaming-tout-pour-la-lumiere","20":"tag-video-tout-pour-la-lumiere"},"share_on_mastodon":{"url":"https:\/\/pubeurope.com\/@fr\/114744994623988745","error":""},"_links":{"self":[{"href":"https:\/\/www.europesays.com\/fr\/wp-json\/wp\/v2\/posts\/203651","targetHints":{"allow":["GET"]}}],"collection":[{"href":"https:\/\/www.europesays.com\/fr\/wp-json\/wp\/v2\/posts"}],"about":[{"href":"https:\/\/www.europesays.com\/fr\/wp-json\/wp\/v2\/types\/post"}],"author":[{"embeddable":true,"href":"https:\/\/www.europesays.com\/fr\/wp-json\/wp\/v2\/users\/2"}],"replies":[{"embeddable":true,"href":"https:\/\/www.europesays.com\/fr\/wp-json\/wp\/v2\/comments?post=203651"}],"version-history":[{"count":0,"href":"https:\/\/www.europesays.com\/fr\/wp-json\/wp\/v2\/posts\/203651\/revisions"}],"wp:featuredmedia":[{"embeddable":true,"href":"https:\/\/www.europesays.com\/fr\/wp-json\/wp\/v2\/media\/203652"}],"wp:attachment":[{"href":"https:\/\/www.europesays.com\/fr\/wp-json\/wp\/v2\/media?parent=203651"}],"wp:term":[{"taxonomy":"category","embeddable":true,"href":"https:\/\/www.europesays.com\/fr\/wp-json\/wp\/v2\/categories?post=203651"},{"taxonomy":"post_tag","embeddable":true,"href":"https:\/\/www.europesays.com\/fr\/wp-json\/wp\/v2\/tags?post=203651"}],"curies":[{"name":"wp","href":"https:\/\/api.w.org\/{rel}","templated":true}]}}