{"id":203659,"date":"2025-06-25T16:43:14","date_gmt":"2025-06-25T16:43:14","guid":{"rendered":"https:\/\/www.europesays.com\/fr\/203659\/"},"modified":"2025-06-25T16:43:14","modified_gmt":"2025-06-25T16:43:14","slug":"quels-recours-et-quelles-chances-reste-t-il-a-lyon-pour-eviter-la-degringolade","status":"publish","type":"post","link":"https:\/\/www.europesays.com\/fr\/203659\/","title":{"rendered":"Quels recours et quelles chances reste-t-il \u00e0 Lyon pour \u00e9viter la d\u00e9gringolade\u00a0?"},"content":{"rendered":"<p>Hors <a href=\"https:\/\/www.ouest-france.fr\/sport\/football\/olympique-de-marseille\/recit-il-y-a-30-ans-laffaire-va-om-scandale-de-corruption-dans-le-football-francais-73670970-fa0d-11ed-9dad-48744aab688c\" rel=\"nofollow noopener\" target=\"_blank\" class=\"color-ultramarine c-link\">affaire OM-VA<\/a> ayant co\u00fbt\u00e9 une r\u00e9trogradation administrative particuli\u00e8re aux Marseillais en\u00a01994, il faut remonter \u00e0 l\u2019ann\u00e9e\u00a01991 pour trouver trace de la chute d\u2019un club de l\u2019\u00e9lite fran\u00e7ais malgr\u00e9 un maintien sportif assur\u00e9. Cette saison-l\u00e0, il y avait m\u00eame eu un tir group\u00e9 entre Bordeaux (10e), Nice (11e) et Brest (14e), tous sanctionn\u00e9s par la jeune Direction nationale du contr\u00f4le de gestion (<a href=\"https:\/\/www.20minutes.fr\/dossier\/dncg\" class=\"color-ultramarine c-link\" target=\"_blank\" rel=\"noopener\">DNCG<\/a>). C\u2019est dire \u00e0 quel point <a href=\"https:\/\/www.20minutes.fr\/sport\/football\/ligue-1\/4160224-20250624-ol-coup-tonnerre-lyon-retrograde-ligue-2-dncg\" class=\"color-ultramarine c-link\" target=\"_blank\" rel=\"noopener\">la rel\u00e9gation en Ligue 2<\/a> annonc\u00e9e mardi soir par le gendarme financier du football fran\u00e7ais \u00e0 l\u2019encontre de l\u2019<a href=\"https:\/\/www.20minutes.fr\/sport\/ol\/\" class=\"color-ultramarine c-link\" target=\"_blank\" rel=\"noopener\">Olympique Lyonnais<\/a> (6e de Ligue 1 et qualifi\u00e9 en Ligue Europa) est rare.<\/p>\n<p>L\u2019OL n\u2019a eu besoin que de deux heures, sans m\u00eame conna\u00eetre \u00ab\u00a0les motivations\u00a0\u00bb de cette <a href=\"https:\/\/www.20minutes.fr\/sport\/football\/ligue-1\/4160287-20250625-ol-comment-john-textor-peut-encore-trouver-incomprehensible-relegation-club-decidee-dncg\" class=\"color-ultramarine c-link\" target=\"_blank\" rel=\"noopener\">d\u00e9cision \u00ab\u00a0incompr\u00e9hensible\u00a0\u00bb de la DNCG<\/a>, pour annoncer qu\u2019il fera appel de la sanction. Mais aupr\u00e8s de qui au juste, et \u00e0 quelle \u00e9ch\u00e9ance, alors que la premi\u00e8re journ\u00e9e de Ligue 1 en 2025-2026 est programm\u00e9e du 15 au 17\u00a0ao\u00fbt\u00a0? L\u2019appel va se faire aupr\u00e8s de la commission d\u2019appel de la DNCG, qui ne d\u00e9pend pas de la <a href=\"https:\/\/www.20minutes.fr\/sport\/lfp\/\" class=\"color-ultramarine c-link\" target=\"_blank\" rel=\"noopener\">LFP<\/a> mais de la <a href=\"https:\/\/www.20minutes.fr\/sport\/fff\/\" class=\"color-ultramarine c-link\" target=\"_blank\" rel=\"noopener\">FFF<\/a>. L\u2019OL aura sept jours, une fois apr\u00e8s avoir re\u00e7u la notification de la d\u00e9cision de la DNCG (sans doute jeudi ou vendredi), pour officialiser son appel.<\/p>\n<\/p>\n<p>\u00ab\u00a0De nouveaux \u00e9l\u00e9ments possibles\u00a0\u00bb en appel<\/p>\n<p>Entre le 4 et 11\u00a0juillet, afin de respecter la tenue du calendrier des saisons de L1 et L2, cette commission se r\u00e9unira donc \u00e0 Paris avec <a href=\"https:\/\/www.20minutes.fr\/sport\/john-textor\/\" class=\"color-ultramarine c-link\" target=\"_blank\" rel=\"noopener\">John Textor<\/a> et les dirigeants lyonnais. Mais comment pourraient-ils obtenir gain de cause en maximum deux semaines alors qu\u2019ils avaient sept mois de pr\u00e9paration pour lever la \u00ab\u00a0r\u00e9trogradation \u00e0 titre conservatoire\u00a0\u00bb du 15\u00a0novembre et qu\u2019ils ont \u00e9chou\u00e9 mardi\u00a0? \u00ab\u00a0Le club aura le droit d\u2019amener de nouveaux \u00e9l\u00e9ments afin de convaincre la commission d\u2019appel\u00a0\u00bb, explique Me Jean-Christophe Breillat, avocat sp\u00e9cialis\u00e9 en droit du sport.<\/p>\n<p>Comprendre que courant juillet, la vente des <a href=\"https:\/\/www.20minutes.fr\/sport\/football\/ligue-1\/4160028-20250623-ol-john-textor-revend-parts-crystal-palace-juste-avant-passage-devant-dncg\" class=\"color-ultramarine c-link\" target=\"_blank\" rel=\"noopener\">parts de John Textor \u00e0 Crystal Palace<\/a> (pour plus de 200\u00a0millions d\u2019euros), confirm\u00e9e seulement lundi par le club londonien et en cours de validation par la <a href=\"https:\/\/www.20minutes.fr\/sport\/premier_league\/\" class=\"color-ultramarine c-link\" target=\"_blank\" rel=\"noopener\">Premier League<\/a>, pourrait devenir bien plus concr\u00e8te. Pas du luxe vu comme les comptes de l\u2019OL ont besoin d\u2019argent frais, depuis la demande en janvier de 175 M\u20ac de la part de la DNCG. \u00ab\u00a0De m\u00eame, au lieu d\u2019annoncer qu\u2019il ne r\u00e9injectera que 40 M\u20ac de ce montant dans l\u2019OL car il cherche dans le m\u00eame temps \u00e0 racheter un autre club anglais, peut-\u00eatre que Textor acceptera cette fois de mettre au moins 80 M\u20ac vu ce que risque d\u00e9sormais Lyon\u00a0\u00bb, souffle un habitu\u00e9 des instances souhaitant rester anonyme.<\/p>\n<p><img decoding=\"async\" alt=\"John Textor, ici lors de la d\u00e9faite de l'OL \u00e0 Monaco (2-0), le 10 mai, qui avait ruin\u00e9 les espoirs lyonnais de Ligue des champions.\" class=\"c-img\" loading=\"lazy\" fetchpriority=\"auto\" width=\"718\"  src=\"https:\/\/img.20mn.fr\/ilbX4xFnTFOl-UjhK734vSk\/718x0\" \/>John Textor, ici lors de la d\u00e9faite de l&rsquo;OL \u00e0 Monaco (2-0), le 10 mai, qui avait ruin\u00e9 les espoirs lyonnais de Ligue des champions.\u2002-\u00a0C. Mahoudeau \/ AFPLe CNOSF avait souri \u00e0 G\u00e9rard Lopez en\u00a02022<\/p>\n<p>Cette commission d\u2019appel de la DNCG f\u00e9d\u00e9rale livrera sa d\u00e9cision le soir m\u00eame ou le lendemain matin. Si celle-ci maintient la d\u00e9cision initiale d\u2019une rel\u00e9gation en Ligue 2, l\u2019OL pourra solliciter un autre recours aupr\u00e8s du Comit\u00e9 national olympique du sport fran\u00e7ais (CNOSF). Celui-ci pourrait prendre jusqu\u2019\u00e0 deux semaines suppl\u00e9mentaires.<\/p>\n<p>\u00ab\u00a0L\u00e0, il n\u2019est en principe pas possible d\u2019amener de nouveaux \u00e9l\u00e9ments\u00a0\u00bb, pr\u00e9cise Me Breillat, en poste au Centre de droit et d\u2019\u00e9conomie du sport (CDES) \u00e0 Limoges. M\u00eame si c\u2019est via une conciliation du <a href=\"https:\/\/www.20minutes.fr\/dossier\/cnosf\" class=\"color-ultramarine c-link\" target=\"_blank\" rel=\"noopener\">CNOSF<\/a> que l\u2019<a href=\"https:\/\/www.20minutes.fr\/sport\/ogc_nice\/\" class=\"color-ultramarine c-link\" target=\"_blank\" rel=\"noopener\">OGC Nice<\/a> (Ligue 1 en\u00a02002), le RC Lens (Ligue 1 en\u00a02014) ou plus r\u00e9cemment les Girondins de Bordeaux de <a href=\"https:\/\/www.20minutes.fr\/sport\/gerard-lopez\/\" class=\"color-ultramarine c-link\" target=\"_blank\" rel=\"noopener\">G\u00e9rard Lopez<\/a> (Ligue 2 en\u00a02022) s\u2019\u00e9taient sauv\u00e9s, ce recours reste encore plus incertain que la commission d\u2019appel de la DNCG.<\/p>\n<p>Enfin, l\u2019OL pourrait se tourner en dernier recours vers le tribunal administratif de Paris, ce qui serait encore plus mauvais signe pour un hypoth\u00e9tique maintien dans l\u2019\u00e9lite, d\u2019autant plus que les championnats seraient logiquement en train de reprendre \u00e0 ce moment-l\u00e0. Mais, selon un sp\u00e9cialiste de ce type de recours dans le football fran\u00e7ais, le feuilleton estival lyonnais n\u2019aura pas besoin d\u2019aller jusque-l\u00e0.<\/p>\n<p>\u00ab\u00a0Davantage une d\u00e9cision politique que financi\u00e8re\u00a0\u00bb<\/p>\n<p>\u00ab\u00a0La DNCG a voulu se faire Textor, assure ce dernier. Elle a gard\u00e9 en travers de la gorge le fait que malgr\u00e9 l\u2019interdiction de recrutement l\u2019hiver dernier contre l\u2019OL, il avait profit\u00e9 de son mod\u00e8le de multipropri\u00e9t\u00e9 pour se faire pr\u00eater Thiago Almada. Entre \u00e7a et ses annonces de ventes potentielles de joueurs de Botafogo qui profiteraient \u00e0 l\u2019OL, \u00e7a ne pouvait qu\u2019\u00e9nerver la DNCG. C\u2019est davantage une d\u00e9cision politique que financi\u00e8re et il est \u00e9vident que Lyon sera maintenu en appel.\u00a0\u00bb<\/p>\n<p><img decoding=\"async\" alt=\"Des banderoles visant John Textor ont envahi la r\u00e9gion lyonnaise depuis mardi soir, en raison de la rel\u00e9gation en Ligue 2 prononc\u00e9e contre l'OL par la DNCG. \" class=\"c-img\" loading=\"lazy\" fetchpriority=\"auto\" width=\"718\"  src=\"https:\/\/img.20mn.fr\/inwNQ1mqQtyW8-WSaAcxpik\/718x0-0.09999999999998899x4.002343750000003-99.9\" \/>Des banderoles visant John Textor ont envahi la r\u00e9gion lyonnaise depuis mardi soir, en raison de la rel\u00e9gation en Ligue 2 prononc\u00e9e contre l&rsquo;OL par la DNCG. \u2002-\u00a0O. Chassignole \/ AFP<\/p>\n<p>Tr\u00e8s remont\u00e9s contre un John Textor plus que jamais fragilis\u00e9 depuis mardi aux yeux du fonds d\u2019investissement Ares,<a href=\"https:\/\/www.20minutes.fr\/sport\/football\/ligue-1\/4160280-20250625-ol-textor-dehors-guerre-declaree-supporteurs-reclament-tete-proprietaire-americain\" class=\"color-ultramarine c-link\" target=\"_blank\" rel=\"noopener\"> les supporteurs de l\u2019OL<\/a> devraient croiser les doigts pour pareille issue le mois prochain. Dans le cas contraire, Lyon d\u00e9butera sa premi\u00e8re saison de Ligue 2 depuis 1988-1989, \u00e0 moins d\u2019une chute encore plus d\u00e9sastreuse que tant de suiveurs redoutent.<\/p>\n<p>La Ligue Europa \u00e9galement en danger<\/p>\n<p>Seizi\u00e8me de Ligue 1 et rel\u00e9gu\u00e9 en barrages, le <a href=\"https:\/\/www.20minutes.fr\/sport\/stade_de_reims\/\" class=\"color-ultramarine c-link\" target=\"_blank\" rel=\"noopener\">Stade de Reims<\/a> de Jean-Pierre Caillot pourrait en profiter pour r\u00e9int\u00e9grer l\u2019\u00e9lite, si son d\u00e9ficit estim\u00e9 \u00e0 15\u00a0millions d\u2019euros ne le bloque pas devant la DNCG. Sinon, c\u2019est\u2026 l\u2019ASSE (17e de L1) qui pourrait prendre la place de son rival historique. Ce comble de la lose pour les supporteurs lyonnais pourrait s\u2019accompagner d\u2019une annulation de sa participation \u00e0 la Ligue Europa.<\/p>\n<p><a href=\"https:\/\/www.20minutes.fr\/sport\/ol\/\" class=\"c-link c-btn c-btn--primary\" target=\"_blank\" rel=\"noopener\">Notre dossier sur l&rsquo;OL<\/a><\/p>\n<p><a href=\"https:\/\/www.lequipe.fr\/Football\/Article\/En-cas-de-relegation-en-ligue-2-l-avenir-europeen-de-l-ol-deviendrait-tres-incertain\/1572825\" rel=\"nofollow noopener\" target=\"_blank\" class=\"color-ultramarine c-link\">L\u2019Equipe <\/a>indique ainsi qu\u2019au vu de son alarmante situation financi\u00e8re, l\u2019OL doit signer avec l\u2019<a href=\"https:\/\/www.20minutes.fr\/sport\/uefa\/\" class=\"color-ultramarine c-link\" target=\"_blank\" rel=\"noopener\">UEFA<\/a> un \u00ab\u00a0accord n\u00e9goci\u00e9\u00a0\u00bb pr\u00e9voyant des sanctions pour valider sa place en C3. Une possibilit\u00e9 qui s\u2019\u00e9loignerait sans doute en cas de r\u00e9trogradation administrative en Ligue 2. Cette fois, un tel sc\u00e9nario b\u00e9n\u00e9ficierait \u00e0 <a href=\"https:\/\/www.20minutes.fr\/sport\/football\/ligue-1\/4149143-20250419-ligue-1-droit-vibrer-saison-folie-rc-strasbourg-malgre-multipropriete-blueco\" class=\"color-ultramarine c-link\" target=\"_blank\" rel=\"noopener\">Strasbourg<\/a> (d\u2019un barrage de C4 aux poules de C3) et\u2026 au RC Lens de <a href=\"https:\/\/www.20minutes.fr\/sport\/football\/ligue-1\/4135880-20250128-ligue-1-decision-incomprehensible-comment-john-textor-pu-limoger-pierre-sage-ol\" class=\"color-ultramarine c-link\" target=\"_blank\" rel=\"noopener\">Pierre Sage<\/a> (8e de Ligue 1 et dans ce cas qualifi\u00e9 en Ligue Conf\u00e9rence). Le karma, Johnny\u2026<\/p>\n","protected":false},"excerpt":{"rendered":"Hors affaire OM-VA ayant co\u00fbt\u00e9 une r\u00e9trogradation administrative particuli\u00e8re aux Marseillais en\u00a01994, il faut remonter \u00e0 l\u2019ann\u00e9e\u00a01991 pour&hellip;\n","protected":false},"author":2,"featured_media":203660,"comment_status":"","ping_status":"","sticky":false,"template":"","format":"standard","meta":{"footnotes":""},"categories":[9],"tags":[2430,21403,19747,63,1011,27,12428,66,446,5843,2428,2853,2429,2431,517,60],"class_list":{"0":"post-203659","1":"post","2":"type-post","3":"status-publish","4":"format-standard","5":"has-post-thumbnail","7":"category-sports","8":"tag-auvergne-rhone-alpes","9":"tag-cnosf","10":"tag-dncg","11":"tag-football","12":"tag-fr","13":"tag-france","14":"tag-john-textor","15":"tag-ligue-1","16":"tag-ligue-2","17":"tag-ligue-europa","18":"tag-lyon","19":"tag-olympique-lyonnais-ol","20":"tag-rhone","21":"tag-rhone-alpes","22":"tag-sport","23":"tag-sports"},"share_on_mastodon":{"url":"https:\/\/pubeurope.com\/@fr\/114745010029250839","error":""},"_links":{"self":[{"href":"https:\/\/www.europesays.com\/fr\/wp-json\/wp\/v2\/posts\/203659","targetHints":{"allow":["GET"]}}],"collection":[{"href":"https:\/\/www.europesays.com\/fr\/wp-json\/wp\/v2\/posts"}],"about":[{"href":"https:\/\/www.europesays.com\/fr\/wp-json\/wp\/v2\/types\/post"}],"author":[{"embeddable":true,"href":"https:\/\/www.europesays.com\/fr\/wp-json\/wp\/v2\/users\/2"}],"replies":[{"embeddable":true,"href":"https:\/\/www.europesays.com\/fr\/wp-json\/wp\/v2\/comments?post=203659"}],"version-history":[{"count":0,"href":"https:\/\/www.europesays.com\/fr\/wp-json\/wp\/v2\/posts\/203659\/revisions"}],"wp:featuredmedia":[{"embeddable":true,"href":"https:\/\/www.europesays.com\/fr\/wp-json\/wp\/v2\/media\/203660"}],"wp:attachment":[{"href":"https:\/\/www.europesays.com\/fr\/wp-json\/wp\/v2\/media?parent=203659"}],"wp:term":[{"taxonomy":"category","embeddable":true,"href":"https:\/\/www.europesays.com\/fr\/wp-json\/wp\/v2\/categories?post=203659"},{"taxonomy":"post_tag","embeddable":true,"href":"https:\/\/www.europesays.com\/fr\/wp-json\/wp\/v2\/tags?post=203659"}],"curies":[{"name":"wp","href":"https:\/\/api.w.org\/{rel}","templated":true}]}}