{"id":203663,"date":"2025-06-25T16:45:07","date_gmt":"2025-06-25T16:45:07","guid":{"rendered":"https:\/\/www.europesays.com\/fr\/203663\/"},"modified":"2025-06-25T16:45:07","modified_gmt":"2025-06-25T16:45:07","slug":"le-telescope-james-webb-decouvre-sa-premiere-exoplanete-identifiee-comme-une-petite-planete-froide-le-monde-fr","status":"publish","type":"post","link":"https:\/\/www.europesays.com\/fr\/203663\/","title":{"rendered":"Le t\u00e9lescope James-Webb d\u00e9couvre sa premi\u00e8re exoplan\u00e8te, identifi\u00e9e comme une petite plan\u00e8te froide &#8211; Le Monde.fr"},"content":{"rendered":"<ol>\n<li><a href=\"https:\/\/news.google.com\/rss\/articles\/CBMi_wFBVV95cUxQa3NNU19JN09Ja0tval9vSmY3dWlyRkFNQWJObjVQbFpoek1xTnZsT09Rb1hLc0pVRy02V1hzNUVPZUExc2UxOHZVbkd1YlZ5N0NMQUZwdEdZSmJydzU5dTBDRDFxcDVTMVhjajR0c3hOZUlLdzFXUVNOU1VJR1VvNUd4M294RFpMeDNkcTFJcTBsV25MMTRPYkxvRDEwRExsbm5lYzRwTjVOWjR1QjNNYTdtb1VhMlNvWTMzQjEzbmZHQ3ItV0JTXzZ2SjF3d1pZWWgtSlVwUjh5aGEzTUx6RFpEYmhOcC0zWnpNMm4tbUpFbFVfdkplYnpYaEN2V0E?oc=5\" target=\"_blank\" rel=\"nofollow noopener\">Le t\u00e9lescope James-Webb d\u00e9couvre sa premi\u00e8re exoplan\u00e8te, identifi\u00e9e comme une petite plan\u00e8te froide<\/a>&nbsp;&nbsp;Le Monde.fr<\/li>\n<li><a href=\"https:\/\/news.google.com\/rss\/articles\/CBMiwAFBVV95cUxPMUJua3k0bW1KdmJsdkxCOUtQWF9QZko5OXVIeWdPdVlSaWE2R0pNOXo4U2ZfZlhfenR6enlDRmZoX3NJcF9DVmtoRFdLX3dMY3JuOUV6WXVPdHBTXzU2Zm5fdlBuLXRYXzR2UnF3UjEyc3lVTE91QnM4V2EwQnN5azI0QkJTQnRxX09JQnQ3dTBHaWlVWF9XNHJKa0RwaFF5Z0NCdTZxSmFuczBmX3Q5R3dJSHZ5ajNkZTUwY3IwUW0?oc=5\" target=\"_blank\" rel=\"nofollow noopener\">Le t\u00e9lescope spatial James Webb d\u00e9couvre sa premi\u00e8re exoplan\u00e8te, encore au berceau<\/a>&nbsp;&nbsp;Le Figaro<\/li>\n<li><a href=\"https:\/\/news.google.com\/rss\/articles\/CBMi1AFBVV95cUxPNUMxbjlXdVNxNEVLOVYtRjRJSmNaRk9MblcwZHZmTWprdjZ2Z01iaXdWcC12RjI4WHdMV1llYlhSMWNRSXFrajM3QUEyd05UQU1tNTRUQWFlNm8tcExialVvRThjUi04eVpaRnlUaER1Y0ZpT3FqTlpqSVZtczZsNXVoVzE5d1V0b0pBTGwtNzZNRVQ2WlAtQkxtamE5ejdlaTRCRXVSa1NOelItQmFQemNvb29UYWpXU1VpLTFwU1l4eURXR3AtV2hlakhrQzNQalZtTw?oc=5\" target=\"_blank\" rel=\"nofollow noopener\">Le t\u00e9lescope James-Webb photographie sa premi\u00e8re exoplan\u00e8te<\/a>&nbsp;&nbsp;Lib\u00e9ration<\/li>\n<li><a href=\"https:\/\/news.google.com\/rss\/articles\/CBMi6wFBVV95cUxOZDd3MmxlU3FDNVpXTGdfbDlFd0ZSaUFKWUJfMHdxOTBCZ3ZUeUdqYTdGdWV5QUZqamZyX2FBWnN1bmFmV2l2ZFlQcDFBRVplZkxwRWVMd2YzV0V4eXZ4LTdTMDVVS2ExaTNRUmVxX1N3bGlzeElGc3lZWEw0TUZYczlJV0NpV3hNTEt6NWZWNGc0RTNzeVlQcXpwQkN0NW9VMVpuZUx1c2FmQVBBS2h0V3Jjdy1PZGRfZml4UFlQMGk5cUJ5Q3ZCYmZ1NTFPbmpEQm9HRkR0SjczdnQ0OERXV0tOZTNiSUFUNE9F?oc=5\" target=\"_blank\" rel=\"nofollow noopener\">Le t\u00e9lescope James Webb pourra-t-il d\u00e9tecter des signes de vie extraterrestre ?<\/a>&nbsp;&nbsp;Science et vie<\/li>\n<li><a href=\"https:\/\/news.google.com\/rss\/articles\/CBMiugFBVV95cUxQT3VuY3RKc1hqbGMwSFhWZW5Wa0tpM2s1UkFyZkVHeFFYT0xTVXN3cDdLOFNDNmozVTBkcEotYXR5NUpUaFBtYjNlTlRGd1NDcWFVbTlDNXJ1TkI5SHlIYnRFVjktTm9jME9Cbm9sc01kTXFPVXViYXd3cy1na2dHemZVNUtwLXFXalctUVJwRktxX2JTdkpaSzR0eDlLcFhDNHUwR3ItWTFOVS05LXlzUGdnbTlVQkd3WXc?oc=5\" target=\"_blank\" rel=\"nofollow noopener\">Le t\u00e9lescope spatial James Webb d\u00e9couvre sa premi\u00e8re exoplan\u00e8te<\/a>&nbsp;&nbsp;Sciences et Avenir<\/li>\n<\/ol>\n","protected":false},"excerpt":{"rendered":"Le t\u00e9lescope James-Webb d\u00e9couvre sa premi\u00e8re exoplan\u00e8te, identifi\u00e9e comme une petite plan\u00e8te froide&nbsp;&nbsp;Le Monde.fr Le t\u00e9lescope spatial James&hellip;\n","protected":false},"author":2,"featured_media":1445,"comment_status":"","ping_status":"","sticky":false,"template":"","format":"standard","meta":{"footnotes":""},"categories":[7],"tags":[1011,27,43,40,41,39,42,44],"class_list":{"0":"post-203663","1":"post","2":"type-post","3":"status-publish","4":"format-standard","5":"has-post-thumbnail","7":"category-sciences-et-technologies","8":"tag-fr","9":"tag-france","10":"tag-science","11":"tag-science-and-technology","12":"tag-sciences","13":"tag-sciences-et-technologies","14":"tag-technologies","15":"tag-technology"},"share_on_mastodon":{"url":"https:\/\/pubeurope.com\/@fr\/114745017865435870","error":""},"_links":{"self":[{"href":"https:\/\/www.europesays.com\/fr\/wp-json\/wp\/v2\/posts\/203663","targetHints":{"allow":["GET"]}}],"collection":[{"href":"https:\/\/www.europesays.com\/fr\/wp-json\/wp\/v2\/posts"}],"about":[{"href":"https:\/\/www.europesays.com\/fr\/wp-json\/wp\/v2\/types\/post"}],"author":[{"embeddable":true,"href":"https:\/\/www.europesays.com\/fr\/wp-json\/wp\/v2\/users\/2"}],"replies":[{"embeddable":true,"href":"https:\/\/www.europesays.com\/fr\/wp-json\/wp\/v2\/comments?post=203663"}],"version-history":[{"count":0,"href":"https:\/\/www.europesays.com\/fr\/wp-json\/wp\/v2\/posts\/203663\/revisions"}],"wp:featuredmedia":[{"embeddable":true,"href":"https:\/\/www.europesays.com\/fr\/wp-json\/wp\/v2\/media\/1445"}],"wp:attachment":[{"href":"https:\/\/www.europesays.com\/fr\/wp-json\/wp\/v2\/media?parent=203663"}],"wp:term":[{"taxonomy":"category","embeddable":true,"href":"https:\/\/www.europesays.com\/fr\/wp-json\/wp\/v2\/categories?post=203663"},{"taxonomy":"post_tag","embeddable":true,"href":"https:\/\/www.europesays.com\/fr\/wp-json\/wp\/v2\/tags?post=203663"}],"curies":[{"name":"wp","href":"https:\/\/api.w.org\/{rel}","templated":true}]}}