{"id":203664,"date":"2025-06-25T16:46:10","date_gmt":"2025-06-25T16:46:10","guid":{"rendered":"https:\/\/www.europesays.com\/fr\/203664\/"},"modified":"2025-06-25T16:46:10","modified_gmt":"2025-06-25T16:46:10","slug":"un-nouveau-coup-dur-pour-leconomie-iranienne-deja-fragilisee-par-les-sanctions-internationales","status":"publish","type":"post","link":"https:\/\/www.europesays.com\/fr\/203664\/","title":{"rendered":"un nouveau coup dur pour l\u2019\u00e9conomie iranienne, d\u00e9j\u00e0 fragilis\u00e9e par les sanctions internationales"},"content":{"rendered":"<p><strong>D\u00c9CRYPTAGE &#8211; <\/strong>Si un fragile cessez-le-feu est entr\u00e9 en vigueur mardi, les frappes isra\u00e9liennes durant les douze jours de conflit ont menac\u00e9 de couper T\u00e9h\u00e9ran de son indispensable manne p\u00e9troli\u00e8re, alors que l\u2019\u00e9conomie du pays est d\u00e9j\u00e0 dans la tourmente.<\/p>\n<p class=\"fig-paragraph\">Jusqu\u2019o\u00f9 peut aller la r\u00e9silience de l\u2019\u00e9conomie iranienne\u00a0? Difficile \u00e0 dire, alors que les cendres commencent tout juste \u00e0 refroidir \u00e0 T\u00e9h\u00e9ran, apr\u00e8s qu\u2019<a href=\"https:\/\/www.lefigaro.fr\/international\/en-direct-guerre-israel-iran-otan-donald-trump-cessez-le-feu-emmanuel-macron-benyamin-netanyahou-la-haye-20250625\" target=\"_blank\" data-fig-type=\"Live\" rel=\"noopener\" data-gtm-custom-categorie=\"navigation\" data-gtm-custom-action=\"crossclick\" data-gtm-custom-label=\"Contextuel\" data-gtm-event=\"customEventSPE\" data-fig-domain=\"LEFIGARO\">un fragile cessez-le-feu<\/a>\u00a0est entr\u00e9 en vigueur mardi. Pendant les douze jours de ce conflit ouvert entre Isra\u00ebl et l\u2019Iran, plusieurs sites de production p\u00e9troli\u00e8re, des pipelines, des raffineries et des terminaux d\u2019exportation ont \u00e9t\u00e9 durement frapp\u00e9s, mettant en danger\u00a0<a href=\"http:\/\/www.lefigaro.fr\/conjoncture\/personne-ne-souhaite-un-blocage-pourquoi-les-prix-du-petrole-se-stabilisent-malgre-l-escalade-au-moyen-orient-20250623\" target=\"_blank\" data-fig-type=\"Article\" rel=\"noopener\" data-gtm-custom-categorie=\"navigation\" data-gtm-custom-action=\"crossclick\" data-gtm-custom-label=\"Contextuel\" data-gtm-event=\"customEventSPE\" data-fig-domain=\"LEFIGARO\">la principale ressource financi\u00e8re de la R\u00e9publique islamique<\/a>. \u00abCes actifs repr\u00e9sentent des d\u00e9cennies d\u2019investissement, ils sont les fondements de la survie \u00e9conomique du pays\u00bb, souligne Sara Bazoobandi, chercheuse \u00e0 l\u2019Institut de s\u00e9curit\u00e9 de Kiel (Allemagne) et associ\u00e9e au German Institute for Global and Area Studies (GIGA).<\/p>\n<p class=\"fig-paragraph\">L\u2019\u00e9conomie iranienne, d\u00e9j\u00e0 mal en point, n\u2019avait pas besoin de cela. Les pr\u00e9visions de croissance du PIB pour cette ann\u00e9e se sont effondr\u00e9es \u00e0 0,3 %, bien loin des 3,5 % enregistr\u00e9s l\u2019an pass\u00e9, selon le FMI. En particulier, le PIB nominal exprim\u00e9 en dollars plonge. Il passera de 401 milliards de dollars en 2024 \u00e0 341 milliards en 2025, en raison de la chute vertigineuse du rial (-30% en dix ans). De quoi amplifier la crise du pouvoir d\u2019achat dans un pays o\u00f9 les importations repr\u00e9sentent plus de 10% du PIB, d\u2019apr\u00e8s la soci\u00e9t\u00e9 d\u2019assurance cr\u00e9dit Coface<\/p>\n<p class=\"fig-premium-paywall__infos\">\n        Cet article est r\u00e9serv\u00e9 aux abonn\u00e9s.        Il vous reste 81% \u00e0 d\u00e9couvrir.\n    <\/p>\n<p>                <img  data- alt=\"Le Figaro\" class=\"fig-img--complete fig-img\"\/><\/p>\n<p class=\"fig-premium-paywall__title\">Vente Flash<\/p>\n<p class=\"fig-premium-paywall__subtitle\">3,99\u20ac par mois pendant 12 mois. Sans engagement.<\/p>\n<p class=\"fig-premium-paywall__connect\">\n                D\u00e9j\u00e0 abonn\u00e9\u00a0?                <a class=\"fig-premium-paywall__connect-link\" href=\"https:\/\/connect.lefigaro.fr\/login?client=horizon_web&amp;type=main&amp;redirect_uri=https%3A%2F%2Fwww.lefigaro.fr%2Fconjoncture%2Fguerre-israel-iran-un-nouveau-coup-dur-pour-l-economie-iranienne-deja-fragilisee-par-les-sanctions-internationales-20250625\" data-js-gtm=\"{&quot;customCategorie&quot;: &quot;conversion&quot;, &quot;customAction&quot;: &quot;before_Landing_Connexion_paywall_manuel&quot;, &quot;customLabel&quot;: &quot;bGVmaWdhcm8uZnJfXzFmMDUwZTdkLTJmNWUtNjk2ZS05MTBmLWYzMDE0MWI4N2Q0MV9fQXJ0aWNsZQ==_Guerre Isra\u00ebl-Iran\u00a0: un nouveau coup dur pour l\u2019\u00e9conomie iranienne, d\u00e9j\u00e0 fragilis\u00e9e par les sanctions internationales_557&quot;, &quot;customIDSPE&quot;: &quot;bGVmaWdhcm8uZnJfXzFmMDUwZTdkLTJmNWUtNjk2ZS05MTBmLWYzMDE0MWI4N2Q0MV9fQXJ0aWNsZQ==&quot;, &quot;event&quot;: &quot;customEventSPE&quot;}\" target=\"_blank\" rel=\"noopener\"><br \/>\n                    Connectez-vous<br \/>\n                <\/a>\n            <\/p>\n","protected":false},"excerpt":{"rendered":"D\u00c9CRYPTAGE &#8211; Si un fragile cessez-le-feu est entr\u00e9 en vigueur mardi, les frappes isra\u00e9liennes durant les douze jours&hellip;\n","protected":false},"author":2,"featured_media":203665,"comment_status":"","ping_status":"","sticky":false,"template":"","format":"standard","meta":{"footnotes":""},"categories":[6],"tags":[339,340,35,343,345,350,130,344,352,349,33,34,341,313,1011,27,346,342,3019,664,353,351,347,348,354],"class_list":{"0":"post-203664","1":"post","2":"type-post","3":"status-publish","4":"format-standard","5":"has-post-thumbnail","7":"category-economie","8":"tag-actualite-economique","9":"tag-bourse","10":"tag-business","11":"tag-cac-40","12":"tag-chef-dentreprise","13":"tag-concurrence","14":"tag-consommation","15":"tag-creation-dentreprise","16":"tag-crise","17":"tag-delocalisations","18":"tag-economie","19":"tag-economy","20":"tag-emploi","21":"tag-entreprises","22":"tag-fr","23":"tag-france","24":"tag-grands-patrons","25":"tag-impots","26":"tag-iran","27":"tag-israel","28":"tag-licenciements","29":"tag-monopole","30":"tag-multinationales","31":"tag-privatisation","32":"tag-unio"},"share_on_mastodon":{"url":"https:\/\/pubeurope.com\/@fr\/114745021792623235","error":""},"_links":{"self":[{"href":"https:\/\/www.europesays.com\/fr\/wp-json\/wp\/v2\/posts\/203664","targetHints":{"allow":["GET"]}}],"collection":[{"href":"https:\/\/www.europesays.com\/fr\/wp-json\/wp\/v2\/posts"}],"about":[{"href":"https:\/\/www.europesays.com\/fr\/wp-json\/wp\/v2\/types\/post"}],"author":[{"embeddable":true,"href":"https:\/\/www.europesays.com\/fr\/wp-json\/wp\/v2\/users\/2"}],"replies":[{"embeddable":true,"href":"https:\/\/www.europesays.com\/fr\/wp-json\/wp\/v2\/comments?post=203664"}],"version-history":[{"count":0,"href":"https:\/\/www.europesays.com\/fr\/wp-json\/wp\/v2\/posts\/203664\/revisions"}],"wp:featuredmedia":[{"embeddable":true,"href":"https:\/\/www.europesays.com\/fr\/wp-json\/wp\/v2\/media\/203665"}],"wp:attachment":[{"href":"https:\/\/www.europesays.com\/fr\/wp-json\/wp\/v2\/media?parent=203664"}],"wp:term":[{"taxonomy":"category","embeddable":true,"href":"https:\/\/www.europesays.com\/fr\/wp-json\/wp\/v2\/categories?post=203664"},{"taxonomy":"post_tag","embeddable":true,"href":"https:\/\/www.europesays.com\/fr\/wp-json\/wp\/v2\/tags?post=203664"}],"curies":[{"name":"wp","href":"https:\/\/api.w.org\/{rel}","templated":true}]}}