{"id":203668,"date":"2025-06-25T16:48:11","date_gmt":"2025-06-25T16:48:11","guid":{"rendered":"https:\/\/www.europesays.com\/fr\/203668\/"},"modified":"2025-06-25T16:48:11","modified_gmt":"2025-06-25T16:48:11","slug":"orages-violents-en-approche-ce-mercredi-soir-les-alpes-maritimes-en-vigilance-jaune-57-departements-en-alerte-orange","status":"publish","type":"post","link":"https:\/\/www.europesays.com\/fr\/203668\/","title":{"rendered":"Orages violents en approche ce mercredi soir: les Alpes-Maritimes en vigilance jaune, 57 d\u00e9partements en alerte orange"},"content":{"rendered":"<p>Le temps se d\u00e9grade s\u00e9rieusement ce mercredi 25 juin. Une vague d&rsquo;orages violents va balayer une grande partie du pays. M\u00e9t\u00e9o France a plac\u00e9 57 d\u00e9partements en vigilance orange pour orages. <strong>En r\u00e9gion PACA, les Alpes-Maritimes et\u00a0les Hautes-Alpes sont class\u00e9 en alerte jaune.<\/strong><\/p>\n<p>Une d\u00e9gradation dans la soir\u00e9e<\/p>\n<p data-start=\"1035\" data-end=\"1467\">Selon le dernier bulletin de M\u00e9t\u00e9o France, une\u00a0franche d\u00e9gradation orageuse est attendue d\u00e8s la fin d&rsquo;apr\u00e8s-midi, avec un pic d\u2019activit\u00e9 en soir\u00e9e. Ces orages devraient remonter du Sud-Ouest et du Centre-Est pour toucher progressivement les zones plus au nord. Sur une large partie du pays, les cellules orageuses s\u2019annoncent localement violentes.<\/p>\n<p data-start=\"1469\" data-end=\"1610\">\u00c0 22 heures, une extension de la vigilance orange \u00ab\u00a0orages\u00a0\u00bb \u00e0 sept d\u00e9partements suppl\u00e9mentaires du nord et du nord-est est \u00e9galement annonc\u00e9e.<\/p>\n<p data-start=\"1469\" data-end=\"1610\">Fortes chaleurs persistantes<\/p>\n<p data-start=\"1676\" data-end=\"2077\">La chaleur reste largement pr\u00e9sente sur l\u2019ensemble du territoire, avec des temp\u00e9ratures particuli\u00e8rement \u00e9lev\u00e9es dans la vall\u00e9e du Rh\u00f4ne et dans certaines zones du Sud-Est. Si le Var n&rsquo;est pas concern\u00e9 par l\u2019alerte canicule pour l\u2019instant, <strong>les temp\u00e9ratures ont fr\u00f4l\u00e9 les 35\u00b0C dans l\u2019arri\u00e8re-pays ce mercredi apr\u00e8s-midi.<\/strong><\/p>\n<p data-start=\"2079\" data-end=\"2352\">Deux d\u00e9partements restent plac\u00e9s en vigilance orange canicule: le Rh\u00f4ne et l\u2019Is\u00e8re. \u00c0 Lyon et Grenoble, les temp\u00e9ratures ont atteint 38 et 37\u00b0C dans la journ\u00e9e. La nuit prochaine s\u2019annonce tropicale dans ces agglom\u00e9rations, avec des temp\u00e9ratures comprises entre 24 et 25\u00b0C.<\/p>\n<p data-start=\"2389\" data-end=\"2662\">Bonne nouvelle toutefois: les services m\u00e9t\u00e9orologiques annoncent une nette baisse des temp\u00e9ratures d\u00e8s demain. Les maximales devraient repasser sous les 30\u00b0C dans la plupart des zones, \u00e0 l\u2019exception du Centre-Est o\u00f9 la chaleur persistera encore.<\/p>\n","protected":false},"excerpt":{"rendered":"Le temps se d\u00e9grade s\u00e9rieusement ce mercredi 25 juin. Une vague d&rsquo;orages violents va balayer une grande partie&hellip;\n","protected":false},"author":2,"featured_media":203669,"comment_status":"","ping_status":"","sticky":false,"template":"","format":"standard","meta":{"footnotes":""},"categories":[4],"tags":[11,1011,27,2487,12,25],"class_list":{"0":"post-203668","1":"post","2":"type-post","3":"status-publish","4":"format-standard","5":"has-post-thumbnail","7":"category-france","8":"tag-actualites","9":"tag-fr","10":"tag-france","11":"tag-meteo","12":"tag-news","13":"tag-republique-francaise"},"share_on_mastodon":{"url":"https:\/\/pubeurope.com\/@fr\/114745029623146865","error":""},"_links":{"self":[{"href":"https:\/\/www.europesays.com\/fr\/wp-json\/wp\/v2\/posts\/203668","targetHints":{"allow":["GET"]}}],"collection":[{"href":"https:\/\/www.europesays.com\/fr\/wp-json\/wp\/v2\/posts"}],"about":[{"href":"https:\/\/www.europesays.com\/fr\/wp-json\/wp\/v2\/types\/post"}],"author":[{"embeddable":true,"href":"https:\/\/www.europesays.com\/fr\/wp-json\/wp\/v2\/users\/2"}],"replies":[{"embeddable":true,"href":"https:\/\/www.europesays.com\/fr\/wp-json\/wp\/v2\/comments?post=203668"}],"version-history":[{"count":0,"href":"https:\/\/www.europesays.com\/fr\/wp-json\/wp\/v2\/posts\/203668\/revisions"}],"wp:featuredmedia":[{"embeddable":true,"href":"https:\/\/www.europesays.com\/fr\/wp-json\/wp\/v2\/media\/203669"}],"wp:attachment":[{"href":"https:\/\/www.europesays.com\/fr\/wp-json\/wp\/v2\/media?parent=203668"}],"wp:term":[{"taxonomy":"category","embeddable":true,"href":"https:\/\/www.europesays.com\/fr\/wp-json\/wp\/v2\/categories?post=203668"},{"taxonomy":"post_tag","embeddable":true,"href":"https:\/\/www.europesays.com\/fr\/wp-json\/wp\/v2\/tags?post=203668"}],"curies":[{"name":"wp","href":"https:\/\/api.w.org\/{rel}","templated":true}]}}