{"id":203676,"date":"2025-06-25T16:52:15","date_gmt":"2025-06-25T16:52:15","guid":{"rendered":"https:\/\/www.europesays.com\/fr\/203676\/"},"modified":"2025-06-25T16:52:15","modified_gmt":"2025-06-25T16:52:15","slug":"il-tente-de-saisir-larme-dun-policier","status":"publish","type":"post","link":"https:\/\/www.europesays.com\/fr\/203676\/","title":{"rendered":"il tente de saisir l\u2019arme d\u2019un policier"},"content":{"rendered":"<p>Chaude soir\u00e9e, lundi, du c\u00f4t\u00e9 de la rue de la R\u00e9publique, \u00e0 Nancy. Il est 22\u00a0h\u00a040 lorsque la police est sollicit\u00e9e pour un tapage nocturne. En effet, la musique provenant d\u2019un appartement profite \u00e0 tout le quartier.<\/p>\n<p>Ce contenu est bloqu\u00e9 car vous n&rsquo;avez pas accept\u00e9 les cookies et autres traceurs.<\/p>\n<p>En cliquant sur \u00ab J\u2019accepte \u00bb, les cookies et autres traceurs seront d\u00e9pos\u00e9s et vous pourrez visualiser les contenus  (<a href=\"\" class=\"consentModule_policy\" target=\"_blank\" title=\"Consulter la politique de protection des donn\u00e9es du fournisseur\">plus d&rsquo;informations<\/a>).<\/p>\n<p>En cliquant sur \u00ab J\u2019accepte tous les cookies \u00bb, vous autorisez des d\u00e9p\u00f4ts de cookies et autres traceurs pour le stockage de vos donn\u00e9es sur nos sites et applications \u00e0 des fins de personnalisation et de ciblage publicitaire.<\/p>\n<p class=\"consentModule_secondaryText\">Vous gardez la possibilit\u00e9 de retirer votre consentement \u00e0 tout moment en consultant notre <a href=\"https:\/\/www.estrepublicain.fr\/protection-des-donnees\" target=\"_blank\" title=\"Consulter notre politique de protection des donn\u00e9es\" rel=\"noopener\">politique de protection des donn\u00e9es<\/a>. <br \/>&#13;<br \/>\n            <a href=\"https:\/\/www.estrepublicain.fr\/faits-divers-justice\/2025\/06\/25\/javascript:Didomi.notice.show()\" class=\"consentModule_cmp\" target=\"_blank\" rel=\"noopener\">G\u00e9rer mes choix<\/a>&#13;\n        <\/p>\n<p>&#13;<br \/>\n                        J&rsquo;accepte&#13;<br \/>\n            J&rsquo;accepte tous les cookies&#13;\n        <\/p>\n<p>Sur place, les forces de l\u2019ordre demandent aux occupants de baisser le son\u2026 Et se voient opposer un refus. Les identit\u00e9s en poche, une verbalisation est alors \u00e9tablie. Sauf que l\u2019un des r\u00e9sidents ne l\u2019entend pas de cette oreille.<\/p>\n<p>Il redescend, se rue sur un policier et tente de lui prendre son arme de service. Passablement excit\u00e9, il finira par \u00eatre ma\u00eetris\u00e9 apr\u00e8s avoir \u00e9t\u00e9 plaqu\u00e9 au sol.<\/p>\n<p>\u00c2g\u00e9 de 24 ans, connu de la police, il sera pr\u00e9sent\u00e9 dans le cadre d\u2019une comparution imm\u00e9diate, vendredi, devant le tribunal correctionnel de Nancy.<\/p>\n","protected":false},"excerpt":{"rendered":"Chaude soir\u00e9e, lundi, du c\u00f4t\u00e9 de la rue de la R\u00e9publique, \u00e0 Nancy. Il est 22\u00a0h\u00a040 lorsque la&hellip;\n","protected":false},"author":2,"featured_media":203677,"comment_status":"","ping_status":"","sticky":false,"template":"","format":"standard","meta":{"footnotes":""},"categories":[9635],"tags":[1111,11,271,272,1704,1777,674,274,1011,27,775,3457,1702,1703,12,25],"class_list":{"0":"post-203676","1":"post","2":"type-post","3":"status-publish","4":"format-standard","5":"has-post-thumbnail","7":"category-nancy","8":"tag-actu","9":"tag-actualites","10":"tag-crime","11":"tag-delit-et-contravention","12":"tag-edition-nancy-et-agglomeration","13":"tag-eu","14":"tag-europe","15":"tag-faits-divers-justice","16":"tag-fr","17":"tag-france","18":"tag-grand-est","19":"tag-meurthe-et-moselle","20":"tag-nancy","21":"tag-nancy-ville-54b","22":"tag-news","23":"tag-republique-francaise"},"share_on_mastodon":{"url":"https:\/\/pubeurope.com\/@fr\/114745045335032671","error":""},"_links":{"self":[{"href":"https:\/\/www.europesays.com\/fr\/wp-json\/wp\/v2\/posts\/203676","targetHints":{"allow":["GET"]}}],"collection":[{"href":"https:\/\/www.europesays.com\/fr\/wp-json\/wp\/v2\/posts"}],"about":[{"href":"https:\/\/www.europesays.com\/fr\/wp-json\/wp\/v2\/types\/post"}],"author":[{"embeddable":true,"href":"https:\/\/www.europesays.com\/fr\/wp-json\/wp\/v2\/users\/2"}],"replies":[{"embeddable":true,"href":"https:\/\/www.europesays.com\/fr\/wp-json\/wp\/v2\/comments?post=203676"}],"version-history":[{"count":0,"href":"https:\/\/www.europesays.com\/fr\/wp-json\/wp\/v2\/posts\/203676\/revisions"}],"wp:featuredmedia":[{"embeddable":true,"href":"https:\/\/www.europesays.com\/fr\/wp-json\/wp\/v2\/media\/203677"}],"wp:attachment":[{"href":"https:\/\/www.europesays.com\/fr\/wp-json\/wp\/v2\/media?parent=203676"}],"wp:term":[{"taxonomy":"category","embeddable":true,"href":"https:\/\/www.europesays.com\/fr\/wp-json\/wp\/v2\/categories?post=203676"},{"taxonomy":"post_tag","embeddable":true,"href":"https:\/\/www.europesays.com\/fr\/wp-json\/wp\/v2\/tags?post=203676"}],"curies":[{"name":"wp","href":"https:\/\/api.w.org\/{rel}","templated":true}]}}