{"id":203682,"date":"2025-06-25T16:55:11","date_gmt":"2025-06-25T16:55:11","guid":{"rendered":"https:\/\/www.europesays.com\/fr\/203682\/"},"modified":"2025-06-25T16:55:11","modified_gmt":"2025-06-25T16:55:11","slug":"defense-comment-favoriser-la-reinsertion-professionnelle-des-conjoints","status":"publish","type":"post","link":"https:\/\/www.europesays.com\/fr\/203682\/","title":{"rendered":"D\u00e9fense : comment favoriser la r\u00e9insertion professionnelle des conjoints ?"},"content":{"rendered":"<p><img loading=\"lazy\" decoding=\"async\" alt=\"\u00a9 K. Sarrazin - Le salon s'est d\u00e9roul\u00e9 \u00e0 l'Escale Amiral Ronarc\u2019h, \u00e0 Toulon.\" data-zoom-src=\"https:\/\/www.europesays.com\/fr\/wp-content\/uploads\/2025\/06\/initial-emploi-conjoint-militaire-toulon.jpg\" data-zoomable=\"\" height=\"702\" src=\"https:\/\/www.europesays.com\/fr\/wp-content\/uploads\/2025\/06\/initial-emploi-conjoint-militaire-toulon.jpg\" width=\"1248\"\/>  <\/p>\n<p class=\"article-desc\">\u00a9 K. Sarrazin &#8211; Le salon s&rsquo;est d\u00e9roul\u00e9 \u00e0 l&rsquo;Escale Amiral Ronarc\u2019h, \u00e0 Toulon. <\/p>\n<p>Pochettes cartonn\u00e9es vertes, noires ou jaunes \u00e0 la main, des femmes, majoritairement, entrent dans l\u2019Escale Amiral Ronarc\u2019h, \u00e0 Toulon. A l\u2019int\u00e9rieur de ces chemises \u00e0 \u00e9lastique\u00a0: <strong>leur CV et des documents officiels<\/strong>. <\/p>\n<p>Elles viennent assister, ce 24 juin, au <strong>salon de l\u2019emploi d\u00e9di\u00e9 aux conjoints de la communaut\u00e9 de D\u00e9fense<\/strong>, organis\u00e9 chaque ann\u00e9e par <strong>D\u00e9fense mobilit\u00e9<\/strong>. Une vingtaine d\u2019entreprises et institutionnels sont pr\u00e9sents. <\/p>\n<p>\u00ab\u00a0Qu\u2019elles n\u2019aient pas encore d\u2019emploi ou qu\u2019elles essaient de conserver leur carri\u00e8re dans le public ou le priv\u00e9, leur probl\u00e9matique commune est qu\u2019elles sont soumises \u00e0 la mobilit\u00e9 des militaires \u00bb, explique-t-on du c\u00f4t\u00e9 du minist\u00e8re des Arm\u00e9es. \u00ab\u00a0Elles\u00a0\u00bb car on parle ici de <strong>femmes \u00e0 90 %<\/strong>. <\/p>\n<p>\u00ab Je suis femme de militaire, je g\u00e8re tout \u00e0 c\u00f4t\u00e9 \u00bb <\/p>\n<p>Quand on <strong>d\u00e9m\u00e9nage r\u00e9guli\u00e8rement<\/strong> pour suivre son conjoint, il n\u2019est pas toujours facile de <strong>se r\u00e9ins\u00e9rer sur le march\u00e9 du travail<\/strong>. C\u2019est le cas de Marine, psychologue, arriv\u00e9e de Brest l\u2019an dernier. <\/p>\n<blockquote>\n<p>\u00ab\u00a0J\u2019ai vu tous les stands\u00a0! J\u2019ai \u00e9chang\u00e9, pris pas mal de conseils pour les candidatures spontan\u00e9es.\u00a0\u00bb <\/p>\n<\/blockquote>\n<p>Anciennement install\u00e9e en lib\u00e9ral, elle est surtout venue prendre des informations pour trouver un emploi salari\u00e9 \u00e0 partir de janvier, apr\u00e8s avoir accouch\u00e9 de son deuxi\u00e8me enfant.<\/p>\n<blockquote>\n<p>\u00ab\u00a0Je voudrais un 80 % mais c\u2019est difficile \u00e0 trouver. Je suis femme de militaire, je g\u00e8re tout \u00e0 c\u00f4t\u00e9. Il faut savoir que plus les horaires sont souples, plus l\u2019absent\u00e9isme au travail est moindre\u00a0\u00bb, raconte-t-elle. <\/p>\n<\/blockquote>\n<p>Une recherche d\u2019autant plus difficile <strong>dans le contexte \u00e9conomique actuel<\/strong>. Nombre de femmes rencontr\u00e9es sur le salon disent avoir des difficult\u00e9s \u00e0 trouver un emploi, et pas forc\u00e9ment en raison du m\u00e9tier de leur conjoint. <\/p>\n<p>D\u00e9fense mobilit\u00e9 : un accompagnement toute l&rsquo;ann\u00e9e \u00e0 Toulon <\/p>\n<p>C\u2019est pour accompagner les profils comme Marine que ce type d\u2019\u00e9v\u00e9nement est organis\u00e9 ponctuellement par D\u00e9fense mobilit\u00e9 \u00e0 Toulon, tout comme le Forum de l\u2019emploi en octobre. <\/p>\n<p>Au quotidien, les 25 personnes qui composent l\u2019antenne toulonnaise de ce service des transitions professionnelles offrent du conseil en transition professionnelle (d\u00e9finition de projet, bilan de comp\u00e9tences) et du conseil en prospection et relation employeur, gr\u00e2ce \u00e0 des partenariats avec des entreprises comme Manpower ou des institutionnels comme France Travail.<\/p>\n<p> Une convention avec France Travail pour favoriser le retour \u00e0 l&#8217;emploi <\/p>\n<p>Ce jour-l\u00e0, <strong>une convention nationale<\/strong> \u00e9tait d\u2019ailleurs sign\u00e9e entre l&rsquo;organisme et le minist\u00e8re des Arm\u00e9es afin de \u00ab renforcer la coop\u00e9ration en mati\u00e8re de reconversion professionnelle et de soutien \u00e0 l\u2019insertion des ressortissants du minist\u00e8re et de leur conjoint\u00a0\u00bb. Il s\u2019agit d\u2019un renouvellement pour trois ans. <\/p>\n<p>Cette op\u00e9ration s\u2019inscrit dans le cadre de la d\u00e9marche \u00ab\u00a0Fid\u00e9lisation 360&Prime; de mars 2024 qui a pour objectif d\u2019am\u00e9liorer les conditions de vie et de travail des personnels. \u00ab C\u2019est un enjeu d\u2019attractivit\u00e9 et de fid\u00e9lisation de dire que l\u2019on soutient les familles. Les militaires sont encore plus efficaces.\u00a0\u00bb <\/p>\n<p>Chaque ann\u00e9e, l\u2019antenne D\u00e9fense mobilit\u00e9 de Toulon accueille <strong>un flux de 1 500 personnes<\/strong> pour <strong>un taux de satisfaction avoisinant les 80 %<\/strong>.<\/p>\n","protected":false},"excerpt":{"rendered":"\u00a9 K. Sarrazin &#8211; Le salon s&rsquo;est d\u00e9roul\u00e9 \u00e0 l&rsquo;Escale Amiral Ronarc\u2019h, \u00e0 Toulon. Pochettes cartonn\u00e9es vertes, noires&hellip;\n","protected":false},"author":2,"featured_media":203683,"comment_status":"","ping_status":"","sticky":false,"template":"","format":"standard","meta":{"footnotes":""},"categories":[9619],"tags":[1111,11,1777,674,1011,27,12,882,25132,25,2310,3847],"class_list":{"0":"post-203682","1":"post","2":"type-post","3":"status-publish","4":"format-standard","5":"has-post-thumbnail","7":"category-toulon","8":"tag-actu","9":"tag-actualites","10":"tag-eu","11":"tag-europe","12":"tag-fr","13":"tag-france","14":"tag-news","15":"tag-provence-alpes-cote-dazur","16":"tag-reinsertion","17":"tag-republique-francaise","18":"tag-toulon","19":"tag-travail"},"share_on_mastodon":{"url":"https:\/\/pubeurope.com\/@fr\/114745057219979897","error":""},"_links":{"self":[{"href":"https:\/\/www.europesays.com\/fr\/wp-json\/wp\/v2\/posts\/203682","targetHints":{"allow":["GET"]}}],"collection":[{"href":"https:\/\/www.europesays.com\/fr\/wp-json\/wp\/v2\/posts"}],"about":[{"href":"https:\/\/www.europesays.com\/fr\/wp-json\/wp\/v2\/types\/post"}],"author":[{"embeddable":true,"href":"https:\/\/www.europesays.com\/fr\/wp-json\/wp\/v2\/users\/2"}],"replies":[{"embeddable":true,"href":"https:\/\/www.europesays.com\/fr\/wp-json\/wp\/v2\/comments?post=203682"}],"version-history":[{"count":0,"href":"https:\/\/www.europesays.com\/fr\/wp-json\/wp\/v2\/posts\/203682\/revisions"}],"wp:featuredmedia":[{"embeddable":true,"href":"https:\/\/www.europesays.com\/fr\/wp-json\/wp\/v2\/media\/203683"}],"wp:attachment":[{"href":"https:\/\/www.europesays.com\/fr\/wp-json\/wp\/v2\/media?parent=203682"}],"wp:term":[{"taxonomy":"category","embeddable":true,"href":"https:\/\/www.europesays.com\/fr\/wp-json\/wp\/v2\/categories?post=203682"},{"taxonomy":"post_tag","embeddable":true,"href":"https:\/\/www.europesays.com\/fr\/wp-json\/wp\/v2\/tags?post=203682"}],"curies":[{"name":"wp","href":"https:\/\/api.w.org\/{rel}","templated":true}]}}