{"id":203686,"date":"2025-06-25T16:57:09","date_gmt":"2025-06-25T16:57:09","guid":{"rendered":"https:\/\/www.europesays.com\/fr\/203686\/"},"modified":"2025-06-25T16:57:09","modified_gmt":"2025-06-25T16:57:09","slug":"une-epicerie-de-lunel-fermee-pour-revente-illegale-de-tabac","status":"publish","type":"post","link":"https:\/\/www.europesays.com\/fr\/203686\/","title":{"rendered":"une \u00e9picerie de Lunel ferm\u00e9e pour revente ill\u00e9gale de tabac"},"content":{"rendered":"<p>            Par<br \/>\n        <strong><br \/>\n            <a href=\"https:\/\/actu.fr\/auteur\/metropoop\" title=\"Consulter tous les articles de R\u00e9daction M\u00e9tropolitain\" rel=\"nofollow noopener\" target=\"_blank\">R\u00e9daction M\u00e9tropolitain<\/a><br \/>\n        <\/strong><\/p>\n<p>        Publi\u00e9 le<\/p>\n<p>            25 juin 2025 \u00e0 18h27        <\/p>\n<p><strong>Ce mardi 24 juin 2025<\/strong>, le <strong>pr\u00e9fet de l\u2019H\u00e9rault<\/strong> a prononc\u00e9 une mesure ferme \u00e0 l\u2019encontre de l\u2019\u00a0\u00bb<strong>\u00c9picerie du coin<\/strong>\u00ab\u00a0, install\u00e9e \u00e0 <strong>Lunel<\/strong>. L\u2019\u00e9tablissement fait l\u2019objet d\u2019une <strong>fermeture administrative de quinze jours<\/strong>. Motif : <strong>d\u00e9tention frauduleuse de tabac<\/strong> en vue de sa revente. Une infraction formellement interdite, qui tombe sous le coup de la l\u00e9gislation douani\u00e8re.<\/p>\n<p>    <a href=\"https:\/\/www.google.com\/maps\/embed?pb=!1m18!1m12!1m3!1d180.35160250962437!2d4.137110386594371!3d43.676755025955664!2m3!1f0!2f0!3f0!3m2!1i1024!2i768!4f13.1!3m3!1m2!1s0x12b69e89ea842dd5%3A0xf8358ae9a6bd71d0!2s118%20Bd%20de%20Strasbourg%2C%2034400%20Lunel!5e0!3m2!1sfr!2sfr!4v1750849554883!5m2!1sfr!2sfr\" title=\"Ouvrie le lien\" rel=\"nofollow noopener\" target=\"_blank\">Cliquez ici pour visualiser le contenu<\/a><\/p>\n<p>Une s\u00e9rie de fermetures dans le d\u00e9partement<\/p>\n<p class=\" wall-content\">Ce cas n\u2019est pas isol\u00e9. Dans le <strong>d\u00e9partement de l\u2019H\u00e9rault<\/strong>, les autorit\u00e9s renforcent les contr\u00f4les. R\u00e9cemment, <a href=\"https:\/\/actu.fr\/occitanie\/montpellier_34172\/herault-la-prefecture-ferme-deux-etablissements-a-montpellier-et-beziers_62805756.html\" rel=\"nofollow noopener\" target=\"_blank\">deux autres fermetures administratives ont \u00e9t\u00e9 prononc\u00e9es<\/a>. La premi\u00e8re concernait l\u2019\u00a0\u00bb<strong>\u00c9picerie Bela<\/strong>\u00ab\u00a0, situ\u00e9e rue Eurydice \u00e0 Montpellier. L\u00e0, l\u2019infraction porte sur le non-respect de l\u2019arr\u00eat\u00e9 municipal r\u00e9gissant les horaires d\u2019ouverture. Elle avait d\u00e9j\u00e0 \u00e9t\u00e9 avertie pour les m\u00eames faits. Cette r\u00e9cidive a conduit \u00e0 la fermeture temporaire de quinze jours. \u00c0 B\u00e9ziers, l\u2019\u00a0\u00bb<strong>\u00c9picerie Albert 1er<\/strong>\u00ab\u00a0, situ\u00e9e 12 avenue Albert 1er, subit la m\u00eame mesure. L\u00e0 encore, la d\u00e9cision pr\u00e9fectorale tombe pour une infraction li\u00e9e aux horaires, mais cette fois sur la vente d\u2019alcool.\u00a0<\/p>\n<p class=\" wall-content\">Suivez toute l\u2019actualit\u00e9 de vos villes et m\u00e9dias favoris en vous inscrivant \u00e0 <a href=\"https:\/\/moncompte.actu.fr\" title=\"D\u00e9couvez Mon Actu\" rel=\"nofollow noopener\" data-trk=\"{&quot;cta&quot;:{&quot;action&quot;:&quot;https:\\\/\\\/moncompte.actu.fr&quot;,&quot;category&quot;:&quot;mon compte&quot;,&quot;from&quot;:&quot;article footer&quot;,&quot;name&quot;:&quot;Mon actu&quot;,&quot;type&quot;:&quot;cta&quot;}}\" target=\"_blank\">Mon Actu<\/a>.<\/p>\n","protected":false},"excerpt":{"rendered":"Par R\u00e9daction M\u00e9tropolitain Publi\u00e9 le 25 juin 2025 \u00e0 18h27 Ce mardi 24 juin 2025, le pr\u00e9fet de&hellip;\n","protected":false},"author":2,"featured_media":203687,"comment_status":"","ping_status":"","sticky":false,"template":"","format":"standard","meta":{"footnotes":""},"categories":[9599],"tags":[1111,11,1777,674,118,1011,27,2208,12,2680,25,6582],"class_list":{"0":"post-203686","1":"post","2":"type-post","3":"status-publish","4":"format-standard","5":"has-post-thumbnail","7":"category-montpellier","8":"tag-actu","9":"tag-actualites","10":"tag-eu","11":"tag-europe","12":"tag-faits-divers","13":"tag-fr","14":"tag-france","15":"tag-montpellier","16":"tag-news","17":"tag-occitanie","18":"tag-republique-francaise","19":"tag-tabac"},"share_on_mastodon":{"url":"https:\/\/pubeurope.com\/@fr\/114745065028825125","error":""},"_links":{"self":[{"href":"https:\/\/www.europesays.com\/fr\/wp-json\/wp\/v2\/posts\/203686","targetHints":{"allow":["GET"]}}],"collection":[{"href":"https:\/\/www.europesays.com\/fr\/wp-json\/wp\/v2\/posts"}],"about":[{"href":"https:\/\/www.europesays.com\/fr\/wp-json\/wp\/v2\/types\/post"}],"author":[{"embeddable":true,"href":"https:\/\/www.europesays.com\/fr\/wp-json\/wp\/v2\/users\/2"}],"replies":[{"embeddable":true,"href":"https:\/\/www.europesays.com\/fr\/wp-json\/wp\/v2\/comments?post=203686"}],"version-history":[{"count":0,"href":"https:\/\/www.europesays.com\/fr\/wp-json\/wp\/v2\/posts\/203686\/revisions"}],"wp:featuredmedia":[{"embeddable":true,"href":"https:\/\/www.europesays.com\/fr\/wp-json\/wp\/v2\/media\/203687"}],"wp:attachment":[{"href":"https:\/\/www.europesays.com\/fr\/wp-json\/wp\/v2\/media?parent=203686"}],"wp:term":[{"taxonomy":"category","embeddable":true,"href":"https:\/\/www.europesays.com\/fr\/wp-json\/wp\/v2\/categories?post=203686"},{"taxonomy":"post_tag","embeddable":true,"href":"https:\/\/www.europesays.com\/fr\/wp-json\/wp\/v2\/tags?post=203686"}],"curies":[{"name":"wp","href":"https:\/\/api.w.org\/{rel}","templated":true}]}}