{"id":203696,"date":"2025-06-25T17:05:16","date_gmt":"2025-06-25T17:05:16","guid":{"rendered":"https:\/\/www.europesays.com\/fr\/203696\/"},"modified":"2025-06-25T17:05:16","modified_gmt":"2025-06-25T17:05:16","slug":"les-6-000-tonnes-de-beton-du-parking-vilaine-voyageront-par-bateau-2","status":"publish","type":"post","link":"https:\/\/www.europesays.com\/fr\/203696\/","title":{"rendered":"Les 6.000 tonnes de b\u00e9ton du parking Vilaine voyageront par bateau"},"content":{"rendered":"<p><strong>Laisse pas le b\u00e9ton &#8211; Le chantier colossal de d\u00e9molition va d\u00e9marrer \u00e0 l\u2019automne afin de d\u00e9couvrir le cours d\u2019eau<\/strong><\/p>\n<p>Voil\u00e0 soixante ans qu\u2019il \u00e9tait l\u00e0, solidement pos\u00e9 sur d\u2019imposantes poutres m\u00e9talliques qu\u2019il allait falloir remplacer. Plut\u00f4t que de retaper son parking Vilaine, la ville de Rennes<a href=\"https:\/\/www.20minutes.fr\/rennes\/3252587-20220315-rennes-suppression-parking-actee-quoi-ressembleront-quais-vilaine?at_medium=RSS%20feed&amp;at_campaign=ynews&amp;utm_source=yahoo&amp;utm_medium=rss&amp;utm_campaign=news_feed&amp;utm_content=in_article_link\" rel=\"nofollow noopener\" target=\"_blank\" data-ylk=\"slk:a choisi de le d\u00e9molir afin de red\u00e9couvrir son fleuve;elm:context_link;itc:0;sec:content-canvas\" class=\"link \"> a choisi de le d\u00e9molir afin de red\u00e9couvrir son fleuve<\/a>. A partir du mois d\u2019octobre, un chantier d\u2019ampleur d\u00e9marrera <a href=\"https:\/\/www.20minutes.fr\/rennes\/4157359-20250606-rennes-va-casser-parking-retrouver-amour-vilaine?at_medium=RSS%20feed&amp;at_campaign=ynews&amp;utm_source=yahoo&amp;utm_medium=rss&amp;utm_campaign=news_feed&amp;utm_content=in_article_link\" rel=\"nofollow noopener\" target=\"_blank\" data-ylk=\"slk:pour casser cette \u00e9paisse dalle surplombant l\u2019eau de la Vilaine;elm:context_link;itc:0;sec:content-canvas\" class=\"link \">pour casser cette \u00e9paisse dalle surplombant l\u2019eau de la Vilaine<\/a>. Mais que faire de tous ces gravats\u00a0? Et comment \u00e9viter que les mat\u00e9riaux d\u00e9molis ne tombent dans l\u2019eau\u00a0?<\/p>\n<p>La solution a \u00e9t\u00e9 trouv\u00e9e avec l\u2019aide de l\u2019entreprise de travaux publics Charier. Cette derni\u00e8re va cr\u00e9er une ouverture pour y passer une pelle de cinquante tonnes, qui sera pos\u00e9e sur des caissons flottants. C\u2019est cette imposante machine qui viendra grignoter l\u2019\u00e9paisse dalle sur une longueur de 250 m\u00e8tres. Un chantier \u00e9norme qui n\u00e9cessitera l\u2019\u00e9vacuation d\u2019environ 6.000 tonnes de b\u00e9ton, pr\u00e9vient la ville dans un communiqu\u00e9. Plut\u00f4t que de l\u2019\u00e9vacuer par camion, la municipalit\u00e9 de Nathalie App\u00e9r\u00e9 a opt\u00e9 pour un transport sur l\u2019eau, gr\u00e2ce \u00e0 de multiples bateaux. Ces barges seront charg\u00e9es d\u2019\u00e9vacuer les gravats jusqu\u2019au site de traitement de Charier, situ\u00e9 \u00e0 quatre kilom\u00e8tres de l\u00e0. Des b\u00e9tons qui pourront \u00eatre recycl\u00e9s dans d\u2019autres chantiers.<\/p>\n<p>Le choix d\u2019une \u00e9vacuation par la rivi\u00e8re devrait permettre de limiter les nuisances li\u00e9es aux allers-retours des camions et baisser l\u2019empreinte carbone de ce chantier. La d\u00e9construction devrait prendre sept mois et co\u00fbter un peu plus de deux millions d\u2019euros. Quant au chantier dans(&#8230;)<\/p>\n<p><a href=\"https:\/\/www.20minutes.fr\/rennes\/4160373-20250625-rennes-6-000-tonnes-beton-parking-vilaine-voyageront-bateau?at_medium=RSS%20feed&amp;at_campaign=ynews&amp;utm_source=yahoo&amp;utm_medium=rss&amp;utm_campaign=news_feed&amp;utm_content=read_more_link&quot;\" rel=\"nofollow noopener\" target=\"_blank\" data-ylk=\"slk:Lire la suite sur 20minutes;elm:context_link;itc:0;sec:content-canvas\" class=\"link \">Lire la suite sur 20minutes<\/a><\/p>\n<p>\u00c0 lire aussi :<br \/><a href=\"https:\/\/www.20minutes.fr\/rennes\/4157359-20250606-rennes-va-casser-parking-retrouver-amour-vilaine?at_medium=RSS%20feed&amp;at_campaign=ynews&amp;utm_source=yahoo&amp;utm_medium=rss&amp;utm_campaign=news_feed&amp;utm_content=related_content_link\" rel=\"nofollow noopener\" target=\"_blank\" data-ylk=\"slk:Rennes va casser son parking pour \u00ab\u00a0retrouver l\u2019amour\u00a0\u00bb avec la Vilaine;elm:context_link;itc:0;sec:content-canvas\" class=\"link \">Rennes va casser son parking pour \u00ab\u00a0retrouver l\u2019amour\u00a0\u00bb avec la Vilaine<\/a><br \/><a href=\"https:\/\/www.20minutes.fr\/planete\/rechauffement-climatique\/4160181-20250625-rennes-premiere-ville-francaise-limiter-drastiquement-taille-piscines-privees?at_medium=RSS%20feed&amp;at_campaign=ynews&amp;utm_source=yahoo&amp;utm_medium=rss&amp;utm_campaign=news_feed&amp;utm_content=related_content_link\" rel=\"nofollow noopener\" target=\"_blank\" data-ylk=\"slk:Rennes, premi\u00e8re ville fran\u00e7aise \u00e0 limiter drastiquement la taille des piscines priv\u00e9es;elm:context_link;itc:0;sec:content-canvas\" class=\"link \">Rennes, premi\u00e8re ville fran\u00e7aise \u00e0 limiter drastiquement la taille des piscines priv\u00e9es<\/a><\/p>\n","protected":false},"excerpt":{"rendered":"Laisse pas le b\u00e9ton &#8211; Le chantier colossal de d\u00e9molition va d\u00e9marrer \u00e0 l\u2019automne afin de d\u00e9couvrir le&hellip;\n","protected":false},"author":2,"featured_media":203697,"comment_status":"","ping_status":"","sticky":false,"template":"","format":"standard","meta":{"footnotes":""},"categories":[2821],"tags":[1111,11,18296,829,1777,674,1011,27,21443,12,584,25,7009],"class_list":{"0":"post-203696","1":"post","2":"type-post","3":"status-publish","4":"format-standard","5":"has-post-thumbnail","7":"category-rennes","8":"tag-actu","9":"tag-actualites","10":"tag-beton","11":"tag-bretagne","12":"tag-eu","13":"tag-europe","14":"tag-fr","15":"tag-france","16":"tag-leau","17":"tag-news","18":"tag-rennes","19":"tag-republique-francaise","20":"tag-vilaine"},"share_on_mastodon":{"url":"https:\/\/pubeurope.com\/@fr\/114745096641552998","error":""},"_links":{"self":[{"href":"https:\/\/www.europesays.com\/fr\/wp-json\/wp\/v2\/posts\/203696","targetHints":{"allow":["GET"]}}],"collection":[{"href":"https:\/\/www.europesays.com\/fr\/wp-json\/wp\/v2\/posts"}],"about":[{"href":"https:\/\/www.europesays.com\/fr\/wp-json\/wp\/v2\/types\/post"}],"author":[{"embeddable":true,"href":"https:\/\/www.europesays.com\/fr\/wp-json\/wp\/v2\/users\/2"}],"replies":[{"embeddable":true,"href":"https:\/\/www.europesays.com\/fr\/wp-json\/wp\/v2\/comments?post=203696"}],"version-history":[{"count":0,"href":"https:\/\/www.europesays.com\/fr\/wp-json\/wp\/v2\/posts\/203696\/revisions"}],"wp:featuredmedia":[{"embeddable":true,"href":"https:\/\/www.europesays.com\/fr\/wp-json\/wp\/v2\/media\/203697"}],"wp:attachment":[{"href":"https:\/\/www.europesays.com\/fr\/wp-json\/wp\/v2\/media?parent=203696"}],"wp:term":[{"taxonomy":"category","embeddable":true,"href":"https:\/\/www.europesays.com\/fr\/wp-json\/wp\/v2\/categories?post=203696"},{"taxonomy":"post_tag","embeddable":true,"href":"https:\/\/www.europesays.com\/fr\/wp-json\/wp\/v2\/tags?post=203696"}],"curies":[{"name":"wp","href":"https:\/\/api.w.org\/{rel}","templated":true}]}}