{"id":20370,"date":"2025-04-12T19:07:10","date_gmt":"2025-04-12T19:07:10","guid":{"rendered":"https:\/\/www.europesays.com\/fr\/20370\/"},"modified":"2025-04-12T19:07:10","modified_gmt":"2025-04-12T19:07:10","slug":"la-fille-de-francois-bayrou-va-temoigner-dans-un-livre-du-lanceur-dalerte","status":"publish","type":"post","link":"https:\/\/www.europesays.com\/fr\/20370\/","title":{"rendered":"La fille de Fran\u00e7ois Bayrou va t\u00e9moigner dans un livre du lanceur d\u2019alerte"},"content":{"rendered":"<p>L\u2019affaire ne cesse de d\u00e9lier les langues au grand dam de <a href=\"https:\/\/www.20minutes.fr\/politique\/4148205-20250411-affaire-betharram-bayrou-repete-etre-absolument-intervenu\" target=\"_blank\" class=\"color-ultramarine c-link\" rel=\"noopener\">Fran\u00e7ois Bayrou<\/a>. Sa fille a\u00een\u00e9e, H\u00e9l\u00e8ne va apporter son t\u00e9moignage dans le livre <a href=\"https:\/\/www.20minutes.fr\/justice\/4146412-20250401-affaire-betharram-48-nouvelles-plaintes-chiffre-total-grimpe-200\" target=\"_blank\" class=\"color-ultramarine c-link\" rel=\"noopener\">\u00ab\u00a0Le silence de B\u00e9tharram\u00a0\u00bb<\/a>, qui sera publi\u00e9 le 24\u00a0avril \u00e9crit par la journaliste Cl\u00e9mence Badault et Alain Esquerre, le <a href=\"https:\/\/www.20minutes.fr\/societe\/4140034-20250222-affaire-betharram-prescription-suspects-decedes-peut-attendre-collectif-victimes\" target=\"_blank\" class=\"color-ultramarine c-link\" rel=\"noopener\">lanceur d\u2019alerte<\/a> de l\u2019affaire et fondateur du collectif des victimes de B\u00e9tharram, selon <a href=\"https:\/\/www.bfmtv.com\/politique\/gouvernement\/affaire-betharram-la-fille-de-francois-bayrou-va-temoigner-dans-un-livre-du-porte-parole-de-l-association-de-victimes_AN-202504120226.html\" rel=\"nofollow noopener\" target=\"_blank\" class=\"color-ultramarine c-link\">BFM TV.<\/a><\/p>\n<\/p>\n<p>Le Premier ministre et maire de <a href=\"https:\/\/www.20minutes.fr\/societe\/pau\/\" class=\"color-ultramarine c-link\" target=\"_blank\" rel=\"noopener\">Pau<\/a> avait scolaris\u00e9 plusieurs de ses enfants \u00e0 <a href=\"https:\/\/www.20minutes.fr\/societe\/4145247-20250325-affaire-betharram-pau-opposition-municipale-fustige-culot-bayrou-defend\" target=\"_blank\" class=\"color-ultramarine c-link\" rel=\"noopener\">B\u00e9tharram<\/a>. Son \u00e9pouse avait \u00e9galement enseign\u00e9 le cat\u00e9chisme au sein de l\u2019\u00e9tablissement. L\u2019ancien ministre de l\u2019Education entre\u00a01993 et\u00a01997 est accus\u00e9 par ses opposants d\u2019avoir menti sur sa connaissance des faits de violences \u00e0 B\u00e9tharram. Accusations qu\u2019il a toujours r\u00e9cus\u00e9es malgr\u00e9 plusieurs t\u00e9moignages.<\/p>\n<p><a href=\"https:\/\/www.20minutes.fr\/justice\/faffaire-betharram\" class=\"c-link c-btn c-btn--primary\" target=\"_blank\" rel=\"noopener\">Notre dossier sur l&rsquo;affaire B\u00e9tharram<\/a><\/p>\n<p>Aujourd\u2019hui, ce sont pr\u00e8s de 200 plaintes pour violences physiques ou agressions sexuelles qui ont \u00e9t\u00e9 d\u00e9pos\u00e9es par des membres du collectif d\u2019anciens \u00e9l\u00e8ves victimes de B\u00e9tharram, dans les Pyr\u00e9n\u00e9es-Atlantiques. Fran\u00e7ois Bayrou sera entendu le 14\u00a0mai devant la commission d\u2019enqu\u00eate parlementaire sur les violences \u00e0 l\u2019\u00e9cole en tant qu\u2019ancien ministre de l\u2019Education nationale.<\/p>\n","protected":false},"excerpt":{"rendered":"L\u2019affaire ne cesse de d\u00e9lier les langues au grand dam de Fran\u00e7ois Bayrou. Sa fille a\u00een\u00e9e, H\u00e9l\u00e8ne va&hellip;\n","protected":false},"author":2,"featured_media":20371,"comment_status":"","ping_status":"","sticky":false,"template":"","format":"standard","meta":{"footnotes":""},"categories":[4],"tags":[47,11,7765,3177,1126,1011,27,431,5759,12,2219,6374,3363,6375,25,104,809,7766,799],"class_list":{"0":"post-20370","1":"post","2":"type-post","3":"status-publish","4":"format-standard","5":"has-post-thumbnail","7":"category-france","8":"tag-actualite","9":"tag-actualites","10":"tag-affaire-betharram","11":"tag-aquitaine","12":"tag-education-nationale","13":"tag-fr","14":"tag-france","15":"tag-francois-bayrou","16":"tag-ministere-de-leducation-nationale","17":"tag-news","18":"tag-nouvelle-aquitaine","19":"tag-pau","20":"tag-premier-ministre","21":"tag-pyrenees-atlantiques","22":"tag-republique-francaise","23":"tag-societe","24":"tag-violence","25":"tag-violence-scolaire","26":"tag-violences-sexuelles"},"share_on_mastodon":{"url":"https:\/\/pubeurope.com\/@fr\/114326565264271134","error":""},"_links":{"self":[{"href":"https:\/\/www.europesays.com\/fr\/wp-json\/wp\/v2\/posts\/20370","targetHints":{"allow":["GET"]}}],"collection":[{"href":"https:\/\/www.europesays.com\/fr\/wp-json\/wp\/v2\/posts"}],"about":[{"href":"https:\/\/www.europesays.com\/fr\/wp-json\/wp\/v2\/types\/post"}],"author":[{"embeddable":true,"href":"https:\/\/www.europesays.com\/fr\/wp-json\/wp\/v2\/users\/2"}],"replies":[{"embeddable":true,"href":"https:\/\/www.europesays.com\/fr\/wp-json\/wp\/v2\/comments?post=20370"}],"version-history":[{"count":0,"href":"https:\/\/www.europesays.com\/fr\/wp-json\/wp\/v2\/posts\/20370\/revisions"}],"wp:featuredmedia":[{"embeddable":true,"href":"https:\/\/www.europesays.com\/fr\/wp-json\/wp\/v2\/media\/20371"}],"wp:attachment":[{"href":"https:\/\/www.europesays.com\/fr\/wp-json\/wp\/v2\/media?parent=20370"}],"wp:term":[{"taxonomy":"category","embeddable":true,"href":"https:\/\/www.europesays.com\/fr\/wp-json\/wp\/v2\/categories?post=20370"},{"taxonomy":"post_tag","embeddable":true,"href":"https:\/\/www.europesays.com\/fr\/wp-json\/wp\/v2\/tags?post=20370"}],"curies":[{"name":"wp","href":"https:\/\/api.w.org\/{rel}","templated":true}]}}