{"id":203700,"date":"2025-06-25T17:07:12","date_gmt":"2025-06-25T17:07:12","guid":{"rendered":"https:\/\/www.europesays.com\/fr\/203700\/"},"modified":"2025-06-25T17:07:12","modified_gmt":"2025-06-25T17:07:12","slug":"trois-personnes-interpellees-apres-lagression-au-couteau-de-deux-adolescents","status":"publish","type":"post","link":"https:\/\/www.europesays.com\/fr\/203700\/","title":{"rendered":"trois personnes interpell\u00e9es apr\u00e8s l\u2019agression au couteau de deux adolescents"},"content":{"rendered":"<p>Les suspects, deux mineurs et d\u2019une personne majeure, auraient agress\u00e9 mardi \u00e0 l\u2019arme blanche deux jeunes gens, \u00e2g\u00e9s de 16 et 17 ans, l\u2019un \u00e0 la gorge, l\u2019autre dans le dos.<\/p>\n<p class=\"fig-paragraph\">Trois personnes ont \u00e9t\u00e9 interpell\u00e9es\u00a0<a href=\"http:\/\/www.lefigaro.fr\/faits-divers\/strasbourg-deux-adolescents-blesses-au-couteau-20250624\" target=\"_blank\" data-fig-type=\"NewsFlash\" rel=\"noopener\" data-gtm-custom-categorie=\"navigation\" data-gtm-custom-action=\"crossclick\" data-gtm-custom-label=\"Contextuel\" data-gtm-event=\"customEventSPE\" data-fig-domain=\"LEFIGARO\">apr\u00e8s l&rsquo;agression de deux adolescents \u00e0 l&rsquo;arme blanche<\/a>\u00a0dans la banlieue de Strasbourg, a-t-on appris ce mercredi aupr\u00e8s du parquet. Il s&rsquo;agit de deux mineurs et d&rsquo;une personne majeure.<\/p>\n<p class=\"fig-paragraph\">Mardi, deux jeunes gens, \u00e2g\u00e9s de 16 et 17 ans, ont \u00e9t\u00e9 agress\u00e9s, l&rsquo;un \u00e0 la gorge et l&rsquo;autre au dos, \u00e0 proximit\u00e9 d&rsquo;une \u00e9cole maternelle \u00e0 Illkirch-Graffenstaden, une commune du sud de la capitale alsacienne.<\/p>\n<p class=\"fig-paragraph\">Les deux adolescents ont \u00e9t\u00e9 hospitalis\u00e9s. Le\u00a0<a href=\"http:\/\/www.lefigaro.fr\/faits-divers\/un-homme-touche-par-balles-a-rennes-son-pronostic-vital-est-engage-20250112\" target=\"_blank\" data-fig-type=\"NewsFlash\" rel=\"noopener\" data-gtm-custom-categorie=\"navigation\" data-gtm-custom-action=\"crossclick\" data-gtm-custom-label=\"Contextuel\" data-gtm-event=\"customEventSPE\" data-fig-domain=\"LEFIGARO\">pronostic vital<\/a>\u00a0de la victime bless\u00e9e le plus gravement, \u00e0 la gorge, n&rsquo;\u00e9tait plus engag\u00e9 mardi soir.<\/p>\n","protected":false},"excerpt":{"rendered":"Les suspects, deux mineurs et d\u2019une personne majeure, auraient agress\u00e9 mardi \u00e0 l\u2019arme blanche deux jeunes gens, \u00e2g\u00e9s&hellip;\n","protected":false},"author":2,"featured_media":203701,"comment_status":"","ping_status":"","sticky":false,"template":"","format":"standard","meta":{"footnotes":""},"categories":[2820],"tags":[119,1111,11,3694,14118,271,2951,3695,1777,674,3696,118,1011,27,775,2825,15516,1253,303,12,1072,2694,25,640,2949],"class_list":{"0":"post-203700","1":"post","2":"type-post","3":"status-publish","4":"format-standard","5":"has-post-thumbnail","7":"category-strasbourg","8":"tag-accident","9":"tag-actu","10":"tag-actualites","11":"tag-affaires","12":"tag-attaque-au-couteau","13":"tag-crime","14":"tag-criminalite","15":"tag-enquetes","16":"tag-eu","17":"tag-europe","18":"tag-evenements","19":"tag-faits-divers","20":"tag-fr","21":"tag-france","22":"tag-grand-est","23":"tag-insecurite","24":"tag-interpellations","25":"tag-islamisme","26":"tag-justice","27":"tag-news","28":"tag-police","29":"tag-proces","30":"tag-republique-francaise","31":"tag-strasbourg","32":"tag-violences"},"share_on_mastodon":{"url":"https:\/\/pubeurope.com\/@fr\/114745104404493399","error":""},"_links":{"self":[{"href":"https:\/\/www.europesays.com\/fr\/wp-json\/wp\/v2\/posts\/203700","targetHints":{"allow":["GET"]}}],"collection":[{"href":"https:\/\/www.europesays.com\/fr\/wp-json\/wp\/v2\/posts"}],"about":[{"href":"https:\/\/www.europesays.com\/fr\/wp-json\/wp\/v2\/types\/post"}],"author":[{"embeddable":true,"href":"https:\/\/www.europesays.com\/fr\/wp-json\/wp\/v2\/users\/2"}],"replies":[{"embeddable":true,"href":"https:\/\/www.europesays.com\/fr\/wp-json\/wp\/v2\/comments?post=203700"}],"version-history":[{"count":0,"href":"https:\/\/www.europesays.com\/fr\/wp-json\/wp\/v2\/posts\/203700\/revisions"}],"wp:featuredmedia":[{"embeddable":true,"href":"https:\/\/www.europesays.com\/fr\/wp-json\/wp\/v2\/media\/203701"}],"wp:attachment":[{"href":"https:\/\/www.europesays.com\/fr\/wp-json\/wp\/v2\/media?parent=203700"}],"wp:term":[{"taxonomy":"category","embeddable":true,"href":"https:\/\/www.europesays.com\/fr\/wp-json\/wp\/v2\/categories?post=203700"},{"taxonomy":"post_tag","embeddable":true,"href":"https:\/\/www.europesays.com\/fr\/wp-json\/wp\/v2\/tags?post=203700"}],"curies":[{"name":"wp","href":"https:\/\/api.w.org\/{rel}","templated":true}]}}