{"id":203718,"date":"2025-06-25T17:16:09","date_gmt":"2025-06-25T17:16:09","guid":{"rendered":"https:\/\/www.europesays.com\/fr\/203718\/"},"modified":"2025-06-25T17:16:09","modified_gmt":"2025-06-25T17:16:09","slug":"selon-ce-celebre-guide-italien-cette-pizzeria-de-lille-est-lune-des-meilleures-deurope","status":"publish","type":"post","link":"https:\/\/www.europesays.com\/fr\/203718\/","title":{"rendered":"Selon ce c\u00e9l\u00e8bre guide italien, cette pizzeria de Lille est l&rsquo;une des meilleures d&rsquo;Europe\u00a0!"},"content":{"rendered":"<p>            Par<br \/>\n        <strong><br \/>\n            <a href=\"https:\/\/actu.fr\/auteur\/hervine-mahaud\" title=\"Consulter tous les articles de Hervine Mahaud\" rel=\"nofollow noopener\" target=\"_blank\">Hervine Mahaud<\/a><br \/>\n        <\/strong><\/p>\n<p>        Publi\u00e9 le<\/p>\n<p>            25 juin 2025 \u00e0 18h44        <\/p>\n<p>C\u2019est une cons\u00e9cration pour l\u2019enseigne lilloise <b>Pap\u00e0 Famiglia<\/b> (les <b>restaurants Pap\u00e0 Raffaele, Pap\u00e0 Posto<\/b> dans le <b>Vieux-Lille<\/b>, <b>Barbara<\/b> et <b>Alfredo<\/b> \u00e0 <b>Croix<\/b>). En juin 2025, elle fait son entr\u00e9e dans le cercle tr\u00e8s ferm\u00e9 des <b>meilleures pizzerias d\u2019Europe<\/b>. Une distinction d\u00e9cern\u00e9e par le respect\u00e9 <a href=\"https:\/\/www.50toppizza.it\/50-top-pizza-europa-2025-excellent-pizzerias\/\" rel=\"nofollow noopener\" target=\"_blank\">guide italien 50 Top Pizza<\/a>\u00a0et qui vient couronner des ann\u00e9es de travail autour d\u2019un produit embl\u00e9matique : la <b>pizza napolitaine<\/b>.<\/p>\n<p>La pizza comme \u00e0 Naples, au c\u0153ur de Lille<\/p>\n<p class=\" wall-content\">Depuis son lancement \u00e0 <a href=\"https:\/\/actu.fr\/hauts-de-france\/lille_59350\" rel=\"nofollow noopener\" target=\"_blank\">Lille<\/a> en 2017 avec le restaurant Pap\u00e0 Raffaele, Pap\u00e0 Famiglia s\u2019est forg\u00e9 une solide r\u00e9putation aupr\u00e8s des amateurs de <b>pizza napolitaine<\/b>. Ici, <b>tout est fait maison, \u00e0 la minute<\/b>, avec des ingr\u00e9dients d\u2019exception : tomates San Marzano, mozzarella di bufala de Caserta, huile d\u2019olive des Pouilles\u2026 Des produits en majorit\u00e9 labellis\u00e9s <b>DOP (Denominazione d\u2019Origine Protetta)<\/b>, gages de leur qualit\u00e9 et de leur origine.<\/p>\n<p class=\" wall-content\">Et le secret ne s\u2019arr\u00eate pas l\u00e0. La p\u00e2te, p\u00e9trie \u00e0 la main chaque matin, l\u00e8ve lentement avant d\u2019\u00eatre enfourn\u00e9e dans de <b>v\u00e9ritables fours napolitains artisanaux<\/b>, mont\u00e9s \u00e0 450\u00b0C. R\u00e9sultat : des pizzas fondantes, croustillantes sur les bords, parfum\u00e9es, et toujours pleines de caract\u00e8re.<\/p>\n<p>Une \u00e9quipe et une vision derri\u00e8re chaque pizza<\/p>\n<p class=\" wall-content\">Derri\u00e8re le four et les assiettes, une <b>\u00e9quipe soud\u00e9e<\/b>, engag\u00e9e autour d\u2019une cuisine <b>sinc\u00e8re, g\u00e9n\u00e9reuse et tourn\u00e9e vers le partage<\/b>. Pap\u00e0 Famiglia revendique une approche artisanale, rigoureuse, mais jamais fig\u00e9e, avec <b>une attention constante \u00e0 l\u2019accueil et \u00e0 la convivialit\u00e9<\/b>.<\/p>\n<p class=\" wall-content\"><a href=\"https:\/\/www.instagram.com\/p\/DLFpzU3NAZM\/embed\" title=\"Ouvrir le lien sur Instagram\" rel=\"nofollow noopener\" target=\"_blank\">Visualiser le contenu sur Instagram<\/a><\/p>\n<p class=\" wall-content\">L\u2019enseigne se f\u00e9licite de cette r\u00e9compense qui consacre son engagement \u00e0 proposer \u00ab\u00a0une cuisine sinc\u00e8re, g\u00e9n\u00e9reuse et tourn\u00e9e vers le partage. Elle rend aussi hommage au travail quotidien de nos \u00e9quipes, en cuisine comme en salle, qui font du r\u00eave de Pap\u00e0 une r\u00e9alit\u00e9.\u00a0\u00bb<\/p>\n<p>Vid\u00e9os : en ce moment sur ActuLe classement 50 Top Pizza, une r\u00e9f\u00e9rence mondiale<\/p>\n<p class=\" wall-content\">Cr\u00e9\u00e9 en Italie, <b>le guide 50 Top Pizza<\/b> est devenu une r\u00e9f\u00e9rence mondiale. Il \u00e9value chaque ann\u00e9e les meilleures pizzerias du monde selon des crit\u00e8res pr\u00e9cis : <b>qualit\u00e9 des ingr\u00e9dients, ma\u00eetrise des techniques, constance, accueil, ambiance g\u00e9n\u00e9rale<\/b>. Autant de points sur lesquels l\u2019adresse lilloise a visiblement su convaincre.<\/p>\n<p class=\" wall-content\">Avec cette entr\u00e9e remarqu\u00e9e, <b>Lille se place fi\u00e8rement sur la carte europ\u00e9enne de la pizza<\/b>. Et chez Pap\u00e0 Famiglia, pas question de s\u2019arr\u00eater l\u00e0 : la passion continue de chauffer les fours\u2026 pour le plus grand plaisir des gourmands.<\/p>\n<p class=\" wall-content\">Suivez toute l\u2019actualit\u00e9 de vos villes et m\u00e9dias favoris en vous inscrivant \u00e0 <a href=\"https:\/\/moncompte.actu.fr\" title=\"D\u00e9couvez Mon Actu\" rel=\"nofollow noopener\" data-trk=\"{&quot;cta&quot;:{&quot;action&quot;:&quot;https:\\\/\\\/moncompte.actu.fr&quot;,&quot;category&quot;:&quot;mon compte&quot;,&quot;from&quot;:&quot;article footer&quot;,&quot;name&quot;:&quot;Mon actu&quot;,&quot;type&quot;:&quot;cta&quot;}}\" target=\"_blank\">Mon Actu<\/a>.<\/p>\n<p>                    <script async src=\"\/\/www.instagram.com\/embed.js\"><\/script><\/p>\n","protected":false},"excerpt":{"rendered":"Par Hervine Mahaud Publi\u00e9 le 25 juin 2025 \u00e0 18h44 C\u2019est une cons\u00e9cration pour l\u2019enseigne lilloise Pap\u00e0 Famiglia&hellip;\n","protected":false},"author":2,"featured_media":203719,"comment_status":"","ping_status":"","sticky":false,"template":"","format":"standard","meta":{"footnotes":""},"categories":[2815],"tags":[1111,11,1777,674,1011,27,811,1307,12,25,1340,104],"class_list":{"0":"post-203718","1":"post","2":"type-post","3":"status-publish","4":"format-standard","5":"has-post-thumbnail","7":"category-lille","8":"tag-actu","9":"tag-actualites","10":"tag-eu","11":"tag-europe","12":"tag-fr","13":"tag-france","14":"tag-hauts-de-france","15":"tag-lille","16":"tag-news","17":"tag-republique-francaise","18":"tag-restaurant","19":"tag-societe"},"share_on_mastodon":{"url":"https:\/\/pubeurope.com\/@fr\/114745139814830471","error":""},"_links":{"self":[{"href":"https:\/\/www.europesays.com\/fr\/wp-json\/wp\/v2\/posts\/203718","targetHints":{"allow":["GET"]}}],"collection":[{"href":"https:\/\/www.europesays.com\/fr\/wp-json\/wp\/v2\/posts"}],"about":[{"href":"https:\/\/www.europesays.com\/fr\/wp-json\/wp\/v2\/types\/post"}],"author":[{"embeddable":true,"href":"https:\/\/www.europesays.com\/fr\/wp-json\/wp\/v2\/users\/2"}],"replies":[{"embeddable":true,"href":"https:\/\/www.europesays.com\/fr\/wp-json\/wp\/v2\/comments?post=203718"}],"version-history":[{"count":0,"href":"https:\/\/www.europesays.com\/fr\/wp-json\/wp\/v2\/posts\/203718\/revisions"}],"wp:featuredmedia":[{"embeddable":true,"href":"https:\/\/www.europesays.com\/fr\/wp-json\/wp\/v2\/media\/203719"}],"wp:attachment":[{"href":"https:\/\/www.europesays.com\/fr\/wp-json\/wp\/v2\/media?parent=203718"}],"wp:term":[{"taxonomy":"category","embeddable":true,"href":"https:\/\/www.europesays.com\/fr\/wp-json\/wp\/v2\/categories?post=203718"},{"taxonomy":"post_tag","embeddable":true,"href":"https:\/\/www.europesays.com\/fr\/wp-json\/wp\/v2\/tags?post=203718"}],"curies":[{"name":"wp","href":"https:\/\/api.w.org\/{rel}","templated":true}]}}