{"id":203724,"date":"2025-06-25T17:19:09","date_gmt":"2025-06-25T17:19:09","guid":{"rendered":"https:\/\/www.europesays.com\/fr\/203724\/"},"modified":"2025-06-25T17:19:09","modified_gmt":"2025-06-25T17:19:09","slug":"murcie-region-espagnole-meconnue-mise-sur-marseille-pour-seduire-les-voyageurs","status":"publish","type":"post","link":"https:\/\/www.europesays.com\/fr\/203724\/","title":{"rendered":"Murcie, r\u00e9gion espagnole m\u00e9connue, mise sur Marseille pour s\u00e9duire les voyageurs"},"content":{"rendered":"<p>\u00c0 l&rsquo;occasion de la Journ\u00e9e Mondiale des Tapas, c\u00e9l\u00e9br\u00e9e le 19 juin, l&rsquo;Office Espagnol du Tourisme et la r\u00e9gion de Murcie ont choisi Marseille pour mettre en lumi\u00e8re une destination encore m\u00e9connue du grand public fran\u00e7ais.<\/p>\n<p>Accueillie dans la r\u00e9sidence du Consul d&rsquo;Espagne, cette rencontre a rassembl\u00e9 professionnels du tourisme et cr\u00e9ateurs de contenus marseillais autour d&rsquo;un objectif :<strong> faire d\u00e9couvrir les saveurs et les richesses culturelles de cette r\u00e9gion espagnole<\/strong> du sud-est, situ\u00e9e entre l&rsquo;Andalousie et Valence.<\/p>\n<p>C&rsquo;est le chef \u00e9toil\u00e9 Juan Guillam\u00f3n, figure de la sc\u00e8ne gastronomique de la ville et <strong>propri\u00e9taire du restaurant Almo \u00e0 Murcie<\/strong>, qui a orchestr\u00e9 la d\u00e9couverte culinaire. Au menu : des sp\u00e9cialit\u00e9s locales comme la salade murcienne, les marineras\u00a0ou encore les empanadillas. Un terroir qui s\u00e9duit par la diversit\u00e9 de ses produits \u2013 mer et terre fertile se c\u00f4toient \u2013 et qui n&rsquo;a rien \u00e0 envier aux autres r\u00e9gions m\u00e9diterran\u00e9ennes.<\/p>\n<p>\u00ab\u00a0<strong>Murcie, c&rsquo;est le potager de l&rsquo;Europe<\/strong>, mais c&rsquo;est aussi le premier producteur mondial de thon rouge\u00a0\u00bb, rappelle Mar\u00eda Jos\u00e9 G\u00f3mez, directrice de l&rsquo;Office Espagnol du Tourisme en France. Un argument de plus pour \u00e9veiller la curiosit\u00e9 des Marseillais.<\/p>\n<p>Un pont a\u00e9rien s&rsquo;installe d&rsquo;ailleurs entre les deux villes cet \u00e9t\u00e9 : la compagnie <strong>Volotea a annonc\u00e9 l&rsquo;ouverture d&rsquo;une ligne directe entre Marseille et Murcie<\/strong>, \u00e0 raison de deux vols par semaine, les lundis et jeudis, du 7 juillet au 28 ao\u00fbt, soit 5 000 si\u00e8ges disponibles pour une escapade rapide.<\/p>\n<p>Avec ses 3 000 heures d&rsquo;ensoleillement par an, ses 250 km de c\u00f4te, et une douceur de vivre qui n&rsquo;est pas sans rappeler celle de Marseille, Murcie se pr\u00e9sente comme une destination id\u00e9ale pour un court s\u00e9jour d\u00e9paysant. Une invitation \u00e0 aller voir de l&rsquo;autre c\u00f4t\u00e9 de la M\u00e9diterran\u00e9e ce que la culture espagnole a de plus authentique \u00e0 offrir.<\/p>\n","protected":false},"excerpt":{"rendered":"\u00c0 l&rsquo;occasion de la Journ\u00e9e Mondiale des Tapas, c\u00e9l\u00e9br\u00e9e le 19 juin, l&rsquo;Office Espagnol du Tourisme et la&hellip;\n","protected":false},"author":2,"featured_media":203725,"comment_status":"","ping_status":"","sticky":false,"template":"","format":"standard","meta":{"footnotes":""},"categories":[2814],"tags":[17,1111,11,251,34274,1777,674,1011,27,884,34275,6352,34273,12,882,16,25,3356],"class_list":{"0":"post-203724","1":"post","2":"type-post","3":"status-publish","4":"format-standard","5":"has-post-thumbnail","7":"category-marseille","8":"tag-17","9":"tag-actu","10":"tag-actualites","11":"tag-culture","12":"tag-espagnole","13":"tag-eu","14":"tag-europe","15":"tag-fr","16":"tag-france","17":"tag-marseille","18":"tag-meconnue","19":"tag-mise","20":"tag-murcie","21":"tag-news","22":"tag-provence-alpes-cote-dazur","23":"tag-region","24":"tag-republique-francaise","25":"tag-sur"},"share_on_mastodon":{"url":"https:\/\/pubeurope.com\/@fr\/114745151569427551","error":""},"_links":{"self":[{"href":"https:\/\/www.europesays.com\/fr\/wp-json\/wp\/v2\/posts\/203724","targetHints":{"allow":["GET"]}}],"collection":[{"href":"https:\/\/www.europesays.com\/fr\/wp-json\/wp\/v2\/posts"}],"about":[{"href":"https:\/\/www.europesays.com\/fr\/wp-json\/wp\/v2\/types\/post"}],"author":[{"embeddable":true,"href":"https:\/\/www.europesays.com\/fr\/wp-json\/wp\/v2\/users\/2"}],"replies":[{"embeddable":true,"href":"https:\/\/www.europesays.com\/fr\/wp-json\/wp\/v2\/comments?post=203724"}],"version-history":[{"count":0,"href":"https:\/\/www.europesays.com\/fr\/wp-json\/wp\/v2\/posts\/203724\/revisions"}],"wp:featuredmedia":[{"embeddable":true,"href":"https:\/\/www.europesays.com\/fr\/wp-json\/wp\/v2\/media\/203725"}],"wp:attachment":[{"href":"https:\/\/www.europesays.com\/fr\/wp-json\/wp\/v2\/media?parent=203724"}],"wp:term":[{"taxonomy":"category","embeddable":true,"href":"https:\/\/www.europesays.com\/fr\/wp-json\/wp\/v2\/categories?post=203724"},{"taxonomy":"post_tag","embeddable":true,"href":"https:\/\/www.europesays.com\/fr\/wp-json\/wp\/v2\/tags?post=203724"}],"curies":[{"name":"wp","href":"https:\/\/api.w.org\/{rel}","templated":true}]}}