{"id":203726,"date":"2025-06-25T17:20:11","date_gmt":"2025-06-25T17:20:11","guid":{"rendered":"https:\/\/www.europesays.com\/fr\/203726\/"},"modified":"2025-06-25T17:20:11","modified_gmt":"2025-06-25T17:20:11","slug":"lyon-plus-de-6-kilos-de-cannabis-et-une-arme-decouverts-chez-le-dealer-a-trottinette","status":"publish","type":"post","link":"https:\/\/www.europesays.com\/fr\/203726\/","title":{"rendered":"Lyon. Plus de 6\u00a0kilos de cannabis et une arme d\u00e9couverts chez le dealer \u00e0 trottinette"},"content":{"rendered":"<p>Inform\u00e9e d\u00e9but juin d\u2019un trafic de stup\u00e9fiants entre le secteur de la Guilloti\u00e8re et la place Jean Mac\u00e9 \u00e0 Lyon (7e), la police n\u2019a pas tard\u00e9 \u00e0 rep\u00e9rer un suspect. Signe particulier, cet homme de 30 ans d\u00e9favorablement connu utilisait une trottinette pour transporter des stup\u00e9fiants.<\/p>\n<p>Lundi 23\u00a0juin vers 16 heures, les enqu\u00eateurs ont d\u00e9cid\u00e9 de le contr\u00f4ler quand il sortait de chez lui. \u00c0 la vue des policiers, il a essay\u00e9 de se d\u00e9barrasser du cannabis qu\u2019il d\u00e9tenait mais il a \u00e9t\u00e9 aussit\u00f4t interpell\u00e9. Il \u00e9tait en possession de 26\u00a0g de r\u00e9sine de cannabis, de 10\u00a0g d\u2019herbe et de 65\u00a0euros.<\/p>\n<p>  Pr\u00e8s de 3000 euros en liquide<\/p>\n<p>C\u2019est \u00e0 son domicile que les policiers ont fait la plus belle prise. Ils ont en effet saisi 2,5\u00a0kg d\u2019herbe de cannabis et 3,7\u00a0kg de r\u00e9sine de cannabis, ainsi que 2\u00a0980\u00a0euros en liquide, une arme de poing et des munitions et du mat\u00e9riel de d\u00e9coupe et de conditionnement.<\/p>\n<p>La valeur des produits saisis a \u00e9t\u00e9 <a href=\"https:\/\/www.leprogres.fr\/faits-divers-justice\/2023\/05\/16\/trafic-de-drogue-le-nerf-de-la-guerre-c-est-que-ca-rapporte\" target=\"_blank\" rel=\"noopener\">estim\u00e9e \u00e0 plus de 55\u00a0000\u00a0euros<\/a> et, en garde \u00e0 vue, le suspect a minimis\u00e9 son r\u00f4le dans le trafic. Il a par ailleurs refus\u00e9 de d\u00e9verrouiller son t\u00e9l\u00e9phone, ce qui constitue une infraction.<\/p>\n<p>Il a \u00e9t\u00e9 pr\u00e9sent\u00e9 ce mercredi au parquet en vue d\u2019une comparution imm\u00e9diate.<\/p>\n","protected":false},"excerpt":{"rendered":"Inform\u00e9e d\u00e9but juin d\u2019un trafic de stup\u00e9fiants entre le secteur de la Guilloti\u00e8re et la place Jean Mac\u00e9&hellip;\n","protected":false},"author":2,"featured_media":203727,"comment_status":"","ping_status":"","sticky":false,"template":"","format":"standard","meta":{"footnotes":""},"categories":[1889],"tags":[1111,11,2430,271,272,2757,1777,674,274,1011,27,2428,5947,5946,12,25,2429],"class_list":{"0":"post-203726","1":"post","2":"type-post","3":"status-publish","4":"format-standard","5":"has-post-thumbnail","7":"category-lyon","8":"tag-actu","9":"tag-actualites","10":"tag-auvergne-rhone-alpes","11":"tag-crime","12":"tag-delit-et-contravention","13":"tag-edition-lyon-villeurbanne","14":"tag-eu","15":"tag-europe","16":"tag-faits-divers-justice","17":"tag-fr","18":"tag-france","19":"tag-lyon","20":"tag-lyon-7e","21":"tag-lyon-7e-arrondissement","22":"tag-news","23":"tag-republique-francaise","24":"tag-rhone"},"share_on_mastodon":{"url":"https:\/\/pubeurope.com\/@fr\/114745155563152054","error":""},"_links":{"self":[{"href":"https:\/\/www.europesays.com\/fr\/wp-json\/wp\/v2\/posts\/203726","targetHints":{"allow":["GET"]}}],"collection":[{"href":"https:\/\/www.europesays.com\/fr\/wp-json\/wp\/v2\/posts"}],"about":[{"href":"https:\/\/www.europesays.com\/fr\/wp-json\/wp\/v2\/types\/post"}],"author":[{"embeddable":true,"href":"https:\/\/www.europesays.com\/fr\/wp-json\/wp\/v2\/users\/2"}],"replies":[{"embeddable":true,"href":"https:\/\/www.europesays.com\/fr\/wp-json\/wp\/v2\/comments?post=203726"}],"version-history":[{"count":0,"href":"https:\/\/www.europesays.com\/fr\/wp-json\/wp\/v2\/posts\/203726\/revisions"}],"wp:featuredmedia":[{"embeddable":true,"href":"https:\/\/www.europesays.com\/fr\/wp-json\/wp\/v2\/media\/203727"}],"wp:attachment":[{"href":"https:\/\/www.europesays.com\/fr\/wp-json\/wp\/v2\/media?parent=203726"}],"wp:term":[{"taxonomy":"category","embeddable":true,"href":"https:\/\/www.europesays.com\/fr\/wp-json\/wp\/v2\/categories?post=203726"},{"taxonomy":"post_tag","embeddable":true,"href":"https:\/\/www.europesays.com\/fr\/wp-json\/wp\/v2\/tags?post=203726"}],"curies":[{"name":"wp","href":"https:\/\/api.w.org\/{rel}","templated":true}]}}