{"id":203728,"date":"2025-06-25T17:21:12","date_gmt":"2025-06-25T17:21:12","guid":{"rendered":"https:\/\/www.europesays.com\/fr\/203728\/"},"modified":"2025-06-25T17:21:12","modified_gmt":"2025-06-25T17:21:12","slug":"nathalie-perrin-gilbert-devoile-son-grand-projet-pour-ce-lieu-ferme-depuis-18-ans","status":"publish","type":"post","link":"https:\/\/www.europesays.com\/fr\/203728\/","title":{"rendered":"Nathalie Perrin-Gilbert d\u00e9voile son grand projet pour ce lieu ferm\u00e9 depuis 18 ans"},"content":{"rendered":"<p>            Par<br \/>\n        <strong><br \/>\n            <a href=\"https:\/\/actu.fr\/auteur\/nicolas-zaugra\" title=\"Consulter tous les articles de Nicolas Zaugra\" rel=\"nofollow noopener\" target=\"_blank\">Nicolas Zaugra<\/a><br \/>\n        <\/strong><\/p>\n<p>        Publi\u00e9 le<\/p>\n<p>            25 juin 2025 \u00e0 18h55        <\/p>\n<p>Le <a href=\"https:\/\/actu.fr\/auvergne-rhone-alpes\/lyon_69123\/lyon-cet-enorme-musee-est-ferme-depuis-15-ans-voici-ce-qui-se-cache-a-l-interieur_54842844.html\" rel=\"nofollow noopener\" target=\"_blank\">mus\u00e9e Guimet<\/a>, ex-mus\u00e9e d\u2019histoire naturelle de <a href=\"https:\/\/actu.fr\/auvergne-rhone-alpes\/lyon_69123\" rel=\"nofollow noopener\" target=\"_blank\">Lyon,<\/a> est ferm\u00e9 depuis pr\u00e8s de 20 ans. Rouvert tr\u00e8s provisoirement en 2022 pour la Biennale d\u2019art contemporain puis referm\u00e9, cet immense monument du patrimoine lyonnais de 9 000 m\u00b2 n\u2019a toujours pas d\u2019avenir. Les projets autour de sa relance ont provoqu\u00e9 un <a href=\"https:\/\/actu.fr\/auvergne-rhone-alpes\/lyon_69123\/lyon-crise-a-la-mairie-une-adjointe-importante-demise-de-ses-fonctions-par-le-maire_61061166.html\" rel=\"nofollow noopener\" target=\"_blank\">divorce remarqu\u00e9<\/a> entre <strong>Nathalie Perrin Gilbert<\/strong>, ancienne adjointe \u00e0 la Culture et le maire <a href=\"https:\/\/actu.fr\/auvergne-rhone-alpes\/lyon_69123\/lyon-gregory-doucet-defend-la-nouvelle-ztl-elle-est-tres-bonne-pour-le-commerce_62807217.html\" rel=\"nofollow noopener\" target=\"_blank\">Gr\u00e9gory Doucet<\/a>. <br \/>D\u00e9sormais candidate aux municipales 2026, elle a d\u00e9voil\u00e9 ce mercredi son projet pour ce lieu embl\u00e9matique du 6e arrondissement. Elle veut le rouvrir au prochain mandat dans un projet \u00e0 40 millions d\u2019euros.<\/p>\n<p>Un \u00ab\u00a0exploratorium\u00a0\u00bb lyonnais pour mettre en avant la science<\/p>\n<p class=\" wall-content\">La candidate aux municipales veut transformer ce lieu \u00ab\u00a0d\u2019ici 2030-2032\u00a0\u00bb en \u00ab\u00a0exploratorium\u00a0\u00bb, une sorte de mus\u00e9e g\u00e9ant consacr\u00e9 aux sciences, aux exp\u00e9riences pour la jeunesse et \u00e0 la connaissance scientifique et \u00e0 l\u2019\u00e9ducation.\u00a0<\/p>\n<p class=\" wall-content\">Nathalie Perrin Gilbert veut s\u2019inspirer de l&rsquo;\u00a0\u00bbexploratorium de San-Francisco\u00a0\u00bb aux \u00c9tats-Unis qu\u2019elle cite en r\u00e9f\u00e9rence. \u00ab\u00a0On n\u2019a pas de lieu consacr\u00e9 \u00e0 la connaissance scientifique \u00e0 Lyon\u00a0\u00bb, affirme-t-elle. Pour elle, le b\u00e2timent laiss\u00e9 vide en 2007 au profit de l\u2019ouverture du tout nouveau Mus\u00e9e des Confluences doit s\u2019ouvrir aux sciences. Il serait aussi en lien avec le parc de la T\u00eate d\u2019or et le Mus\u00e9e d\u2019art contemporain situ\u00e9 \u00e0 proximit\u00e9 \u00e0 la Cit\u00e9 internationale.\u00a0<\/p>\n<p>    <img   decoding=\"async\" loading=\"lazy\" src=\"https:\/\/www.europesays.com\/fr\/wp-content\/uploads\/2025\/06\/musee-guillemet-960x640.jpeg\" alt=\"Le Mus\u00e9e Guimet dans le 6e arrondissement de Lyon est ferm\u00e9 depuis 15 ans.\" width=\"960\" height=\"640\"\/><br \/>\n    Le Mus\u00e9e Guimet dans le 6e arrondissement de Lyon est ferm\u00e9 depuis 15 ans. L\u2019int\u00e9rieur en 2022 lors d\u2019une exposition temporaire. (\u00a9Nicolas Zaugra\/ actu Lyon)<\/p>\n<p class=\" wall-content\">Il y a quelques mois, l\u2019\u00e9lue voulait transformer le mus\u00e9e en lieu d\u00e9di\u00e9 \u00e0 la photographie \u00e0 l\u2019image mais son id\u00e9e a \u00e9volu\u00e9.\u00a0<\/p>\n<blockquote class=\"ac-article-quote wall-content\">\n<p>Ce ne sera pas un mus\u00e9e : un lieu consacr\u00e9 aux sciences, \u00e0 la d\u00e9couverte, \u00e0 la connaissance scientifique. Un lieu tourn\u00e9 vers l\u2019enfance et la jeunesse. <\/p>\n<p>    <strong>Nathalie Perrin-Gilbert<\/strong>\n            <\/p><\/blockquote>\n<p class=\" wall-content\">L\u2019ex-adjointe \u00e0 la Culture insiste : le b\u00e2timent doit rester public et municipal. Elle chiffre son projet \u00ab\u00a0qui n\u2019est pas finalit\u00e9 et qui doit encore \u00eatre construit avec un comit\u00e9 scientifique, des experts et les Lyonnais\u00a0\u00bb \u00e0 <strong>40 millions d\u2019euros<\/strong>.\u00a0<\/p>\n<p>Un projet \u00e0 40 millions d\u2019euros \u00ab\u00a0phare pour le mandat\u00a0\u00bb<\/p>\n<p class=\" wall-content\">Pour financer son grand projet, elle compte d\u2019abord faire un audit des finances de la Ville. Les 40 millions d\u2019euros peuvent aussi \u00eatre trouv\u00e9s \u00ab\u00a0avec une fondation qui l\u00e8vera des fonds priv\u00e9s\u00a0\u00bb mais aussi des subventions de l\u2019\u00c9tat, d\u2019autres collectivit\u00e9s et de la M\u00e9tropole. \u00ab\u00a0Elle sera sollicit\u00e9e pour ce projet, en \u00e9change la Ville peut entrer au financement du Mus\u00e9e des Confluences, ce qui n\u2019est pas le cas\u00a0\u00bb, regrette-t-elle.\u00a0<\/p>\n<p class=\" wall-content\">Comment elle imagine ce lieu ? Des expositions provisoires, des ateliers, des exp\u00e9rimentations, des \u00e9v\u00e9nements ouverts au grand public.<\/p>\n<p class=\" wall-content\">Pour la candidate de Lyon en commun, il y a urgence \u00e0 r\u00e9nover l\u2019ancien mus\u00e9e car il se d\u00e9grade mois apr\u00e8s mois. \u00ab\u00a0Plus on attend, plus le budget sera cher\u00a0\u00bb. Au-del\u00e0 de la partie culturelle, Perrin-Gilbert propose aussi d\u2019y installer <strong>une cr\u00e8che pour enfants ouverte aux visiteurs et habitants du 6e.<\/strong><\/p>\n<p>    <img   decoding=\"async\" loading=\"lazy\" src=\"https:\/\/www.europesays.com\/fr\/wp-content\/uploads\/2025\/06\/musee-gimet-lyon-960x640.jpeg\" alt=\"Le Mus\u00e9e Guimet de Lyon est ferm\u00e9 depuis 15 ans.\" width=\"960\" height=\"640\"\/><br \/>\n    Le Mus\u00e9e Guimet de Lyon est ferm\u00e9 depuis 15 ans. (\u00a9Nicolas Zaugra\/ actu Lyon)Une maison des m\u00e9dias et de la presse dans le 1er arrondissement<\/p>\n<p class=\" wall-content\">Autre proposition de campagne pour l\u2019ancienne maire du 1er : cr\u00e9er une sorte de maison des m\u00e9dias et de la presse pour \u00e9duquer les plus jeunes et le public \u00e0 l\u2019information. Un lieu de cr\u00e9ations, d\u2019\u00e9ducation et de lutter contre la d\u00e9sinformation. Le club de la presse de Lyon pourrait aussi s\u2019y installer.<\/p>\n<p class=\" wall-content\">Elle souhaite installer ce lieu dans l\u2019ex-\u00c9cole des Beaux-Arts dans les pentes de la Croix-Rousse dont la r\u00e9novation a d\u00e9marr\u00e9. Une premi\u00e8re phase doit \u00eatre livr\u00e9e en 2026. La mairie \u00e9cologiste souhaite y installer un tiers-lieu de la transition \u00e9cologique et une \u00ab\u00a0\u00e9cole de la r\u00e9silience\u00a0\u00bb. Mauvaise id\u00e9e pour Nathalie Perrin-Gilbert qui s\u2019y oppose.<\/p>\n<p>La gratuit\u00e9 des mus\u00e9es lyonnais pour les moins de 26 ans<\/p>\n<p class=\" wall-content\">Enfin, Nathalie Perrin-Gilbert propose la gratuit\u00e9 des mus\u00e9es de la Ville de Lyon aux moins de 26 ans, y compris les non-\u00e9tudiants.\u00a0<\/p>\n<p class=\" wall-content\">\u00ab\u00a0C\u2019est une premi\u00e8re \u00e9tape\u00a0\u00bb, dit-elle avant une \u00e9ventuelle gratuit\u00e9 g\u00e9n\u00e9ralis\u00e9e des mus\u00e9es pour tous les visiteurs. Mais pour cela, il faut \u00e9tudier les finances municipales.<\/p>\n<p class=\" wall-content\">Suivez toute l\u2019actualit\u00e9 de vos villes et m\u00e9dias favoris en vous inscrivant \u00e0 <a href=\"https:\/\/moncompte.actu.fr\" title=\"D\u00e9couvez Mon Actu\" rel=\"nofollow noopener\" data-trk=\"{&quot;cta&quot;:{&quot;action&quot;:&quot;https:\\\/\\\/moncompte.actu.fr&quot;,&quot;category&quot;:&quot;mon compte&quot;,&quot;from&quot;:&quot;article footer&quot;,&quot;name&quot;:&quot;Mon actu&quot;,&quot;type&quot;:&quot;cta&quot;}}\" target=\"_blank\">Mon Actu<\/a>.<\/p>\n","protected":false},"excerpt":{"rendered":"Par Nicolas Zaugra Publi\u00e9 le 25 juin 2025 \u00e0 18h55 Le mus\u00e9e Guimet, ex-mus\u00e9e d\u2019histoire naturelle de Lyon,&hellip;\n","protected":false},"author":2,"featured_media":203729,"comment_status":"","ping_status":"","sticky":false,"template":"","format":"standard","meta":{"footnotes":""},"categories":[1889],"tags":[1111,11,2430,4188,1777,674,1011,27,2428,3434,12,316,25],"class_list":{"0":"post-203728","1":"post","2":"type-post","3":"status-publish","4":"format-standard","5":"has-post-thumbnail","7":"category-lyon","8":"tag-actu","9":"tag-actualites","10":"tag-auvergne-rhone-alpes","11":"tag-elections-municipales","12":"tag-eu","13":"tag-europe","14":"tag-fr","15":"tag-france","16":"tag-lyon","17":"tag-municipales-2026","18":"tag-news","19":"tag-politique","20":"tag-republique-francaise"},"share_on_mastodon":{"url":"https:\/\/pubeurope.com\/@fr\/114745159475917304","error":""},"_links":{"self":[{"href":"https:\/\/www.europesays.com\/fr\/wp-json\/wp\/v2\/posts\/203728","targetHints":{"allow":["GET"]}}],"collection":[{"href":"https:\/\/www.europesays.com\/fr\/wp-json\/wp\/v2\/posts"}],"about":[{"href":"https:\/\/www.europesays.com\/fr\/wp-json\/wp\/v2\/types\/post"}],"author":[{"embeddable":true,"href":"https:\/\/www.europesays.com\/fr\/wp-json\/wp\/v2\/users\/2"}],"replies":[{"embeddable":true,"href":"https:\/\/www.europesays.com\/fr\/wp-json\/wp\/v2\/comments?post=203728"}],"version-history":[{"count":0,"href":"https:\/\/www.europesays.com\/fr\/wp-json\/wp\/v2\/posts\/203728\/revisions"}],"wp:featuredmedia":[{"embeddable":true,"href":"https:\/\/www.europesays.com\/fr\/wp-json\/wp\/v2\/media\/203729"}],"wp:attachment":[{"href":"https:\/\/www.europesays.com\/fr\/wp-json\/wp\/v2\/media?parent=203728"}],"wp:term":[{"taxonomy":"category","embeddable":true,"href":"https:\/\/www.europesays.com\/fr\/wp-json\/wp\/v2\/categories?post=203728"},{"taxonomy":"post_tag","embeddable":true,"href":"https:\/\/www.europesays.com\/fr\/wp-json\/wp\/v2\/tags?post=203728"}],"curies":[{"name":"wp","href":"https:\/\/api.w.org\/{rel}","templated":true}]}}