{"id":203734,"date":"2025-06-25T17:24:11","date_gmt":"2025-06-25T17:24:11","guid":{"rendered":"https:\/\/www.europesays.com\/fr\/203734\/"},"modified":"2025-06-25T17:24:11","modified_gmt":"2025-06-25T17:24:11","slug":"de-grosses-perturbations-prevues-sur-les-lignes-sncf","status":"publish","type":"post","link":"https:\/\/www.europesays.com\/fr\/203734\/","title":{"rendered":"de grosses perturbations pr\u00e9vues sur les lignes SNCF"},"content":{"rendered":"<p>            Par<br \/>\n        <strong><br \/>\n            <a href=\"https:\/\/actu.fr\/auteur\/redaction-paris\" title=\"Consulter tous les articles de R\u00e9daction Paris\" target=\"_blank\" rel=\"noopener\">R\u00e9daction Paris<\/a><br \/>\n        <\/strong><\/p>\n<p>        Publi\u00e9 le<\/p>\n<p>            25 juin 2025 \u00e0 18h49        <\/p>\n<p>L\u2019\u00e9tau se resserre dans le ciel francilien, mais aussi dans les transports. Depuis ce mercredi 25 juin 2025 16 heures, <a href=\"https:\/\/actu.fr\/paris\/dernieres-actus\" target=\"_blank\" rel=\"noopener\">Paris<\/a> et sa r\u00e9gion sont plac\u00e9es par <a href=\"https:\/\/actu.fr\/tag\/meteo-france\" target=\"_blank\" rel=\"noopener\">M\u00e9t\u00e9o-France<\/a> en <a href=\"https:\/\/actu.fr\/meteo\/orages-violents-grele-meteo-france-renforce-la-vigilance-a-paris-et-en-ile-de-france_62820720.html\" target=\"_blank\" rel=\"noopener\">vigilance orages, pluies et vents violents<\/a>. Alors que, sur les routes, la <a href=\"https:\/\/actu.fr\/ile-de-france\/paris_75056\/trafic-au-ralenti-sur-les-routes-de-paris-et-d-ile-de-france-d-importants-bouchons-signales_62820844.html\" target=\"_blank\" rel=\"noopener\">circulation n\u2019a pas \u00e9volu\u00e9<\/a> depuis ce matin et cafouille donc toujours s\u00e9rieusement, ce pourrait \u00eatre aussi le cas sur de nombreuses lignes <a href=\"https:\/\/actu.fr\/tag\/sncf\" target=\"_blank\" rel=\"noopener\">SNCF.<\/a><\/p>\n<p class=\" wall-content\">Sur les r\u00e9seaux sociaux, l\u2019op\u00e9rateur multiplie ce m\u00eame message de pr\u00e9vention :<\/p>\n<blockquote class=\"ac-article-quote wall-content\">\n<p>En raison d&rsquo;une alerte m\u00e9t\u00e9o orages et vents violents sur notre r\u00e9gion, la circulation des trains risque d&rsquo;\u00eatre perturb\u00e9e en soir\u00e9e. Nous vous invitons \u00e0 anticiper vos retours et \u00e0 emprunter nos lignes avant 19 heures.<\/p>\n<p>    <strong>SNCF<\/strong>\n            <\/p><\/blockquote>\n<p>Transilien et RER<\/p>\n<p class=\" wall-content\">Les <a href=\"https:\/\/actu.fr\/tag\/transilien\" target=\"_blank\" rel=\"noopener\">Transilien<\/a> et RER sont les premiers concern\u00e9s, comme les lignes J et L, qui desservent l\u2019Ouest, et o\u00f9 la situation est prise tr\u00e8s au s\u00e9rieux. Un peu plus t\u00f4t dans la journ\u00e9e, SNCF R\u00e9seau a annonc\u00e9 suspendre les circulations ferroviaires normandes, \u00e0 l\u2019exception des deux lignes Caen \u2013 Cherbourg et\u00a0 Caen \u2013 Granville \u2013 Rennes.<\/p>\n<p class=\" wall-content\">\n<p class=\" wall-content\">Plus pr\u00e8s de nous, le compte X du <a href=\"https:\/\/actu.fr\/tag\/rer-d\" target=\"_blank\" rel=\"noopener\">RER D<\/a> relaie \u00e9galement la recommandation d\u2019effectuer ses trajets rapidement.\u00a0<\/p>\n<p>Vid\u00e9os : en ce moment sur Actu<\/p>\n<p class=\" wall-content\">\n<p class=\" wall-content\">\n<p class=\" wall-content\">Pour ce qui est de la ligne L, et \u00ab\u00a0afin de garantir la s\u00e9curit\u00e9 des voyageurs et du personnel, une interruption du trafic est pr\u00e9vue entre Saint-Cloud et Saint-Nom \u00e0 partir de 22 heures\u00a0\u00bb, apprend-on \u00e9galement.<\/p>\n<p class=\" wall-content\">\n<p class=\" wall-content\">Il est vivement recommand\u00e9 \u00e0 tous les usagers de se tenir au courant via les applications de mobilit\u00e9.<\/p>\n<p class=\" wall-content\">Suivez toute l\u2019actualit\u00e9 de vos villes et m\u00e9dias favoris en vous inscrivant \u00e0 <a href=\"https:\/\/moncompte.actu.fr\" title=\"D\u00e9couvez Mon Actu\" rel=\"nofollow noopener\" data-trk=\"{&quot;cta&quot;:{&quot;action&quot;:&quot;https:\\\/\\\/moncompte.actu.fr&quot;,&quot;category&quot;:&quot;mon compte&quot;,&quot;from&quot;:&quot;article footer&quot;,&quot;name&quot;:&quot;Mon actu&quot;,&quot;type&quot;:&quot;cta&quot;}}\" target=\"_blank\">Mon Actu<\/a>.<\/p>\n","protected":false},"excerpt":{"rendered":"Par R\u00e9daction Paris Publi\u00e9 le 25 juin 2025 \u00e0 18h49 L\u2019\u00e9tau se resserre dans le ciel francilien, mais&hellip;\n","protected":false},"author":2,"featured_media":203735,"comment_status":"","ping_status":"","sticky":false,"template":"","format":"standard","meta":{"footnotes":""},"categories":[1888],"tags":[1111,1928,11,1927,3542,1777,674,1011,27,803,2357,12,1926,626,1925,25,104],"class_list":{"0":"post-203734","1":"post","2":"type-post","3":"status-publish","4":"format-standard","5":"has-post-thumbnail","7":"category-paris","8":"tag-actu","9":"tag-actu-paris","10":"tag-actualites","11":"tag-actualites-paris","12":"tag-circulation","13":"tag-eu","14":"tag-europe","15":"tag-fr","16":"tag-france","17":"tag-info-trafic","18":"tag-meteo-france","19":"tag-news","20":"tag-news-paris","21":"tag-paris","22":"tag-paris-news","23":"tag-republique-francaise","24":"tag-societe"},"share_on_mastodon":{"url":"https:\/\/pubeurope.com\/@fr\/114745171257557474","error":""},"_links":{"self":[{"href":"https:\/\/www.europesays.com\/fr\/wp-json\/wp\/v2\/posts\/203734","targetHints":{"allow":["GET"]}}],"collection":[{"href":"https:\/\/www.europesays.com\/fr\/wp-json\/wp\/v2\/posts"}],"about":[{"href":"https:\/\/www.europesays.com\/fr\/wp-json\/wp\/v2\/types\/post"}],"author":[{"embeddable":true,"href":"https:\/\/www.europesays.com\/fr\/wp-json\/wp\/v2\/users\/2"}],"replies":[{"embeddable":true,"href":"https:\/\/www.europesays.com\/fr\/wp-json\/wp\/v2\/comments?post=203734"}],"version-history":[{"count":0,"href":"https:\/\/www.europesays.com\/fr\/wp-json\/wp\/v2\/posts\/203734\/revisions"}],"wp:featuredmedia":[{"embeddable":true,"href":"https:\/\/www.europesays.com\/fr\/wp-json\/wp\/v2\/media\/203735"}],"wp:attachment":[{"href":"https:\/\/www.europesays.com\/fr\/wp-json\/wp\/v2\/media?parent=203734"}],"wp:term":[{"taxonomy":"category","embeddable":true,"href":"https:\/\/www.europesays.com\/fr\/wp-json\/wp\/v2\/categories?post=203734"},{"taxonomy":"post_tag","embeddable":true,"href":"https:\/\/www.europesays.com\/fr\/wp-json\/wp\/v2\/tags?post=203734"}],"curies":[{"name":"wp","href":"https:\/\/api.w.org\/{rel}","templated":true}]}}