{"id":203740,"date":"2025-06-25T17:27:10","date_gmt":"2025-06-25T17:27:10","guid":{"rendered":"https:\/\/www.europesays.com\/fr\/203740\/"},"modified":"2025-06-25T17:27:10","modified_gmt":"2025-06-25T17:27:10","slug":"paris-dauphine-sagrandit","status":"publish","type":"post","link":"https:\/\/www.europesays.com\/fr\/203740\/","title":{"rendered":"Paris : Dauphine s&rsquo;agrandit"},"content":{"rendered":"<p>\nD\u00e9but 2022, l&rsquo;universit\u00e9 Paris Dauphine-PSL (pour Paris sciences et lettres) a lanc\u00e9 les travaux de transformation de son campus install\u00e9 depuis plus de cinquante ans dans l&rsquo;ancien si\u00e8ge de l&rsquo;Otan, dans le XVIe arrondissement. Un nouveau b\u00e2timent de 3 612 m2 SU, dit \u00ab aile F \u00bb, tout juste inaugur\u00e9, constitue la pierre angulaire de ce projet confi\u00e9 \u00e0 Ga\u00eblle P\u00e9neau Architectes Associ\u00e9s. En structure m\u00e9tallique, sur pilotis et dot\u00e9 de fa\u00e7ades transparentes, il abrite des salles de cours, un learning center\u2026 et une cr\u00e8che au dernier \u00e9tage. Les 60 000 m2 de b\u00e2ti existant vont d\u00e9sormais \u00eatre r\u00e9nov\u00e9s, avec en particulier une mise aux normes \u00e9nerg\u00e9tiques. L&rsquo;\u00e9difice con\u00e7u par Jacques Carlu en 1955 \u00e9tant class\u00e9 patrimoine remarquable du XXe si\u00e8cle, l&rsquo;isolation thermique et acoustique sera assur\u00e9e par la pose de ch\u00e2ssis int\u00e9rieurs. Les travaux, men\u00e9s par L\u00e9on Grosse, Axima et Ineo, devraient se poursuivre en site occup\u00e9 jusqu&rsquo;en 2029. Le budget global s&rsquo;\u00e9l\u00e8ve \u00e0 154,7 M\u20ac TTC dont 80,1 % financ\u00e9s par l&rsquo;Etat.<\/p>\n<p>\n\u00a0<\/p>\n<p class=\"editoTitleType1 editoTitleType1--lagoon is-uppercase\">S\u00e9lectionn\u00e9 <b>pour vous<\/b><\/p>\n<p><a class=\"editoCardType21__link editoCardType21__containerImage\" href=\"https:\/\/www.lemoniteur.fr\/article\/jean-nouvel-re-affirme-ses-convictions.2346887\" data-xiti-name=\"2346887\" target=\"_blank\" rel=\"noopener\"><br \/>\n<img decoding=\"async\" src=\"data:image\/gif;base64,R0lGODdhAQABAPAAAMPDwwAAACwAAAAAAQABAAACAkQBADs=\" data-original=\"\/mediatheque\/4\/5\/0\/002436054_256x170_c.jpg\" alt=\"Lecture : l'architecte Jean Nouvel (r\u00e9)affirme ses \u00abConvictions\u00bb\"\/><br \/>\n<\/a><\/p>\n","protected":false},"excerpt":{"rendered":"D\u00e9but 2022, l&rsquo;universit\u00e9 Paris Dauphine-PSL (pour Paris sciences et lettres) a lanc\u00e9 les travaux de transformation de son&hellip;\n","protected":false},"author":2,"featured_media":203741,"comment_status":"","ping_status":"","sticky":false,"template":"","format":"standard","meta":{"footnotes":""},"categories":[1888],"tags":[11,1350,28424,13701,1777,674,1011,27,2602,662,12,626,19469,25,34276],"class_list":{"0":"post-203740","1":"post","2":"type-post","3":"status-publish","4":"format-standard","5":"has-post-thumbnail","7":"category-paris","8":"tag-actualites","9":"tag-architecture","10":"tag-batiment-d-enseignemen","11":"tag-campus","12":"tag-eu","13":"tag-europe","14":"tag-fr","15":"tag-france","16":"tag-grand-paris-ile-de-fra","17":"tag-ile-de-france","18":"tag-news","19":"tag-paris","20":"tag-realisations","21":"tag-republique-francaise","22":"tag-travaux-en-site-occupe"},"share_on_mastodon":{"url":"https:\/\/pubeurope.com\/@fr\/114745183046761804","error":""},"_links":{"self":[{"href":"https:\/\/www.europesays.com\/fr\/wp-json\/wp\/v2\/posts\/203740","targetHints":{"allow":["GET"]}}],"collection":[{"href":"https:\/\/www.europesays.com\/fr\/wp-json\/wp\/v2\/posts"}],"about":[{"href":"https:\/\/www.europesays.com\/fr\/wp-json\/wp\/v2\/types\/post"}],"author":[{"embeddable":true,"href":"https:\/\/www.europesays.com\/fr\/wp-json\/wp\/v2\/users\/2"}],"replies":[{"embeddable":true,"href":"https:\/\/www.europesays.com\/fr\/wp-json\/wp\/v2\/comments?post=203740"}],"version-history":[{"count":0,"href":"https:\/\/www.europesays.com\/fr\/wp-json\/wp\/v2\/posts\/203740\/revisions"}],"wp:featuredmedia":[{"embeddable":true,"href":"https:\/\/www.europesays.com\/fr\/wp-json\/wp\/v2\/media\/203741"}],"wp:attachment":[{"href":"https:\/\/www.europesays.com\/fr\/wp-json\/wp\/v2\/media?parent=203740"}],"wp:term":[{"taxonomy":"category","embeddable":true,"href":"https:\/\/www.europesays.com\/fr\/wp-json\/wp\/v2\/categories?post=203740"},{"taxonomy":"post_tag","embeddable":true,"href":"https:\/\/www.europesays.com\/fr\/wp-json\/wp\/v2\/tags?post=203740"}],"curies":[{"name":"wp","href":"https:\/\/api.w.org\/{rel}","templated":true}]}}