{"id":203744,"date":"2025-06-25T17:29:12","date_gmt":"2025-06-25T17:29:12","guid":{"rendered":"https:\/\/www.europesays.com\/fr\/203744\/"},"modified":"2025-06-25T17:29:12","modified_gmt":"2025-06-25T17:29:12","slug":"depenses-de-defense-ukraine-les-principaux-enseignements-du-sommet-de-lotan","status":"publish","type":"post","link":"https:\/\/www.europesays.com\/fr\/203744\/","title":{"rendered":"D\u00e9penses de d\u00e9fense, Ukraine : les principaux enseignements du sommet de l&rsquo;OTAN"},"content":{"rendered":"<p><img decoding=\"async\" class=\"c-ad__placeholder__logo\" src=\"https:\/\/static.euronews.com\/website\/images\/logos\/logo-euronews-grey-6-180x22.svg\" width=\"180\" height=\"22\" alt=\"\" loading=\"lazy\"\/>PUBLICIT\u00c9<\/p>\n<p>Les dirigeants de l&rsquo;OTAN ont confirm\u00e9 mercredi leur engagement \u00e0 plus que doubler les d\u00e9penses de d\u00e9fense d&rsquo;ici \u00e0 2035 en utilisant des termes tels que \u00ab\u00a0crucial\u00a0\u00bb, \u00ab\u00a0capital\u00a0\u00bb et \u00ab\u00a0saut quantique\u00a0\u00bb, mais le sommet a \u00e9galement mis en \u00e9vidence des divergences sur la mani\u00e8re dont les \u00c9tats-Unis et l&rsquo;Europe per\u00e7oivent l&rsquo;Ukraine et la Russie.<\/p>\n<p>Les alli\u00e9s se sont engag\u00e9s \u00e0 consacrer 3,5 % de leur PIB aux d\u00e9penses de d\u00e9fense de base, pour l&rsquo;achat de mat\u00e9riel militaire et le maintien des troupes, et 1,5 % aux investissements li\u00e9s \u00e0 la d\u00e9fense. Cela comprend des investissements \u00e0 double usage qui stimuleraient la mobilit\u00e9 militaire, la cybers\u00e9curit\u00e9, la coop\u00e9ration militaire et civile et la r\u00e9silience des infrastructures critiques.<\/p>\n<p>Le pr\u00e9sident am\u00e9ricain Donald Trump, qui r\u00e9clamait depuis longtemps un objectif de 5 %, a cri\u00e9 victoire, se f\u00e9licitant de ce que \u00ab\u00a0plus de 1 000 milliards (de dollars am\u00e9ricains) par an\u00a0\u00bb seront d\u00e9sormais consacr\u00e9s \u00e0 la d\u00e9fense par l&rsquo;Europe et le Canada.<\/p>\n<p>La d\u00e9claration issue du sommet est beaucoup plus courte que les d\u00e9clarations issues des r\u00e9unions pr\u00e9c\u00e9dentes et brosse le tableau d&rsquo;une alliance unie, mais tout n&rsquo;est pas ce qu&rsquo;il semble.<\/p>\n<p>Voici ce qu&rsquo;il faut savoir.<\/p>\n<p>Diff\u00e9rentes interpr\u00e9tations des 5%<\/p>\n<p>\u00ab\u00a0Les alli\u00e9s s&rsquo;engagent \u00e0 investir, d&rsquo;ici \u00e0 2035, 5 % de leur PIB par an dans les besoins essentiels de d\u00e9fense ainsi que dans les d\u00e9penses li\u00e9es \u00e0 la d\u00e9fense et \u00e0 la s\u00e9curit\u00e9, afin de remplir leurs obligations individuelles et collectives, conform\u00e9ment \u00e0 l&rsquo;article 3 du trait\u00e9 de Washington\u00a0\u00bb, peut-on lire dans la d\u00e9claration de l&rsquo;OTAN.<\/p>\n<p>Mais certains alli\u00e9s semblent avoir une interpr\u00e9tation diff\u00e9rente. L&rsquo;Espagne et la Slovaquie, par exemple, ont indiqu\u00e9 qu&rsquo;elles ne pr\u00e9voyaient pas d&rsquo;augmenter leur budget de d\u00e9fense pour l&rsquo;instant, arguant qu&rsquo;elles pouvaient atteindre leurs objectifs de capacit\u00e9 en d\u00e9pensant moins.<\/p>\n<p>Le Premier ministre espagnol Pedro S\u00e1nchez a soulign\u00e9 devant les journalistes, apr\u00e8s le sommet, que l&rsquo;Espagne \u00e9tait \u00ab\u00a0fermement attach\u00e9e \u00e0 nos objectifs de capacit\u00e9\u00a0\u00bb et \u00ab\u00a0un pays s\u00e9rieux qui respecte ses engagements\u00a0\u00bb.<\/p>\n<p>Mark Rutte a plus ou moins mis en doute la capacit\u00e9 des deux pays \u00e0 y parvenir, d\u00e9clarant aux journalistes \u00e0 la fin du sommet que les objectifs \u00e9taient calcul\u00e9s sur la base du processus de planification de la d\u00e9fense au cours duquel les objectifs de capacit\u00e9 de chaque pays et les estimations de ce qu&rsquo;il en co\u00fbterait pour les atteindre \u00e9taient fix\u00e9s.<\/p>\n<p>Bart De Wever, Premier ministre belge, a \u00e9galement exprim\u00e9 son scepticisme, d\u00e9clarant aux journalistes mercredi matin avant le sommet que \u00ab\u00a0si nous pouvons le faire (atteindre les objectifs de capacit\u00e9 avec moins de 3,5 % du PIB), nous essaierons de le faire aussi\u00a0\u00bb.<\/p>\n<p>\u00ab\u00a0Mais l&rsquo;OTAN n&rsquo;est pas stupide. S&rsquo;ils disent qu&rsquo;il faudra 3,5 % pour y parvenir, c&rsquo;est probablement vrai\u00a0\u00bb, a-t-il ajout\u00e9.<\/p>\n<p>Le Premier ministre grec, Kyriakos Mitsotakis, a d\u00e9clar\u00e9 que les objectifs \u00ab\u00a0devraient \u00eatre contraignants et concerner les 32 membres de l&rsquo;Alliance\u00a0\u00bb.<\/p>\n<p>Pour Donald Trump, la position de l&rsquo;Espagne est \u00ab\u00a0terrible\u00a0\u00bb. Il a ajout\u00e9 qu&rsquo;il allait \u00ab\u00a0les faire payer deux fois plus\u00a0\u00bb par d&rsquo;autres moyens.<\/p>\n<p>Les alli\u00e9s sont convenus de faire le point sur leur trajectoire de d\u00e9penses en 2029 et de fixer \u00e9ventuellement de nouveaux objectifs en mati\u00e8re de capacit\u00e9s en fonction de la situation g\u00e9opolitique.<\/p>\n<p>L&rsquo;engagement de Donald Trump en faveur de l&rsquo;article 5<\/p>\n<p>L&rsquo;article 5 du trait\u00e9 fondateur de l&rsquo;OTAN est la clause de d\u00e9fense collective qui stipule qu&rsquo;une attaque contre un alli\u00e9 est une attaque contre tous.<\/p>\n<p>Depuis sa r\u00e9\u00e9lection, Donald Trump a fustig\u00e9 les alli\u00e9s europ\u00e9ens qui ne d\u00e9pensent pas assez pour leur propre d\u00e9fense et a sugg\u00e9r\u00e9 que les \u00c9tats-Unis pourraient choisir de ne pas aider un alli\u00e9 attaqu\u00e9 si leurs d\u00e9penses sont faibles.<\/p>\n<p>Lorsqu&rsquo;on lui a demand\u00e9, alors qu&rsquo;il se rendait \u00e0 La Haye pour le sommet, s&rsquo;il restait engag\u00e9, Donald Trump a r\u00e9pondu aux journalistes : \u00ab\u00a0Cela d\u00e9pend de votre d\u00e9finition. Il existe de nombreuses d\u00e9finitions de l&rsquo;article 5.\u00a0\u00bb<\/p>\n<p>\u00ab\u00a0Mais je me suis engag\u00e9 \u00e0 \u00eatre leur ami (&#8230;) et je me suis engag\u00e9 \u00e0 les aider\u00a0\u00bb.<\/p>\n<p>Dans la d\u00e9claration de leur sommet, les 32 alli\u00e9s, y compris les \u00c9tats-Unis, \u00ab\u00a0r\u00e9affirment leur attachement ind\u00e9fectible \u00e0 la d\u00e9fense collective telle qu&rsquo;elle est inscrite \u00e0 l&rsquo;article 5 du trait\u00e9 de Washington, \u00e0 savoir qu&rsquo;une attaque contre l&rsquo;un d&rsquo;entre eux est une attaque contre tous\u00a0\u00bb.<\/p>\n<p>Mark Rutte et la plupart des dirigeants europ\u00e9ens ont d\u00e9clar\u00e9 publiquement qu&rsquo;ils n&rsquo;avaient aucun doute quant \u00e0 l&rsquo;engagement de Washington en faveur de la s\u00e9curit\u00e9 europ\u00e9enne. Le secr\u00e9taire g\u00e9n\u00e9ral a d\u00e9clar\u00e9 que les \u00c9tats-Unis \u00ab\u00a0l&rsquo;ont r\u00e9affirm\u00e9 aujourd&rsquo;hui en termes tr\u00e8s clairs\u00a0\u00bb.<\/p>\n<p>L&rsquo;Ukraine \u00e9dulcor\u00e9e<\/p>\n<p>Pour Mark Rutte, l&rsquo;un des messages \u00ab\u00a0retentissants\u00a0\u00bb qui ressort du sommet est celui du \u00ab\u00a0soutien continu\u00a0\u00bb de l&rsquo;Alliance \u00e0 l&rsquo;Ukraine.<\/p>\n<p>\u00ab\u00a0Notre objectif est de maintenir l&rsquo;Ukraine dans le combat aujourd&rsquo;hui afin qu&rsquo;elle puisse jouir d&rsquo;une paix durable \u00e0 l&rsquo;avenir\u00a0\u00bb, a-t-il d\u00e9clar\u00e9, r\u00e9affirmant \u00e9galement que le pays d\u00e9chir\u00e9 par la guerre est sur une \u00ab\u00a0voie irr\u00e9versible vers l&rsquo;OTAN\u00a0\u00bb.<\/p>\n<p>Cette formule a \u00e9t\u00e9 introduite dans la d\u00e9claration issue du sommet de 2024 \u00e0 Washington, dans laquelle le mot Ukraine est apparu une soixantaine de fois. Les alli\u00e9s ont \u00e9galement d\u00e9clar\u00e9 qu&rsquo;une Ukraine forte, ind\u00e9pendante et d\u00e9mocratique \u00ab\u00a0est vitale pour la s\u00e9curit\u00e9 et la stabilit\u00e9 de la r\u00e9gion euro-atlantique\u00a0\u00bb et \u00ab\u00a0contribue directement \u00e0 la s\u00e9curit\u00e9 euro-atlantique\u00a0\u00bb.<\/p>\n<p>Toutefois, dans la d\u00e9claration de cette ann\u00e9e, le mot Ukraine n&rsquo;est mentionn\u00e9 que deux fois : \u00ab\u00a0Les alli\u00e9s r\u00e9affirment leur engagement souverain et durable de fournir un soutien \u00e0 l&rsquo;Ukraine, dont la s\u00e9curit\u00e9 contribue \u00e0 la n\u00f4tre, et, \u00e0 cette fin, ils incluront les contributions directes \u00e0 la d\u00e9fense de l&rsquo;Ukraine et \u00e0 son industrie de d\u00e9fense dans le calcul des d\u00e9penses de d\u00e9fense des alli\u00e9s\u00a0\u00bb.<\/p>\n<p>Des sources des pays alli\u00e9s de l&rsquo;OTAN ont d\u00e9clar\u00e9 \u00e0 Euronews qu&rsquo;elles \u00e9taient s\u00fbres d&rsquo;un langage fort liant la s\u00e9curit\u00e9 de l&rsquo;Ukraine \u00e0 celle de l&rsquo;OTAN.<\/p>\n<p>Ce point a fait l&rsquo;objet de discussions ces derni\u00e8res semaines quant \u00e0 la force et \u00e0 la pertinence de l&rsquo;Ukraine dans la d\u00e9claration finale globale. Dans les semaines et les mois qui ont pr\u00e9c\u00e9d\u00e9 le sommet, on s&rsquo;est m\u00eame demand\u00e9 si le pr\u00e9sident ukrainien Volodymyr Zelensky serait invit\u00e9 au d\u00eener des dirigeants organis\u00e9 par le roi et la reine des Pays-Bas.<\/p>\n<p>Ne pas l&rsquo;inviter aurait \u00e9t\u00e9 \u00ab\u00a0un d\u00e9sastre en termes de relations publiques\u00a0\u00bb, a d\u00e9clar\u00e9 une autre source \u00e0 Euronews.<\/p>\n<p>Pourtant, les alli\u00e9s &#8211; \u00e0 l&rsquo;exception des \u00c9tats-Unis &#8211; s&rsquo;efforcent d&rsquo;expliquer que la marche vers l&rsquo;adh\u00e9sion de l&rsquo;Ukraine \u00e0 l&rsquo;OTAN ne s&rsquo;est pas arr\u00eat\u00e9e brusquement, mais qu&rsquo;elle s&rsquo;est seulement ralentie.<\/p>\n<p>\u00ab\u00a0Il y aura une voie vers l&rsquo;adh\u00e9sion de l&rsquo;Ukraine \u00e0 l&rsquo;OTAN, mais bien s\u00fbr \u00e0 nouveau lorsque les conditions le permettront et que les alli\u00e9s seront d&rsquo;accord\u00a0\u00bb, a d\u00e9clar\u00e9 le ministre letton de la D\u00e9fense, Andris Spr\u016bds.<\/p>\n<p>\u00ab\u00a0Pour le moment, les alli\u00e9s ne sont pas d&rsquo;accord sur cette d\u00e9cision sp\u00e9cifique, mais je suis s\u00fbr et certain que t\u00f4t ou tard, cette d\u00e9cision sera prise en ce qui concerne l&rsquo;OTAN et l&rsquo;Union europ\u00e9enne\u00a0\u00bb, a-t-il d\u00e9clar\u00e9 \u00e0 Euronews \u00e0 La Haye.<\/p>\n<p>Andris Spr\u016bds a soulign\u00e9 que l&rsquo;accent d\u00e9lib\u00e9r\u00e9ment mis sur les d\u00e9penses lors du sommet \u00e9tait l&rsquo;une des raisons de l&rsquo;\u00e9loignement de l&rsquo;Ukraine.<\/p>\n<p>\u00ab\u00a0Il s&rsquo;agit de d\u00e9penses, de capacit\u00e9s de l&rsquo;OTAN&#8230; donc indirectement ou directement, cela souligne \u00e9galement l&rsquo;importance de l&rsquo;Ukraine\u00a0\u00bb, a-t-il d\u00e9clar\u00e9.<\/p>\n<p>Volodymyr Zelensky a rencontr\u00e9 Donald Trump en marge du sommet, qui l&rsquo;a ensuite qualifi\u00e9 de \u00ab\u00a0tr\u00e8s gentil\u00a0\u00bb et a d\u00e9clar\u00e9 qu&rsquo;il \u00ab\u00a0n&rsquo;aurait pas pu \u00eatre plus gentil\u00a0\u00bb.<\/p>\n<p>Les deux hommes ont eu une r\u00e9union tr\u00e8s controvers\u00e9e dans le Bureau ovale en f\u00e9vrier.<\/p>\n<p>\u00ab\u00a0Il aimerait qu&rsquo;elle (la guerre) prenne fin\u00a0\u00bb, a \u00e9galement d\u00e9clar\u00e9 Donald Trump. \u00ab\u00a0Je vais parler \u00e0 Vladimir Poutine pour voir si nous pouvons y mettre fin.\u00a0\u00bb<\/p>\n<p>La Russie n&rsquo;est mentionn\u00e9e qu&rsquo;une seule fois<\/p>\n<p>L&rsquo;intervention am\u00e9ricaine est \u00e9galement \u00e0 l&rsquo;origine de la bri\u00e8vet\u00e9 de la mention de la Russie dans la d\u00e9claration, ont indiqu\u00e9 des sources \u00e0 Euronews.<\/p>\n<p>Le document indique que les alli\u00e9s sont \u00ab\u00a0unis face aux menaces et aux d\u00e9fis profonds en mati\u00e8re de s\u00e9curit\u00e9, en particulier la menace \u00e0 long terme que repr\u00e9sente la Russie pour la s\u00e9curit\u00e9 euro-atlantique\u00a0\u00bb.<\/p>\n<p>Interrog\u00e9 sur ses contacts avec Vladimir Poutine, Donald Trump a d\u00e9clar\u00e9 aux journalistes qu'\u00a0\u00bbil aimerait r\u00e9gler\u00a0\u00bb sa guerre en Ukraine, mais qu'\u00a0\u00bbil est possible\u00a0\u00bb qu&rsquo;il ait des vis\u00e9es sur d&rsquo;autres territoires europ\u00e9ens.<\/p>\n<p>\u00ab\u00a0Je le consid\u00e8re comme une personne qui, \u00e0 mon avis, a \u00e9t\u00e9 mal orient\u00e9e\u00a0\u00bb, a-t-il ajout\u00e9.<\/p>\n<p>Des sources non am\u00e9ricaines proches des n\u00e9gociations avaient pr\u00e9c\u00e9demment d\u00e9clar\u00e9, sous couvert d&rsquo;anonymat, qu&rsquo;elles n&rsquo;\u00e9taient pas m\u00e9contentes du langage utilis\u00e9 \u00e0 l&rsquo;\u00e9gard de la Russie et du fait qu&rsquo;elle soit le seul autre pays mentionn\u00e9. Selon elles, cela montre que l&rsquo;OTAN revient \u00e0 son \u00ab\u00a0c\u0153ur de m\u00e9tier\u00a0\u00bb.<\/p>\n<p>Au cours des ann\u00e9es pr\u00e9c\u00e9dentes, les \u00c9tats-Unis avaient insist\u00e9 pour que l&rsquo;Indo-Pacifique et la Chine soient mentionn\u00e9s.<\/p>\n","protected":false},"excerpt":{"rendered":"PUBLICIT\u00c9 Les dirigeants de l&rsquo;OTAN ont confirm\u00e9 mercredi leur engagement \u00e0 plus que doubler les d\u00e9penses de d\u00e9fense&hellip;\n","protected":false},"author":2,"featured_media":203745,"comment_status":"","ping_status":"","sticky":false,"template":"","format":"standard","meta":{"footnotes":""},"categories":[1590],"tags":[11,554,75,1777,674,2287,12,136,220],"class_list":{"0":"post-203744","1":"post","2":"type-post","3":"status-publish","4":"format-standard","5":"has-post-thumbnail","7":"category-ukraine","8":"tag-actualites","9":"tag-defense","10":"tag-donald-trump","11":"tag-eu","12":"tag-europe","13":"tag-mark-rutte","14":"tag-news","15":"tag-otan","16":"tag-ukraine"},"share_on_mastodon":{"url":"https:\/\/pubeurope.com\/@fr\/114745190925585655","error":""},"_links":{"self":[{"href":"https:\/\/www.europesays.com\/fr\/wp-json\/wp\/v2\/posts\/203744","targetHints":{"allow":["GET"]}}],"collection":[{"href":"https:\/\/www.europesays.com\/fr\/wp-json\/wp\/v2\/posts"}],"about":[{"href":"https:\/\/www.europesays.com\/fr\/wp-json\/wp\/v2\/types\/post"}],"author":[{"embeddable":true,"href":"https:\/\/www.europesays.com\/fr\/wp-json\/wp\/v2\/users\/2"}],"replies":[{"embeddable":true,"href":"https:\/\/www.europesays.com\/fr\/wp-json\/wp\/v2\/comments?post=203744"}],"version-history":[{"count":0,"href":"https:\/\/www.europesays.com\/fr\/wp-json\/wp\/v2\/posts\/203744\/revisions"}],"wp:featuredmedia":[{"embeddable":true,"href":"https:\/\/www.europesays.com\/fr\/wp-json\/wp\/v2\/media\/203745"}],"wp:attachment":[{"href":"https:\/\/www.europesays.com\/fr\/wp-json\/wp\/v2\/media?parent=203744"}],"wp:term":[{"taxonomy":"category","embeddable":true,"href":"https:\/\/www.europesays.com\/fr\/wp-json\/wp\/v2\/categories?post=203744"},{"taxonomy":"post_tag","embeddable":true,"href":"https:\/\/www.europesays.com\/fr\/wp-json\/wp\/v2\/tags?post=203744"}],"curies":[{"name":"wp","href":"https:\/\/api.w.org\/{rel}","templated":true}]}}