{"id":203750,"date":"2025-06-25T17:32:09","date_gmt":"2025-06-25T17:32:09","guid":{"rendered":"https:\/\/www.europesays.com\/fr\/203750\/"},"modified":"2025-06-25T17:32:09","modified_gmt":"2025-06-25T17:32:09","slug":"berlin-suspend-ses-subventions-aux-associations-de-sauvetage-en-mer","status":"publish","type":"post","link":"https:\/\/www.europesays.com\/fr\/203750\/","title":{"rendered":"Berlin suspend ses subventions aux associations de sauvetage en mer"},"content":{"rendered":"<p>Berlin va mettre fin \u00e0 son soutien financier aux ONG de sauvetage civil en mer M\u00e9diterran\u00e9e et ailleurs, ont indiqu\u00e9 mercredi 25\u00a0juin des sources au minist\u00e8re des affaires \u00e9trang\u00e8res, nouveau signe du <a href=\"https:\/\/www.la-croix.com\/international\/l-allemagne-va-refouler-la-plupart-des-demandeurs-dasile-a-la-frontiere-20250507\" data-tracking=\"inpage_click\" data-tracking-action=\"suivre un lien dans l&#039;article\" data-tracking-category=\"engagement\" rel=\"nofollow noopener\" target=\"_blank\">durcissement de la politique migratoire<\/a> allemande.<\/p>\n<p>\u00ab\u00a0Le gouvernement f\u00e9d\u00e9ral ne pr\u00e9voit plus de subventions aux ONG engag\u00e9es dans le sauvetage civil\u00a0\u00bb, ont indiqu\u00e9 ces sources. Cette d\u00e9cision du gouvernement entr\u00e9 en fonction d\u00e9but mai marque un changement de cap par rapport \u00e0 la politique men\u00e9e par la pr\u00e9c\u00e9dente coalition qui avait d\u00e9fendu ces aides.<\/p>\n<p>Au premier trimestre de l\u2019ann\u00e9e en cours, 900\u00a0000\u00a0\u20ac ont encore \u00e9t\u00e9 vers\u00e9s aux organisations concern\u00e9es, apr\u00e8s un total de 2\u00a0millions d\u2019euros en 2024, a-t-il \u00e9t\u00e9 pr\u00e9cis\u00e9 de source minist\u00e9rielle.<\/p>\n<p>Les ONG en ayant b\u00e9n\u00e9fici\u00e9 sont notamment SOS Humanity, <a href=\"https:\/\/www.la-croix.com\/france\/ocean-viking-apres-le-sauvetage-soigner-les-blessures-soulager-les-angoisses-20241119\" data-tracking=\"inpage_click\" data-tracking-action=\"suivre un lien dans l&#039;article\" data-tracking-category=\"engagement\" rel=\"nofollow noopener\" target=\"_blank\">SOS M\u00e9diterran\u00e9e<\/a>, RESQSHIP, Sea-Eye et Sant\u2019Egidio, qui s\u2019engagent dans le sauvetage des migrants en M\u00e9diterran\u00e9e, l\u2019une des routes migratoires les plus mortelles au monde.<\/p>\n<p>R\u00e9agissant \u00e0 l\u2019arr\u00eat des aides aux ONG de sauvetage en mer, la cheffe de file <a href=\"https:\/\/www.la-croix.com\/international\/en-allemagne-les-verts-preparent-les-legislatives-pour-ne-pas-couler-il-faut-bouger-20241117\" data-tracking=\"inpage_click\" data-tracking-action=\"suivre un lien dans l&#039;article\" data-tracking-category=\"engagement\" rel=\"nofollow noopener\" target=\"_blank\">des d\u00e9put\u00e9s \u00e9cologistes<\/a>, Britta Ha\u00dfelmann, a d\u00e9nonc\u00e9 une \u00ab\u00a0d\u00e9cision dramatique\u00a0\u00bb, estimant qu\u2019elle \u00ab\u00a0ne fera qu\u2019aggraver la crise humanitaire en M\u00e9diterran\u00e9e\u00a0\u00bb.<\/p>\n<p>\u00ab\u00a0Un signal catastrophique\u00a0\u00bb<\/p>\n<p>Le pr\u00e9sident de Sea-Eye, Gorden Isler, a \u00e9galement d\u00e9plor\u00e9 un \u00ab\u00a0signal catastrophique\u00a0\u00bb faisant que les sauveteurs pourraient \u00eatre \u00ab\u00a0contraints \u00e0 rester \u00e0 quai malgr\u00e9 des urgences en mer\u00a0\u00bb.<\/p>\n<p>La pr\u00e9c\u00e9dente cheffe de la diplomatie allemande, Annalena Baerbock, du parti des Verts, avait justifi\u00e9 ces aides face \u00e0 certaines critiques reprochant aux ONG de favoriser, m\u00eame involontairement, <a href=\"https:\/\/www.la-croix.com\/societe\/chauffeurs-banquiers-tarifs-dans-les-meandres-d-une-filiere-de-passeurs-de-migrants-20250618\" data-tracking=\"inpage_click\" data-tracking-action=\"suivre un lien dans l&#039;article\" data-tracking-category=\"engagement\" rel=\"nofollow noopener\" target=\"_blank\">l\u2019activit\u00e9 des passeurs<\/a>.<\/p>\n<p>Avant de devenir chancelier, le chef du parti conservateur (CDU) <a href=\"https:\/\/www.la-croix.com\/tag\/friedrich-merz-biographie-actualite-info\" data-tracking=\"inpage_click\" data-tracking-action=\"suivre un lien dans l&#039;article\" data-tracking-category=\"engagement\" rel=\"nofollow noopener\" target=\"_blank\">Friedrich Merz<\/a> r\u00e9p\u00e9tait \u00e0 l\u2019envi que seule une politique tr\u00e8s restrictive dans le domaine migratoire pouvait efficacement freiner l\u2019essor du parti d\u2019extr\u00eame droite <a href=\"https:\/\/www.la-croix.com\/international\/extreme-droite-europeenne-derriere-l-amitie-affichee-de-multiples-querelles-20250609\" data-tracking=\"inpage_click\" data-tracking-action=\"suivre un lien dans l&#039;article\" data-tracking-category=\"engagement\" rel=\"nofollow noopener\" target=\"_blank\">AfD en Allemagne<\/a>.<\/p>\n<p>\u00c0 son arriv\u00e9e \u00e0 la t\u00eate du gouvernement, au sein d\u2019une coalition avec les sociaux-d\u00e9mocrates (SPD), il a annonc\u00e9 plusieurs mesures pour limiter l\u2019accueil de demandeurs d\u2019asile en Allemagne dont le refoulement de la plupart d\u2019entre eux aux fronti\u00e8res terrestres du pays.<\/p>\n<p>Sur les 21 ONG participant \u00e0 la flotte de sauvetage en M\u00e9diterran\u00e9e centrale, 10 sont allemandes, avait indiqu\u00e9 mi-juin un collectif de ces organisations, selon lesquelles plus de 175\u00a0000 migrants ont \u00e9t\u00e9 secourus lors des op\u00e9rations men\u00e9es au cours des dix derni\u00e8res ann\u00e9es.<\/p>\n","protected":false},"excerpt":{"rendered":"Berlin va mettre fin \u00e0 son soutien financier aux ONG de sauvetage civil en mer M\u00e9diterran\u00e9e et ailleurs,&hellip;\n","protected":false},"author":2,"featured_media":203751,"comment_status":"","ping_status":"","sticky":false,"template":"","format":"standard","meta":{"footnotes":""},"categories":[1587],"tags":[11,672,1804,1805,1803,1777,674,1801,12,1802],"class_list":{"0":"post-203750","1":"post","2":"type-post","3":"status-publish","4":"format-standard","5":"has-post-thumbnail","7":"category-allemagne","8":"tag-actualites","9":"tag-allemagne","10":"tag-bundesrepublik-deutschland","11":"tag-de","12":"tag-deutschland","13":"tag-eu","14":"tag-europe","15":"tag-germany","16":"tag-news","17":"tag-republique-federale-dallemagne"},"share_on_mastodon":{"url":"https:\/\/pubeurope.com\/@fr\/114745202718699384","error":""},"_links":{"self":[{"href":"https:\/\/www.europesays.com\/fr\/wp-json\/wp\/v2\/posts\/203750","targetHints":{"allow":["GET"]}}],"collection":[{"href":"https:\/\/www.europesays.com\/fr\/wp-json\/wp\/v2\/posts"}],"about":[{"href":"https:\/\/www.europesays.com\/fr\/wp-json\/wp\/v2\/types\/post"}],"author":[{"embeddable":true,"href":"https:\/\/www.europesays.com\/fr\/wp-json\/wp\/v2\/users\/2"}],"replies":[{"embeddable":true,"href":"https:\/\/www.europesays.com\/fr\/wp-json\/wp\/v2\/comments?post=203750"}],"version-history":[{"count":0,"href":"https:\/\/www.europesays.com\/fr\/wp-json\/wp\/v2\/posts\/203750\/revisions"}],"wp:featuredmedia":[{"embeddable":true,"href":"https:\/\/www.europesays.com\/fr\/wp-json\/wp\/v2\/media\/203751"}],"wp:attachment":[{"href":"https:\/\/www.europesays.com\/fr\/wp-json\/wp\/v2\/media?parent=203750"}],"wp:term":[{"taxonomy":"category","embeddable":true,"href":"https:\/\/www.europesays.com\/fr\/wp-json\/wp\/v2\/categories?post=203750"},{"taxonomy":"post_tag","embeddable":true,"href":"https:\/\/www.europesays.com\/fr\/wp-json\/wp\/v2\/tags?post=203750"}],"curies":[{"name":"wp","href":"https:\/\/api.w.org\/{rel}","templated":true}]}}