{"id":203758,"date":"2025-06-25T17:36:14","date_gmt":"2025-06-25T17:36:14","guid":{"rendered":"https:\/\/www.europesays.com\/fr\/203758\/"},"modified":"2025-06-25T17:36:14","modified_gmt":"2025-06-25T17:36:14","slug":"notre-simulateur-pour-savoir-si-francois-bayrou-peut-etre-renverse-ou-pas-liberation","status":"publish","type":"post","link":"https:\/\/www.europesays.com\/fr\/203758\/","title":{"rendered":"notre simulateur pour savoir si Fran\u00e7ois Bayrou peut \u00eatre renvers\u00e9 ou pas \u2013 Lib\u00e9ration"},"content":{"rendered":"<p class=\"sc-ksZaOG ehjQrN text-element\">L\u2019avenir du Premier ministre se retrouve, <a href=\"https:\/\/www.liberation.fr\/politique\/censure-par-la-gauche-et-le-rn-michel-barnier-au-bout-de-son-chemin-de-croix-20241204_SCL5LXZFYVERLNJZJPPIXNCXK4\/\" target=\"_blank\" rel=\"noreferrer nofollow noopener\" title=\"https:\/\/www.liberation.fr\/politique\/censure-par-la-gauche-et-le-rn-michel-barnier-au-bout-de-son-chemin-de-croix-20241204_SCL5LXZFYVERLNJZJPPIXNCXK4\/\">une nouvelle fois<\/a>, entre les mains du Rassemblement national. Invoquant le refus de Fran\u00e7ois Bayrou de s\u2019en remettre au Parlement, comme il l\u2019avait promis, apr\u00e8s l\u2019\u00e9chec du \u00abconclave\u00bb sur les retraites, <a href=\"https:\/\/www.liberation.fr\/politique\/echec-du-conclave-sur-les-retraites-le-ps-annonce-le-depot-dune-motion-de-censure-20250624_H3TB477BMBDSREKLWQJQ5CV3DM\/\" target=\"_blank\" rel=\"noreferrer nofollow noopener\" title=\"https:\/\/www.liberation.fr\/politique\/echec-du-conclave-sur-les-retraites-le-ps-annonce-le-depot-dune-motion-de-censure-20250624_H3TB477BMBDSREKLWQJQ5CV3DM\/\">les d\u00e9put\u00e9s socialistes vont d\u00e9poser une motion de censure<\/a>, a annonc\u00e9, mardi 24 juin, leur chef de file, Boris Vallaud.<\/p>\n<p class=\"sc-ksZaOG ehjQrN text-element\">Le locataire de Matignon sera donc vis\u00e9 par <a href=\"https:\/\/www.liberation.fr\/politique\/francois-bayrou-echappe-a-une-nouvelle-motion-de-censure-de-la-france-insoumise-20250604_RE5EGBYSPFFD7OPGPTAH3PY3L4\/\" target=\"_blank\" rel=\"noreferrer nofollow noopener\" title=\"https:\/\/www.liberation.fr\/politique\/francois-bayrou-echappe-a-une-nouvelle-motion-de-censure-de-la-france-insoumise-20250604_RE5EGBYSPFFD7OPGPTAH3PY3L4\/\">une huiti\u00e8me motion de censure<\/a> en un peu plus de six mois, \u00e0 laquelle les \u00e9lus PS vont donc ajouter leur voix, apr\u00e8s l\u2019avoir refus\u00e9 ces derniers mois.<\/p>\n<p class=\"sc-ksZaOG ehjQrN text-element\">Lib\u00e9ration vous propose de constituer vos propres coalitions gr\u00e2ce \u00e0 son simulateur :<\/p>\n<p class=\"sc-ksZaOG ehjQrN text-element\">Mais m\u00eame si l\u2019ensemble des d\u00e9put\u00e9s roses votent en faveur de la censure, ce qui n\u2019est pas encore certain, les suffrages de l\u2019ensemble des d\u00e9put\u00e9s du Nouveau Front populaire ne constituent pas une majorit\u00e9 suffisante pour la faire adopter. Pas plus qu\u2019avec l\u2019ajout du groupe centriste Liot et des non-inscrits.<\/p>\n<p class=\"sc-ksZaOG ehjQrN text-element\">Pour passer la barre des 289 voix et la majorit\u00e9 absolue \u00e0 l\u2019Assembl\u00e9e nationale, il faudrait forc\u00e9ment <a href=\"https:\/\/www.liberation.fr\/politique\/retraites-le-rassemblement-national-pas-parti-pour-voter-la-censure-20250622_C34VMSUZNBCYRINNSFEV6TCEME\/\" target=\"_blank\" rel=\"noreferrer nofollow noopener\" title=\"https:\/\/www.liberation.fr\/politique\/retraites-le-rassemblement-national-pas-parti-pour-voter-la-censure-20250622_C34VMSUZNBCYRINNSFEV6TCEME\/\">l\u2019appui des parlementaires du Rassemblement national<\/a>, ce qui est loin d\u2019\u00eatre acquis, les responsables du parti d\u2019extr\u00eame droite ayant jusqu\u2019ici d\u00e9clar\u00e9 que le sujet des retraites n\u2019\u00e9tait pas pour eux <a href=\"https:\/\/www.liberation.fr\/politique\/retraites-le-rassemblement-national-pas-parti-pour-voter-la-censure-20250622_C34VMSUZNBCYRINNSFEV6TCEME\/\" target=\"_blank\" rel=\"nofollow noopener\" title=\"https:\/\/www.liberation.fr\/politique\/retraites-le-rassemblement-national-pas-parti-pour-voter-la-censure-20250622_C34VMSUZNBCYRINNSFEV6TCEME\/\">un motif pour faire vaciller l\u2019ex\u00e9cutif<\/a>. Jusqu\u2019\u00e0 preuve du contraire.<\/p>\n<p class=\"sc-ksZaOG ehjQrN text-element\">La motion de censure, quand elle aura \u00e9t\u00e9 officiellement d\u00e9pos\u00e9e, sera examin\u00e9e sous 48 heures par l\u2019Assembl\u00e9e nationale.<\/p>\n","protected":false},"excerpt":{"rendered":"L\u2019avenir du Premier ministre se retrouve, une nouvelle fois, entre les mains du Rassemblement national. Invoquant le refus&hellip;\n","protected":false},"author":2,"featured_media":203759,"comment_status":"","ping_status":"","sticky":false,"template":"","format":"standard","meta":{"footnotes":""},"categories":[2],"tags":[11,416,1011,27,431,418,12,429,25],"class_list":{"0":"post-203758","1":"post","2":"type-post","3":"status-publish","4":"format-standard","5":"has-post-thumbnail","7":"category-actualites","8":"tag-actualites","9":"tag-assemblee-nationale","10":"tag-fr","11":"tag-france","12":"tag-francois-bayrou","13":"tag-gouvernement","14":"tag-news","15":"tag-ps","16":"tag-republique-francaise"},"share_on_mastodon":{"url":"https:\/\/pubeurope.com\/@fr\/114745218585196086","error":""},"_links":{"self":[{"href":"https:\/\/www.europesays.com\/fr\/wp-json\/wp\/v2\/posts\/203758","targetHints":{"allow":["GET"]}}],"collection":[{"href":"https:\/\/www.europesays.com\/fr\/wp-json\/wp\/v2\/posts"}],"about":[{"href":"https:\/\/www.europesays.com\/fr\/wp-json\/wp\/v2\/types\/post"}],"author":[{"embeddable":true,"href":"https:\/\/www.europesays.com\/fr\/wp-json\/wp\/v2\/users\/2"}],"replies":[{"embeddable":true,"href":"https:\/\/www.europesays.com\/fr\/wp-json\/wp\/v2\/comments?post=203758"}],"version-history":[{"count":0,"href":"https:\/\/www.europesays.com\/fr\/wp-json\/wp\/v2\/posts\/203758\/revisions"}],"wp:featuredmedia":[{"embeddable":true,"href":"https:\/\/www.europesays.com\/fr\/wp-json\/wp\/v2\/media\/203759"}],"wp:attachment":[{"href":"https:\/\/www.europesays.com\/fr\/wp-json\/wp\/v2\/media?parent=203758"}],"wp:term":[{"taxonomy":"category","embeddable":true,"href":"https:\/\/www.europesays.com\/fr\/wp-json\/wp\/v2\/categories?post=203758"},{"taxonomy":"post_tag","embeddable":true,"href":"https:\/\/www.europesays.com\/fr\/wp-json\/wp\/v2\/tags?post=203758"}],"curies":[{"name":"wp","href":"https:\/\/api.w.org\/{rel}","templated":true}]}}