{"id":203764,"date":"2025-06-25T17:40:07","date_gmt":"2025-06-25T17:40:07","guid":{"rendered":"https:\/\/www.europesays.com\/fr\/203764\/"},"modified":"2025-06-25T17:40:07","modified_gmt":"2025-06-25T17:40:07","slug":"trois-bordelais-et-deux-toulousains-on-connait-les-finalistes-du-top-14-qui-partiront-en-nouvelle-zelande-rugbyrama","status":"publish","type":"post","link":"https:\/\/www.europesays.com\/fr\/203764\/","title":{"rendered":"Trois Bordelais et deux Toulousains : on conna\u00eet les finalistes du Top 14 qui partiront en Nouvelle-Z\u00e9lande &#8211; Rugbyrama"},"content":{"rendered":"<ol>\n<li><a href=\"https:\/\/news.google.com\/rss\/articles\/CBMi-wFBVV95cUxNZVJIMXhldC1CRXFIcFBIMXNTaFQ1Y0trbFFPcTFXc3dHLTlmZW10ak9yWGZwczNpSzZKbEVKOUR6MVozZm5RakJpUld4Nl9ySmlvZjhVVlRVSTVNZTBDcHBSYUZaa0d5SjZydGMzVml4WnBiZFJCSDFEVXAtWWFPNmJPTkFwdFhFWkF2LWoySXUyWHFuVFZGd1RhSWpuUVlrWUtYdEFmRExZLVlNcUpNN3ZUbVFOVUhUOVBnQlNSVnRxN25jMXpMRUlBaXhKeUZvZ2tPMXdLREJobTVhazNtLVRSeGJIVjVzc2RsbFpmeUw3ekFmMUljaUJvVQ?oc=5\" target=\"_blank\" rel=\"nofollow noopener\">Trois Bordelais et deux Toulousains : on conna\u00eet les finalistes du Top 14 qui partiront en Nouvelle-Z\u00e9lande<\/a>&nbsp;&nbsp;Rugbyrama<\/li>\n<li><a href=\"https:\/\/news.google.com\/rss\/articles\/CBMi4AFBVV95cUxNcjdPNWxFSDJ2dmR0N2Y5Ym9ZQ1g5UjlXOElrOEhodTR4NXduVmxxTGpVMWdueU5rWEk1Zm5VdUtsMDJwVGZIWWE0eVVYbnBHUGFZUTFLRVlWWFUwLVNqc2Via1R5d1pVY01pY2tVUmt5VzcxcExLeGcwclRnY1lLeFcyaUE0enhYQkp5V2wzNG4tOEczUjhCZ3ZVT19taEdDSG9BUk1TNHlsdjhMaW51QmVhOUhUMU1mSXZsN21DSGhSRUJKallSSURlRXdQaHNZOFVpSW5aeHpYRGVnOWNzYw?oc=5\" target=\"_blank\" rel=\"nofollow noopener\">37 Bleus dans l&rsquo;avion, 5 places \u00e0 prendre&#8230; Le point sur la liste avant la tourn\u00e9e en Nouvelle-Z\u00e9lande<\/a>&nbsp;&nbsp;L&rsquo;\u00c9quipe<\/li>\n<li><a href=\"https:\/\/news.google.com\/rss\/articles\/CBMimAJBVV95cUxNTk9UT0p5RHZSZnppZlM3aFcxRlVaWDc4ZzFQYlltZlhvSTZJVVhPWGtnOTJIbmZFUHdSUUJuemZISWJNd2pzTnF1dWx3Vk9qTlhCYW1YZ1RrdDVVUHJlckJDTWl4OVRUNDI1ZzRMY0s1WUZrVVBmOEtZSWdrdkNNRkg2WWxoSllaYkk5ZDNnN29FdWJROC01QjB3MUlsek1oZWFFZUlGVWI3ZXMxTm5PcWJvbVBPM3RCTGQ4aWM2MnhvcVVNOGt0bzhmWkk3aklWZEtabEtkZVpiQWpNY2w4MEFUY0lWeTE5MjQxV3lMNGpQbFlhNzEydk9YZUFweDVma054blBwVkVKSFF1Y2c1c09idTUyTjMw?oc=5\" target=\"_blank\" rel=\"nofollow noopener\">Dix-huit nouveaux appel\u00e9s et Ga\u00ebl Fickou capitaine de l\u2019\u00e9quipe de France de rugby pour la tourn\u00e9e d\u2019\u00e9t\u00e9 en Nouvelle-Z\u00e9lande<\/a>&nbsp;&nbsp;Le Monde.fr<\/li>\n<li><a href=\"https:\/\/news.google.com\/rss\/articles\/CBMi2wFBVV95cUxQN3k5SjZRcDVsOXBKOUNobWhuMEVqYmV1dmRvSzJrSnJYY1ozLTE5YUhza3ZTMU44YmJRSjhucnBfMmRJM1lvNU56Wi12NXZXOTVzdmpWX0dHVlBqMTRnWUtGRWRjQks2aFctRWl2S3pxd0hVRk0yOHBKQ1NMOHdEZ0JtaWJlYlMwNFJBRExONUNrWVYtNWZYM1FJR2pCdVAxTlBhMldlcGpEbTZsU1NrSkw2cFZJVWlLeS1hdDJORWtYc0l0VTJKVFBYNjVwT0VidmRTeVBPOWJzZTg?oc=5\" target=\"_blank\" rel=\"nofollow noopener\">XV de France. Qui sont les grands d\u00e9\u00e7us de la liste des Bleus pour la tourn\u00e9e en Nouvelle-Z\u00e9lande<\/a>&nbsp;&nbsp;Actu.fr<\/li>\n<li><a href=\"https:\/\/news.google.com\/rss\/articles\/CBMi0AFBVV95cUxNX2kwaFpyaUE0ZTVxZ19yYWxSMS0yemJuR05ZVmVZQmo2STgyRzlnSHN3Vk5HUElnVHcySUQxaFdoMEdYMWdNaHlYdFI2MmYtSEpITEt2NUMxaGdRMHhuTWlJQ3loN0dwT3hGR2NhTU80RmFOdHlvRjVPN1hPd29Yc3dXTjA4eDNPNHRxNVgxSldkLUhtSldOenNSdm1kVk44LUROT2t6Nk8tbENRaVQ2U1VtcUo2bHhtd2xSYlpIN09wVUEwSURULXBrYmFCUHNU0gHPAUFVX3lxTE93bDdUb2pvVDU5VW84ckRMNWd5TXAzaEZhOTNNcXF1RjNEMHUySUJLT3c3VU14REl1U25hSF9TY0NOT1FJOG52cE1xVFVaUjREdHFWTnVPTy04YmdDZDF2T2FqRHVIUTZKeWVYLXU4c3VLWnNES2RZTVJLTFoteHUxX3BORWh3RDJTR3ljVVRETDUxbjRkSWtZU1V0UVAyeWFVYkU1Y2dYODZBaEJEa2VsdmR0UjdUYUlaMUhEVDdVQy1VUUVkMkVQbjN2cGxlRQ?oc=5\" target=\"_blank\" rel=\"nofollow noopener\">XV de France : Qui sont les 18 nouveaux, et les grands d\u00e9\u00e7us ?<\/a>&nbsp;&nbsp;Orange Actualit\u00e9s | Sports<\/li>\n<\/ol>\n","protected":false},"excerpt":{"rendered":"Trois Bordelais et deux Toulousains : on conna\u00eet les finalistes du Top 14 qui partiront en Nouvelle-Z\u00e9lande&nbsp;&nbsp;Rugbyrama 37&hellip;\n","protected":false},"author":2,"featured_media":1445,"comment_status":"","ping_status":"","sticky":false,"template":"","format":"standard","meta":{"footnotes":""},"categories":[1416],"tags":[1011,27,479,1468,60],"class_list":{"0":"post-203764","1":"post","2":"type-post","3":"status-publish","4":"format-standard","5":"has-post-thumbnail","7":"category-rugby","8":"tag-fr","9":"tag-france","10":"tag-rugby","11":"tag-rugby-football","12":"tag-sports"},"share_on_mastodon":{"url":"https:\/\/pubeurope.com\/@fr\/114745234141014848","error":""},"_links":{"self":[{"href":"https:\/\/www.europesays.com\/fr\/wp-json\/wp\/v2\/posts\/203764","targetHints":{"allow":["GET"]}}],"collection":[{"href":"https:\/\/www.europesays.com\/fr\/wp-json\/wp\/v2\/posts"}],"about":[{"href":"https:\/\/www.europesays.com\/fr\/wp-json\/wp\/v2\/types\/post"}],"author":[{"embeddable":true,"href":"https:\/\/www.europesays.com\/fr\/wp-json\/wp\/v2\/users\/2"}],"replies":[{"embeddable":true,"href":"https:\/\/www.europesays.com\/fr\/wp-json\/wp\/v2\/comments?post=203764"}],"version-history":[{"count":0,"href":"https:\/\/www.europesays.com\/fr\/wp-json\/wp\/v2\/posts\/203764\/revisions"}],"wp:featuredmedia":[{"embeddable":true,"href":"https:\/\/www.europesays.com\/fr\/wp-json\/wp\/v2\/media\/1445"}],"wp:attachment":[{"href":"https:\/\/www.europesays.com\/fr\/wp-json\/wp\/v2\/media?parent=203764"}],"wp:term":[{"taxonomy":"category","embeddable":true,"href":"https:\/\/www.europesays.com\/fr\/wp-json\/wp\/v2\/categories?post=203764"},{"taxonomy":"post_tag","embeddable":true,"href":"https:\/\/www.europesays.com\/fr\/wp-json\/wp\/v2\/tags?post=203764"}],"curies":[{"name":"wp","href":"https:\/\/api.w.org\/{rel}","templated":true}]}}