{"id":203769,"date":"2025-06-25T17:44:09","date_gmt":"2025-06-25T17:44:09","guid":{"rendered":"https:\/\/www.europesays.com\/fr\/203769\/"},"modified":"2025-06-25T17:44:09","modified_gmt":"2025-06-25T17:44:09","slug":"cyril-gane-nouveau-numero-1-des-poids-lourds-a-la-suite-de-la-retraite-de-jon-jones","status":"publish","type":"post","link":"https:\/\/www.europesays.com\/fr\/203769\/","title":{"rendered":"Cyril Gane nouveau num\u00e9ro 1 des poids lourds \u00e0 la suite de la retraite de Jon Jones"},"content":{"rendered":"<p>Cyril Gane profite de la retraite de Jon Jones pour reprendre la place de num\u00e9ro 1 des poids lourds. Le Fran\u00e7ais devient le principal concurrent de Tom Aspinall, nouveau champion incontest\u00e9 de la cat\u00e9gorie.<\/p>\n<p class=\"fig-paragraph\">Une marche de gagn\u00e9e au classement UFC\u00a0<a href=\"http:\/\/www.lefigaro.fr\/bons-plans\/le-film-k-o-avec-ciryl-gane-star-francaise-du-mma-est-sorti-voici-le-bon-plan-pour-le-voir-20250606\" data-fig-type=\"Article\" data-gtm-custom-categorie=\"navigation\" data-gtm-custom-action=\"crossclick\" data-gtm-custom-label=\"Contextuel\" data-gtm-event=\"customEventSPE\" data-fig-domain=\"LEFIGARO\" rel=\"nofollow noopener\" target=\"_blank\">pour Cyril Gane\u00a0<\/a>et ce n\u2019est pas gr\u00e2ce \u00e0 ses performances sportives cette fois-ci.\u00a0<a href=\"http:\/\/www.lefigaro.fr\/sports\/mma\/mma-legende-de-son-sport-jon-jones-annonce-sa-retraite-une-chance-de-titre-mondial-pour-gane-20250622\" data-fig-type=\"NewsFlash\" data-gtm-custom-categorie=\"navigation\" data-gtm-custom-action=\"crossclick\" data-gtm-custom-label=\"Contextuel\" data-gtm-event=\"customEventSPE\" data-fig-domain=\"LEFIGARO\" rel=\"nofollow noopener\" target=\"_blank\">La retraite \u00e0 37 de l\u2019Am\u00e9ricain Jon Jones<\/a>, contre qui il avait perdu en 2023, le propulse \u00e0 la premi\u00e8re place.<\/p>\n<p class=\"fig-paragraph\">Une premi\u00e8re position qui le place en favori pour affronter Tom Aspinall, qui grimpe aussi et devient le nouveau champion incontest\u00e9 de la cat\u00e9gorie poids lourds. Un duel entre les deux combattants pourrait donc voir le jour.<\/p>\n<p>D\u00e9j\u00e0 deux \u00e9checs<\/p>\n<p class=\"fig-paragraph\">Cyril Gane a d\u00e9j\u00e0 \u00e9t\u00e9 champion mais c\u2019\u00e9tait par int\u00e9rim entre ao\u00fbt 2021 et janvier 2022. Depuis, il a \u00e9chou\u00e9 \u00e0 deux reprises, contre Jon Jones il y a deux ans donc mais aussi face \u00e0 Francis Ngannou en 2022. Le Fran\u00e7ais pourrait donc se voir proposer une troisi\u00e8me chance de devenir le champion incontest\u00e9 des poids lourds.<\/p>\n<p class=\"fig-paragraph\">Celui qui se fait surnommer \u00abBon gamin\u00bb a donn\u00e9 des pr\u00e9cisions sur la tenue d\u2019un \u00e9ventuel combat contre Tom Aspinall\u00a0: \u00abRien n\u2019est encore d\u00e9cid\u00e9. Nous attendons que les discussions avancent, et peut-\u00eatre d\u2019avoir un lieu et une date. Mais nous sommes confiants sur le fait que ce combat aura lieu parce que nous savons que je suis le pr\u00e9tendant num\u00e9ro 1, donc \u00e7a ferait sens\u00bb.<\/p>\n","protected":false},"excerpt":{"rendered":"Cyril Gane profite de la retraite de Jon Jones pour reprendre la place de num\u00e9ro 1 des poids&hellip;\n","protected":false},"author":2,"featured_media":203770,"comment_status":"","ping_status":"","sticky":false,"template":"","format":"standard","meta":{"footnotes":""},"categories":[1412],"tags":[15110,15112,34277,1451,1452,1453,1454,1455,1011,27,15113,1847,20999,8088,60,1849,15111],"class_list":{"0":"post-203769","1":"post","2":"type-post","3":"status-publish","4":"format-standard","5":"has-post-thumbnail","7":"category-f1","8":"tag-arts-martiaux-mixtes","9":"tag-combats","10":"tag-cyril-gane","11":"tag-f1","12":"tag-formula-1","13":"tag-formula1","14":"tag-formule-1","15":"tag-formule1","16":"tag-fr","17":"tag-france","18":"tag-legalisation","19":"tag-mma","20":"tag-poids-lourds","21":"tag-reglementation","22":"tag-sports","23":"tag-ufc","24":"tag-ultimate-fighting-championship"},"share_on_mastodon":{"url":"https:\/\/pubeurope.com\/@fr\/114745249964177862","error":""},"_links":{"self":[{"href":"https:\/\/www.europesays.com\/fr\/wp-json\/wp\/v2\/posts\/203769","targetHints":{"allow":["GET"]}}],"collection":[{"href":"https:\/\/www.europesays.com\/fr\/wp-json\/wp\/v2\/posts"}],"about":[{"href":"https:\/\/www.europesays.com\/fr\/wp-json\/wp\/v2\/types\/post"}],"author":[{"embeddable":true,"href":"https:\/\/www.europesays.com\/fr\/wp-json\/wp\/v2\/users\/2"}],"replies":[{"embeddable":true,"href":"https:\/\/www.europesays.com\/fr\/wp-json\/wp\/v2\/comments?post=203769"}],"version-history":[{"count":0,"href":"https:\/\/www.europesays.com\/fr\/wp-json\/wp\/v2\/posts\/203769\/revisions"}],"wp:featuredmedia":[{"embeddable":true,"href":"https:\/\/www.europesays.com\/fr\/wp-json\/wp\/v2\/media\/203770"}],"wp:attachment":[{"href":"https:\/\/www.europesays.com\/fr\/wp-json\/wp\/v2\/media?parent=203769"}],"wp:term":[{"taxonomy":"category","embeddable":true,"href":"https:\/\/www.europesays.com\/fr\/wp-json\/wp\/v2\/categories?post=203769"},{"taxonomy":"post_tag","embeddable":true,"href":"https:\/\/www.europesays.com\/fr\/wp-json\/wp\/v2\/tags?post=203769"}],"curies":[{"name":"wp","href":"https:\/\/api.w.org\/{rel}","templated":true}]}}