{"id":203771,"date":"2025-06-25T17:45:14","date_gmt":"2025-06-25T17:45:14","guid":{"rendered":"https:\/\/www.europesays.com\/fr\/203771\/"},"modified":"2025-06-25T17:45:14","modified_gmt":"2025-06-25T17:45:14","slug":"benoit-cosnefroy-ne-participera-pas-au-tour-de-france-2025","status":"publish","type":"post","link":"https:\/\/www.europesays.com\/fr\/203771\/","title":{"rendered":"Beno\u00eet Cosnefroy ne participera pas au Tour de France 2025"},"content":{"rendered":"<p>            Par<br \/>\n        <strong><br \/>\n            <a href=\"https:\/\/actu.fr\/auteur\/d-capelle\" title=\"Consulter tous les articles de David Capelle\" target=\"_blank\" rel=\"noopener\">David Capelle<\/a><br \/>\n        <\/strong><\/p>\n<p>        Publi\u00e9 le<\/p>\n<p>            25 juin 2025 \u00e0 16h08        <\/p>\n<p data-end=\"525\"><b>Coup dur<\/b> pour le cyclisme manchois\u2009: <a href=\"https:\/\/actu.fr\/tag\/benoit-cosnefroy\" target=\"_blank\" rel=\"noopener\">Beno\u00eet Cosnefroy<\/a>, <a href=\"https:\/\/actu.fr\/sports\/cyclisme\/apres-sa-chute-benoit-cosnefroy-devra-t-il-faire-une-croix-sur-le-tour-de-france_62781535.html\" target=\"_blank\" rel=\"noopener\">victime d\u2019une chute lors de la premi\u00e8re \u00e9tape du Tour de Suisse<\/a>, a officiellement <b>d\u00e9clar\u00e9 forfait<\/b> pour le <a href=\"https:\/\/actu.fr\/tag\/tour-de-france\" target=\"_blank\" rel=\"noopener\">Tour de France 2025<\/a>, a annonc\u00e9 son \u00e9quipe Decathlon-AG2R La Mondiale, ce <b>mercredi 25\u00a0juin 2025<\/b>. Le coureur originaire de <a href=\"https:\/\/actu.fr\/normandie\/rauville-la-bigot_50425\" target=\"_blank\" rel=\"noopener\">Rauville-la-Bigot<\/a> (Manche) ne disputera pas non plus les <b>Championnats de France<\/b> aux <a href=\"https:\/\/actu.fr\/pays-de-la-loire\/les-herbiers_85109\" target=\"_blank\" rel=\"noopener\">Herbiers<\/a> (Vend\u00e9e) qui se d\u00e9roulent ce dimanche.<\/p>\n<p>Une chute au Tour de Suisse<\/p>\n<p data-end=\"1075\" class=\" wall-content\">Le 15\u00a0juin, le Manchois\u00a0a <b>chut\u00e9 violemment \u00e0 environ 55\u00a0km\/h <\/b>apr\u00e8s avoir <b>percut\u00e9 une voiture qui s\u2019\u00e9tait arr\u00eat\u00e9e brutalement devant lui<\/b>.<\/p>\n<p data-end=\"1075\" class=\" wall-content\">R\u00e9sultat\u2009: une contusion au genou. Et si les douleurs paraissaient \u00ab\u2009g\u00e9rables\u2009\u00bb dans un premier temps, les examens ont confirm\u00e9 une indisponibilit\u00e9 incompatible avec une pr\u00e9paration s\u00e9rieuse pour la Grande Boucle.<\/p>\n<p>Il esp\u00e9rait faire son retour<\/p>\n<p data-end=\"1567\" class=\" wall-content\">C\u2019est une<b> terrible d\u00e9sillusion<\/b> pour le coureur de 29\u00a0ans, qui esp\u00e9rait faire son grand retour sur le Tour apr\u00e8s avoir <a href=\"https:\/\/actu.fr\/sports\/cyclisme\/cyclisme-benoit-cosnefroy-ne-fera-pas-le-tour-de-france_61247605.html\" target=\"_blank\" rel=\"noopener\">manqu\u00e9 l\u2019\u00e9dition pr\u00e9c\u00e9dente<\/a>. <b>Encore convalescent d\u2019une op\u00e9ration au genou oppos\u00e9<\/b>, Beno\u00eet Cosnefroy n\u2019avait repris la comp\u00e9tition que le 29\u00a0avril dernier au Tour de Romandie, apr\u00e8s huit mois d\u2019arr\u00eat.<\/p>\n<p data-end=\"1567\" class=\" wall-content\">Il avait pourtant tr\u00e8s vite rassur\u00e9 ses supporters en d\u00e9crochant une <a href=\"https:\/\/actu.fr\/sports\/cyclisme\/video-cyclisme-benoit-cosnefroy-remporte-le-grand-prix-du-morbihan_61031165.html\" target=\"_blank\" rel=\"noopener\">victoire au Grand Prix du Morbihan<\/a>, d\u00e9montrant qu\u2019il n\u2019avait rien perdu de son instinct de puncheur. Peine perdue\u2026<\/p>\n<p>Vid\u00e9os : en ce moment sur ActuCombien de Manchois au Tour de France\u2009?<\/p>\n<p data-end=\"1942\" class=\" wall-content\">\u00c0 quelques jours d\u2019un Tour de France qui <a href=\"https:\/\/actu.fr\/sports\/le-tour-de-france-2025-fera-bien-un-crochet-par-la-manche_61735347.html\" target=\"_blank\" rel=\"noopener\">passera cette ann\u00e9e par la Manch<\/a>e pour la premi\u00e8re fois depuis 2016, le d\u00e9partement perd son fer de lance.<\/p>\n<p data-end=\"1942\" class=\" wall-content\">Les regards des suiveurs se tournent d\u00e9sormais vers le Parignais <a href=\"https:\/\/actu.fr\/tag\/paul-lapeira\" target=\"_blank\" rel=\"noopener\">Paul Lapeira<\/a>, son co\u00e9quipier chez Decathlon-AG2R La Mondiale, et vers le Cosquevillais <a href=\"https:\/\/actu.fr\/tag\/anthony-delaplace\" target=\"_blank\" rel=\"noopener\">Anthony Delaplace<\/a> (Ark\u00e9a-B&amp;B)\u2009: tous deux postulent \u00e0 une place sur le Tour.<\/p>\n<p class=\" wall-content\">Suivez toute l\u2019actualit\u00e9 de vos villes et m\u00e9dias favoris en vous inscrivant \u00e0 <a href=\"https:\/\/moncompte.actu.fr\" title=\"D\u00e9couvez Mon Actu\" rel=\"nofollow noopener\" data-trk=\"{&quot;cta&quot;:{&quot;action&quot;:&quot;https:\\\/\\\/moncompte.actu.fr&quot;,&quot;category&quot;:&quot;mon compte&quot;,&quot;from&quot;:&quot;article footer&quot;,&quot;name&quot;:&quot;Mon actu&quot;,&quot;type&quot;:&quot;cta&quot;}}\" target=\"_blank\">Mon Actu<\/a>.<\/p>\n<ul class=\"ac-article-tag wall-content\">\n<li><a href=\"https:\/\/actu.fr\/tag\/benoit-cosnefroy\" data-trk=\"{&quot;cta&quot;:{&quot;action&quot;:&quot;Beno\\u00eet Cosnefroy&quot;,&quot;category&quot;:&quot;tag&quot;,&quot;from&quot;:&quot;article footer&quot;,&quot;name&quot;:&quot;Beno\\u00eet Cosnefroy&quot;,&quot;type&quot;:&quot;cta&quot;}}\" target=\"_blank\" rel=\"noopener\">#Beno\u00eet Cosnefroy<\/a><\/li>\n<li><a href=\"https:\/\/actu.fr\/tag\/tour-de-france-2025\" data-trk=\"{&quot;cta&quot;:{&quot;action&quot;:&quot;Tour de France 2025&quot;,&quot;category&quot;:&quot;tag&quot;,&quot;from&quot;:&quot;article footer&quot;,&quot;name&quot;:&quot;Tour de France 2025&quot;,&quot;type&quot;:&quot;cta&quot;}}\" target=\"_blank\" rel=\"noopener\">#Tour de France 2025<\/a><\/li>\n<\/ul>\n","protected":false},"excerpt":{"rendered":"Par David Capelle Publi\u00e9 le 25 juin 2025 \u00e0 16h08 Coup dur pour le cyclisme manchois\u2009: Beno\u00eet Cosnefroy,&hellip;\n","protected":false},"author":2,"featured_media":203772,"comment_status":"","ping_status":"","sticky":false,"template":"","format":"standard","meta":{"footnotes":""},"categories":[1411],"tags":[10275,1154,207,1011,27,60,2116],"class_list":{"0":"post-203771","1":"post","2":"type-post","3":"status-publish","4":"format-standard","5":"has-post-thumbnail","7":"category-cyclisme","8":"tag-benoit-cosnefroy","9":"tag-cycling","10":"tag-cyclisme","11":"tag-fr","12":"tag-france","13":"tag-sports","14":"tag-tour-de-france-2025"},"share_on_mastodon":{"url":"https:\/\/pubeurope.com\/@fr\/114745253770121828","error":""},"_links":{"self":[{"href":"https:\/\/www.europesays.com\/fr\/wp-json\/wp\/v2\/posts\/203771","targetHints":{"allow":["GET"]}}],"collection":[{"href":"https:\/\/www.europesays.com\/fr\/wp-json\/wp\/v2\/posts"}],"about":[{"href":"https:\/\/www.europesays.com\/fr\/wp-json\/wp\/v2\/types\/post"}],"author":[{"embeddable":true,"href":"https:\/\/www.europesays.com\/fr\/wp-json\/wp\/v2\/users\/2"}],"replies":[{"embeddable":true,"href":"https:\/\/www.europesays.com\/fr\/wp-json\/wp\/v2\/comments?post=203771"}],"version-history":[{"count":0,"href":"https:\/\/www.europesays.com\/fr\/wp-json\/wp\/v2\/posts\/203771\/revisions"}],"wp:featuredmedia":[{"embeddable":true,"href":"https:\/\/www.europesays.com\/fr\/wp-json\/wp\/v2\/media\/203772"}],"wp:attachment":[{"href":"https:\/\/www.europesays.com\/fr\/wp-json\/wp\/v2\/media?parent=203771"}],"wp:term":[{"taxonomy":"category","embeddable":true,"href":"https:\/\/www.europesays.com\/fr\/wp-json\/wp\/v2\/categories?post=203771"},{"taxonomy":"post_tag","embeddable":true,"href":"https:\/\/www.europesays.com\/fr\/wp-json\/wp\/v2\/tags?post=203771"}],"curies":[{"name":"wp","href":"https:\/\/api.w.org\/{rel}","templated":true}]}}