{"id":203773,"date":"2025-06-25T17:46:12","date_gmt":"2025-06-25T17:46:12","guid":{"rendered":"https:\/\/www.europesays.com\/fr\/203773\/"},"modified":"2025-06-25T17:46:12","modified_gmt":"2025-06-25T17:46:12","slug":"on-joue-la-montee-uniquement-la-montee-gerard-lopez-devoile-ses-ambitions-pour-les-girondins-france-bordeaux","status":"publish","type":"post","link":"https:\/\/www.europesays.com\/fr\/203773\/","title":{"rendered":"\u00ab\u202fOn joue la mont\u00e9e, uniquement la mont\u00e9e\u202f\u00bb, G\u00e9rard Lopez d\u00e9voile ses ambitions pour les Girondins &#8211; France &#8211; Bordeaux"},"content":{"rendered":"<p>La Ligue 1 en 2030, vraiment ?<\/p>\n<p>En ce lendemain de passage devant la DNCG, <a target=\"_blank\" href=\"https:\/\/www.sofoot.com\/breves\/les-girondins-de-bordeaux-epargnes-par-la-dncg-nimes-exclu-de-toutes-competitions-nationales\" rel=\"nofollow noopener\">qui n\u2019a prononc\u00e9 qu\u2019un encadrement de la masse salariale \u00e0 l\u2019encontre de Bordeaux<\/a>,<strong> G\u00e9rard Lopez a donn\u00e9 un entretien \u00e0 <a target=\"_blank\" href=\"https:\/\/www.sudouest.fr\/sport\/football\/girondins-de-bordeaux\/girondins-de-bordeaux-je-sais-que-je-ne-recupererai-jamais-mon-argent-entretien-avec-gerard-lopez-24989056.php\" rel=\"nofollow noopener\">Sud-Ouest<\/a><\/strong>, revenant notamment sur les ambitions du club. Celui qui concourt dans la cat\u00e9gorie du <a target=\"_blank\" href=\"https:\/\/www.sofoot.com\/articles\/mais-ou-john-textor-va-t-il-trouver-autant-dargent-en-si-peu-de-temps\" rel=\"nofollow noopener\">meilleur fossoyeur avec John Textor<\/a> n\u2019a pas l\u00e9sin\u00e9 sur les objectifs des Girondins. \u00ab\u202fOn vise une mont\u00e9e tous les deux ans, a l\u00e2ch\u00e9 G\u00e9rard Lopez. On a compris comment fonctionne la N2. On ne pourra plus se cacher, on joue la mont\u00e9e, uniquement la mont\u00e9e.\u202f\u00bb<\/p>\n<p>Bruno Irles et John Williams tous deux maintenus<\/p>\n<p>Malgr\u00e9 un effectif de grande qualit\u00e9, compos\u00e9 du buteur Andy Carroll, Bordeaux n\u2019est pas parvenu \u00e0 monter en National. <strong>Une \u00ab\u202fd\u00e9ception\u202f\u00bb <a target=\"_blank\" href=\"https:\/\/www.sofoot.com\/breves\/girondins-de-bordeaux-bixente-lizarazu-cartonne-las-des-as-de-la-finance-gerard-lopez\" rel=\"nofollow noopener\">pour \u00ab\u202f<\/a><a target=\"_blank\" href=\"https:\/\/www.sofoot.com\/breves\/girondins-de-bordeaux-bixente-lizarazu-cartonne-las-des-as-de-la-finance-gerard-lopez\" rel=\"nofollow noopener\">l\u2019as des as de la finance<\/a>,\u202f\u00bb\u00a0qui a pens\u00e9 \u00e0 changer son duo de choc<\/strong>. Mais les deux hommes forts des Bordelais, Bruno Irles, entra\u00eeneur principal, et John Williams, le directeur sportif, seront bien pr\u00e9sents \u00e0 la reprise.  \u00ab\u00a0La qualit\u00e9 de l\u2019un et de l\u2019autre n\u2019est pas remise en question\u00a0\u00bb, a poursuivi l\u2019ancien patron de Lille, avant d\u2019assurer qu\u2019il souhaitait poursuivre l\u2019aventure avec un entra\u00eeneur\u00ab\u202fmotiv\u00e9\u202f\u00bb qui \u00ab\u202fconna\u00eet tr\u00e8s bien le football\u202f\u00bb. John Williams, jug\u00e9 pour \u00ab\u00a0blanchiment de fraude fiscale\u00a0\u00bb, devrait \u00eatre, quant \u00e0 lui, \u00ab\u202f\u00e0 temps plein\u202f\u00bb.<\/p>\n<p>Un peu d\u2019optimisme, \u00e7a ne co\u00fbte rien.<\/p>\n<p>\t\t\t\t\t\t\t\t\t\t<a class=\"lien-connexe\" href=\"https:\/\/www.sofoot.com\/breves\/les-girondins-de-bordeaux-epargnes-par-la-dncg-nimes-exclu-de-toutes-competitions-nationales\" rel=\"nofollow noopener\" target=\"_blank\">Les Girondins \u00e9pargn\u00e9s par la DNCG, un club fran\u00e7ais exclu des comp\u00e9titions nationales<\/a>\t\t\t\t\t<\/p>\n","protected":false},"excerpt":{"rendered":"La Ligue 1 en 2030, vraiment ? En ce lendemain de passage devant la DNCG, qui n\u2019a prononc\u00e9&hellip;\n","protected":false},"author":2,"featured_media":203774,"comment_status":"","ping_status":"","sticky":false,"template":"","format":"standard","meta":{"footnotes":""},"categories":[1410],"tags":[47,61,69,65,64,63,1011,27,68,66,62,70,67,60],"class_list":{"0":"post-203773","1":"post","2":"type-post","3":"status-publish","4":"format-standard","5":"has-post-thumbnail","7":"category-football","8":"tag-actualite","9":"tag-actus-football","10":"tag-bundesliga","11":"tag-championnats-europeens","12":"tag-equipe-de-france","13":"tag-football","14":"tag-fr","15":"tag-france","16":"tag-ligua","17":"tag-ligue-1","18":"tag-news-foot","19":"tag-premier-league","20":"tag-serie-a","21":"tag-sports"},"share_on_mastodon":{"url":"https:\/\/pubeurope.com\/@fr\/114745257691654724","error":""},"_links":{"self":[{"href":"https:\/\/www.europesays.com\/fr\/wp-json\/wp\/v2\/posts\/203773","targetHints":{"allow":["GET"]}}],"collection":[{"href":"https:\/\/www.europesays.com\/fr\/wp-json\/wp\/v2\/posts"}],"about":[{"href":"https:\/\/www.europesays.com\/fr\/wp-json\/wp\/v2\/types\/post"}],"author":[{"embeddable":true,"href":"https:\/\/www.europesays.com\/fr\/wp-json\/wp\/v2\/users\/2"}],"replies":[{"embeddable":true,"href":"https:\/\/www.europesays.com\/fr\/wp-json\/wp\/v2\/comments?post=203773"}],"version-history":[{"count":0,"href":"https:\/\/www.europesays.com\/fr\/wp-json\/wp\/v2\/posts\/203773\/revisions"}],"wp:featuredmedia":[{"embeddable":true,"href":"https:\/\/www.europesays.com\/fr\/wp-json\/wp\/v2\/media\/203774"}],"wp:attachment":[{"href":"https:\/\/www.europesays.com\/fr\/wp-json\/wp\/v2\/media?parent=203773"}],"wp:term":[{"taxonomy":"category","embeddable":true,"href":"https:\/\/www.europesays.com\/fr\/wp-json\/wp\/v2\/categories?post=203773"},{"taxonomy":"post_tag","embeddable":true,"href":"https:\/\/www.europesays.com\/fr\/wp-json\/wp\/v2\/tags?post=203773"}],"curies":[{"name":"wp","href":"https:\/\/api.w.org\/{rel}","templated":true}]}}