{"id":203777,"date":"2025-06-25T17:48:09","date_gmt":"2025-06-25T17:48:09","guid":{"rendered":"https:\/\/www.europesays.com\/fr\/203777\/"},"modified":"2025-06-25T17:48:09","modified_gmt":"2025-06-25T17:48:09","slug":"lart-peut-il-encore-unir-a-lere-du-trumpisme-avec-shepard-fairey-obey","status":"publish","type":"post","link":"https:\/\/www.europesays.com\/fr\/203777\/","title":{"rendered":"L&rsquo;art peut-il encore unir \u00e0 l&rsquo;\u00e8re du trumpisme\u00a0? Avec Shepard Fairey (Obey)"},"content":{"rendered":"<p>La question politique du jour<\/p>\n<p class=\"PopSlotParagraph qg-tx2 qg-xtra-lh svelte-1r0pyek\">\u00c0 la fois ministre de l&rsquo;Int\u00e9rieur, chef de parti et potentiel candidat \u00e0 l&rsquo;\u00e9lection pr\u00e9sidentielle, Bruno Retailleau tient-il vraiment les rennes des R\u00e9publicains\u00a0? Avec\u00a0<strong>Yael Goosz<\/strong><\/p>\n<p> L&rsquo;invit\u00e9<\/p>\n<p class=\"PopSlotParagraph qg-tx2 qg-xtra-lh svelte-1r0pyek\">Ce soir, le street artiste Shepard Fairey, alias Obey, r\u00e9pond aux questions de <strong>Fabienne Sintes<\/strong>, \u00e0 l&rsquo;occasion de l&rsquo;exposition\u00a0\u00a0<strong>\u00ab\u00a0De Paris \u00e0 Bel\u00e9m\u00a0: 10 ans d&rsquo;actions mondiales pour le climat\u00a0\u00bb<\/strong>, \u00e0 l&rsquo;H\u00f4tel de Ville (Paris IVe) jusqu&rsquo;au 13 d\u00e9cembre.<\/p>\n<p> Le reportage<\/p>\n<p class=\"PopSlotParagraph qg-tx2 qg-xtra-lh svelte-1r0pyek\">Le reportage est en \u00c9gypte, o\u00f9 le peuple nubien, autrefois install\u00e9 au bord du Nil. Apr\u00e8s la construction du barrage d&rsquo;Assouan en 1971, l&rsquo;\u00c9gypte leur a promis un retour sur leurs terres ancestrales en 2014. Onze ans plus tard, il n&rsquo;en est rien. Le reste, c&rsquo;est <strong>Martin Dumas Primbault<\/strong>, correspondant en \u00c9gypte, qui raconte&#8230;<\/p>\n<p> Sous les radars<\/p>\n<p class=\"PopSlotParagraph qg-tx2 qg-xtra-lh svelte-1r0pyek\">Ce soir, on part en <strong>Zambie<\/strong> pour les fun\u00e9railles de l&rsquo;ancien pr\u00e9sident Edgar Lungu, puis en <strong>Australie<\/strong> o\u00f9 une affaire de contamination aux amanites (champignon v\u00e9n\u00e9neux) fait la une des m\u00e9dias, et enfin dans un \u00e9levage de chiens en <strong>Cor\u00e9e du Sud<\/strong>. Avec\u00a0<strong>Charlotte Piret<\/strong><\/p>\n<p> Le monde \u00e0 18h50<\/p>\n<p class=\"PopSlotParagraph qg-tx2 qg-xtra-lh svelte-1r0pyek\">Apr\u00e8s 12 jours de guerre et de bombardements intenses, le pouvoir iranien tient-il debout\u00a0? Avec\u00a0<strong>Claude Guibal<\/strong><\/p>\n<p> Le cin\u00e9ma en VO<\/p>\n<p class=\"PopSlotParagraph qg-tx2 qg-xtra-lh svelte-1r0pyek\">La r\u00e9alisatrice sud-cor\u00e9enne et canadienne <strong>Celine Song<\/strong> sort la semaine prochaine <strong>\u00ab\u00a0Materialist\u00a0\u00bb, une com\u00e9die romantique<\/strong> au casting 5 \u00e9toiles avec Dakota Johnson, Pedro Pascal ou encore Chris Evans. Voil\u00e0 qui pourrait bien nous r\u00e9concillier avec un genre l\u00e9g\u00e8rement en perte d\u2019int\u00e9r\u00eat ces derniers temps&#8230; Avec\u00a0<strong>Corinne P\u00e9lissier<\/strong><\/p>\n","protected":false},"excerpt":{"rendered":"La question politique du jour \u00c0 la fois ministre de l&rsquo;Int\u00e9rieur, chef de parti et potentiel candidat \u00e0&hellip;\n","protected":false},"author":2,"featured_media":203778,"comment_status":"","ping_status":"","sticky":false,"template":"","format":"standard","meta":{"footnotes":""},"categories":[1358],"tags":[1348,1384,1385,1386,58,59,1011,27],"class_list":{"0":"post-203777","1":"post","2":"type-post","3":"status-publish","4":"format-standard","5":"has-post-thumbnail","7":"category-arts-et-design","8":"tag-arts","9":"tag-arts-and-design","10":"tag-arts-et-design","11":"tag-design","12":"tag-divertissement","13":"tag-entertainment","14":"tag-fr","15":"tag-france"},"share_on_mastodon":{"url":"https:\/\/pubeurope.com\/@fr\/114745265554920667","error":""},"_links":{"self":[{"href":"https:\/\/www.europesays.com\/fr\/wp-json\/wp\/v2\/posts\/203777","targetHints":{"allow":["GET"]}}],"collection":[{"href":"https:\/\/www.europesays.com\/fr\/wp-json\/wp\/v2\/posts"}],"about":[{"href":"https:\/\/www.europesays.com\/fr\/wp-json\/wp\/v2\/types\/post"}],"author":[{"embeddable":true,"href":"https:\/\/www.europesays.com\/fr\/wp-json\/wp\/v2\/users\/2"}],"replies":[{"embeddable":true,"href":"https:\/\/www.europesays.com\/fr\/wp-json\/wp\/v2\/comments?post=203777"}],"version-history":[{"count":0,"href":"https:\/\/www.europesays.com\/fr\/wp-json\/wp\/v2\/posts\/203777\/revisions"}],"wp:featuredmedia":[{"embeddable":true,"href":"https:\/\/www.europesays.com\/fr\/wp-json\/wp\/v2\/media\/203778"}],"wp:attachment":[{"href":"https:\/\/www.europesays.com\/fr\/wp-json\/wp\/v2\/media?parent=203777"}],"wp:term":[{"taxonomy":"category","embeddable":true,"href":"https:\/\/www.europesays.com\/fr\/wp-json\/wp\/v2\/categories?post=203777"},{"taxonomy":"post_tag","embeddable":true,"href":"https:\/\/www.europesays.com\/fr\/wp-json\/wp\/v2\/tags?post=203777"}],"curies":[{"name":"wp","href":"https:\/\/api.w.org\/{rel}","templated":true}]}}