{"id":20379,"date":"2025-04-12T19:13:09","date_gmt":"2025-04-12T19:13:09","guid":{"rendered":"https:\/\/www.europesays.com\/fr\/20379\/"},"modified":"2025-04-12T19:13:09","modified_gmt":"2025-04-12T19:13:09","slug":"moya-et-riba-a-cagnes-sur-mer","status":"publish","type":"post","link":"https:\/\/www.europesays.com\/fr\/20379\/","title":{"rendered":"Moya et Rib\u00e0 \u00e0 Cagnes-sur-Mer"},"content":{"rendered":"<p>                    <img loading=\"lazy\" decoding=\"async\" src=\"https:\/\/www.europesays.com\/fr\/wp-content\/uploads\/2025\/04\/8a6027a0cc9ea1d0a451eb7547d2e3.jpg\" class=\"img-responsive post-image\" width=\"680\" height=\"510\" alt=\"Moya et Rib\u00e0 \u00e0 Cagnes-sur\" title=\"Moya et Rib\u00e0 \u00e0 Cagnes-sur-Mer\"\/><\/p>\n<p class=\"chapo\">C\u2019est dans la villa Barcarolle et dans ses jardins du vallon des Vaux \u00e0 Cagnes-sur-Mer que le jeune Patrick Moya a con\u00e7u et r\u00e9alis\u00e9 ses premiers travaux et expositions. Un demi si\u00e8cle plus tard, il est \u00e0 l\u2019honneur dans sa ville, au ch\u00e2teau-mus\u00e9e Grimaldi, dont les salles re\u00e7oivent des expositions d\u2019art contemporain. Il y pr\u00e9sente son univers en compagnie des sculptures de Pierre Rib\u00e0.<\/p>\n<p>Cette expo pr\u00e9par\u00e9e par la commissaire<strong> Simone Dibo-Cohen <\/strong> est justement intitul\u00e9e \u00ab\u00a0<strong> Dualit\u00e9 r\u00e9sonnante<\/strong>\u00a0\u00bb tant les univers des deux cr\u00e9ateurs appartiennent \u00e0 la m\u00eame galaxie de l\u2019imaginaire. Comme pourrait l\u2019\u00e9crire un c\u00e9l\u00e8bre guide touristique, cette manifestation vaut \u00e0 la fois le d\u00e9tour et aussi\u2026 la mont\u00e9e vers le sommet du vieux Cagnes pour arriver jusqu\u2019au ch\u00e2teau dont les plafonds peints font \u00e9cho aux \u0153uvres pr\u00e9sent\u00e9es.<\/p>\n<p>\u00ab\u00a0Travailler vers l\u2019universel\u00a0\u00bb<\/p>\n<p>On commence la visite au premier \u00e9tage par la d\u00e9couverte des \u0153uvres de Pierre Rib\u00e0, jeune homme de 92 ans, connu pour ses sculptures r\u00e9alis\u00e9es <strong>en carton ondul\u00e9 contrecoll\u00e9<\/strong>. Avec ce mat\u00e9riau utilitaire et ordinaire, cet artiste qui se d\u00e9finit comme un homme \u00ab\u00a0lent ayant besoin de beaucoup de temps pour dire les choses\u00a0\u00bb utilise \u00ab\u00a0peu\u00a0\u00bb et \u00ab\u00a0simple\u00a0\u00bb. <br class=\"autobr\"\/><br \/>\nIl r\u00e9alise un travail qui \u00e9voque en m\u00eame temps le brut primitif et la sophistication \u00e9pur\u00e9e. \u00ab\u00a0Je tends \u00e0 lib\u00e9rer mon travail de l\u2019anecdote, \u00e0 d\u00e9canter la r\u00e9alit\u00e9 de ses scories, de ses pesanteurs. Je veux aller vers l\u2019essentiel, m\u2019\u00e9panouir dans la sobri\u00e9t\u00e9, la simplification des formes. Je cherche \u00e0 travailler vers l\u2019universel \u00a0\u00bb. Une quarantaine de ses travaux sont pr\u00e9sent\u00e9s \u00e0 Cagnes. Ils peuvent \u00e9voquer les forces du pass\u00e9 et sont comme \u00ab\u00a0 impr\u00e9gn\u00e9s d\u2019un pouvoir sup\u00e9rieur\u00a0\u00bb. Ils pr\u00e9sentent des failles et des d\u00e9chirures sculpt\u00e9es dans cette mati\u00e8re r\u00eache qu\u2019il fut l\u2019un des premiers \u00e0 utiliser dans l\u2019art. \u00ab\u00a0Il y a trente ans, cela n\u2019a pas tout de suite s\u00e9duit. L\u2019utilisation du carton laissait encore les gens perplexes. Aujourd\u2019hui, c\u2019est totalement banal, les plasticiens utilisent n\u2019importe quel type de mat\u00e9riau\u00a0\u00bb, explique l\u2019artiste qui vit et travaille \u00e0 Gallargues-le-Montueux dans le Gard.<\/p>\n<p>Environnement futuriste et color\u00e9<\/p>\n<p>L\u2019exposition se poursuit au deuxi\u00e8me \u00e9tage par les travaux de <strong>Patrick Moya<\/strong>. On ne pr\u00e9sente plus ce peintre, sculpteur, artiste num\u00e9rique et cr\u00e9ateur de mondes virtuels, auteur de nombreuses performances. La palette de ses talents se conjugue sur des supports vari\u00e9s, toujours tr\u00e8s color\u00e9s, sugg\u00e9rant un environnement futuriste et color\u00e9. Qu\u2019il s\u2019agisse de ses toiles ou de ses constructions en volumes, en passant par le m\u00e9tavers o\u00f9 le visiteur peut interagir, on retrouve la fra\u00eecheur, la tendresse, la dr\u00f4lerie de son monde imaginaire (on aimerait tant que ces qualit\u00e9s se retrouvent dans le r\u00e9el). \u00ab\u00a0Plasticien, performer et artiste num\u00e9rique, Patrick Moya travaille en arborescence, jonglant entre \u0153uvre r\u00e9elle et mondes virtuels, dans une d\u00e9marche invasive et immersive qui prend comme pr\u00e9texte son nom et son image\u00a0\u00bb. <br class=\"autobr\"\/><br \/>\nAu <a href=\"https:\/\/ville.cagnes.fr\/actualites-csm\/exposition-riba-moya-dualite-resonnante\/\" class=\"spip_out\" rel=\"external nofollow noopener\" target=\"_blank\">ch\u00e2teau Grimaldi<\/a>, il pr\u00e9sente dans la clart\u00e9 obscure des salles de grandes toiles repr\u00e9sentatives de son monde dans lequel il fait si bon s\u2019abandonner, en retrouvant un regard et une \u00e2me d\u2019enfant, en devenant une sorte de Petit Prince.<\/p>\n<p><strong>Jean-Michel CHEVALIER<\/strong><\/p>\n<p>Rib\u00e0 Moya \u2013 Dualit\u00e9 r\u00e9sonnante<br class=\"autobr\"\/><br \/>\nExposition jusqu\u2019au 9 juin 2025<br class=\"autobr\"\/><br \/>\nCh\u00e2teau-mus\u00e9e Grimaldi<\/p>\n<p>Photo de Une\u00a0: Moya \u00a9JMC<\/p>\n","protected":false},"excerpt":{"rendered":"C\u2019est dans la villa Barcarolle et dans ses jardins du vallon des Vaux \u00e0 Cagnes-sur-Mer que le jeune&hellip;\n","protected":false},"author":2,"featured_media":20380,"comment_status":"","ping_status":"","sticky":false,"template":"","format":"standard","meta":{"footnotes":""},"categories":[2819],"tags":[1111,11,2408,1777,674,1011,27,12,2401,882,25],"class_list":{"0":"post-20379","1":"post","2":"type-post","3":"status-publish","4":"format-standard","5":"has-post-thumbnail","7":"category-nice","8":"tag-actu","9":"tag-actualites","10":"tag-appels-d","11":"tag-eu","12":"tag-europe","13":"tag-fr","14":"tag-france","15":"tag-news","16":"tag-nice","17":"tag-provence-alpes-cote-dazur","18":"tag-republique-francaise"},"share_on_mastodon":{"url":"https:\/\/pubeurope.com\/@fr\/114326588920274597","error":""},"_links":{"self":[{"href":"https:\/\/www.europesays.com\/fr\/wp-json\/wp\/v2\/posts\/20379","targetHints":{"allow":["GET"]}}],"collection":[{"href":"https:\/\/www.europesays.com\/fr\/wp-json\/wp\/v2\/posts"}],"about":[{"href":"https:\/\/www.europesays.com\/fr\/wp-json\/wp\/v2\/types\/post"}],"author":[{"embeddable":true,"href":"https:\/\/www.europesays.com\/fr\/wp-json\/wp\/v2\/users\/2"}],"replies":[{"embeddable":true,"href":"https:\/\/www.europesays.com\/fr\/wp-json\/wp\/v2\/comments?post=20379"}],"version-history":[{"count":0,"href":"https:\/\/www.europesays.com\/fr\/wp-json\/wp\/v2\/posts\/20379\/revisions"}],"wp:featuredmedia":[{"embeddable":true,"href":"https:\/\/www.europesays.com\/fr\/wp-json\/wp\/v2\/media\/20380"}],"wp:attachment":[{"href":"https:\/\/www.europesays.com\/fr\/wp-json\/wp\/v2\/media?parent=20379"}],"wp:term":[{"taxonomy":"category","embeddable":true,"href":"https:\/\/www.europesays.com\/fr\/wp-json\/wp\/v2\/categories?post=20379"},{"taxonomy":"post_tag","embeddable":true,"href":"https:\/\/www.europesays.com\/fr\/wp-json\/wp\/v2\/tags?post=20379"}],"curies":[{"name":"wp","href":"https:\/\/api.w.org\/{rel}","templated":true}]}}