{"id":203790,"date":"2025-06-25T17:55:10","date_gmt":"2025-06-25T17:55:10","guid":{"rendered":"https:\/\/www.europesays.com\/fr\/203790\/"},"modified":"2025-06-25T17:55:10","modified_gmt":"2025-06-25T17:55:10","slug":"bruno-guillon-reagit-a-larrivee-de-cyril-hanouna-sur-fun-radio-2","status":"publish","type":"post","link":"https:\/\/www.europesays.com\/fr\/203790\/","title":{"rendered":"Bruno Guillon r\u00e9agit \u00e0 l\u2019arriv\u00e9e de Cyril Hanouna sur Fun Radio"},"content":{"rendered":"<p><strong>EXCLU TV MAGAZINE &#8211; <\/strong>L\u2019ancien trublion de C8 va faire sa rentr\u00e9e sur W9 et Fun Radio. Une arriv\u00e9e qui d\u00e9pla\u00eet \u00e0 plusieurs animateurs du groupe M6 dont Karine Le Marchand et Bruno Guillon.<\/p>\n<p class=\"fig-paragraph\"><a href=\"https:\/\/www.lefigaro.fr\/tag\/bruno-guillon\" target=\"_blank\" rel=\"noopener nofollow\" data-gtm-custom-categorie=\"navigation\" data-gtm-custom-action=\"crossclick\" data-gtm-custom-label=\"Contextuel\" data-gtm-event=\"customEventSPE\"><strong>Bruno Guillon<\/strong><\/a> \u00a0termine la saison sur les chapeaux de roues. L\u2019animateur, d\u00e9j\u00e0 \u00e0 la t\u00eate de\u00a0<a href=\"https:\/\/tvmag.lefigaro.fr\/programme-tv\/programme\/chacun-son-tour-d394674796\" target=\"_blank\" rel=\"noopener nofollow\" data-gtm-custom-categorie=\"navigation\" data-gtm-custom-action=\"crossclick\" data-gtm-custom-label=\"Contextuel\" data-gtm-event=\"customEventSPE\">\u00abChacun son tour\u00bb<\/a>\u00a0et de prime times sur\u00a0<a href=\"https:\/\/tvmag.lefigaro.fr\/programme-tv\/chaine\/4\/tous-les-programmes-de-france-2\" target=\"_blank\" rel=\"noopener nofollow\" data-gtm-custom-categorie=\"navigation\" data-gtm-custom-action=\"crossclick\" data-gtm-custom-label=\"Contextuel\" data-gtm-event=\"customEventSPE\">France 2<\/a>, de la matinale de Fun Radio et du \u00abBon Dimanche Show\u00bb sur RTL, vient de tourner ses premiers num\u00e9ros de\u00a0<a href=\"https:\/\/tvmag.lefigaro.fr\/programme-tv\/programme\/tout-le-monde-a-son-mot-a-dire-f1390836333\" target=\"_blank\" rel=\"noopener nofollow\" data-gtm-custom-categorie=\"navigation\" data-gtm-custom-action=\"crossclick\" data-gtm-custom-label=\"Contextuel\" data-gtm-event=\"customEventSPE\">\u00abTout le monde a son mot \u00e0 dire\u00bb<\/a>\u00a0qui seront diffus\u00e9s \u00e0 la rentr\u00e9e et il s\u2019appr\u00eate \u00e0 prendre part \u00e0 la renaissance d\u2019<a href=\"https:\/\/tvmag.lefigaro.fr\/programme-tv\/programme\/intervilles-d1626558211\" target=\"_blank\" rel=\"noopener nofollow\" data-gtm-custom-categorie=\"navigation\" data-gtm-custom-action=\"crossclick\" data-gtm-custom-label=\"Contextuel\" data-gtm-event=\"customEventSPE\">\u00abIntervilles\u00bb<\/a>. Le jeudi 3 juillet, il sera \u00e0 Beauvais avec\u00a0<a href=\"https:\/\/www.lefigaro.fr\/tag\/nagui\" target=\"_blank\" rel=\"noopener nofollow\" data-gtm-custom-categorie=\"navigation\" data-gtm-custom-action=\"crossclick\" data-gtm-custom-label=\"Contextuel\" data-gtm-event=\"customEventSPE\">Nagui<\/a>,\u00a0<a href=\"https:\/\/www.lefigaro.fr\/tag\/camille-cerf\" target=\"_blank\" rel=\"noopener nofollow\" data-gtm-custom-categorie=\"navigation\" data-gtm-custom-action=\"crossclick\" data-gtm-custom-label=\"Contextuel\" data-gtm-event=\"customEventSPE\">Camille Cerf<\/a>, Val\u00e9rie B\u00e8gue, Yoann Riou et Magali Ripoll pour le retour du jeu culte. Ce soir-l\u00e0, la commune de l\u2019Oise affrontera Coulanges-l\u00e8s-Nevers (Ni\u00e8vre).<\/p>\n<p class=\"fig-paragraph\">\u00c0 cette occasion, Bruno Guillon a accord\u00e9 une longue interview \u00e0 TV Magazine. Dans le num\u00e9ro \u00e0 para\u00eetre vendredi dans les kiosques, il \u00e9voque l\u2019absence de vachettes dans l\u2019\u00e9mission, son rythme de vie effr\u00e9n\u00e9, sa cha\u00eene YouTube, ses projets avec sa soci\u00e9t\u00e9 de production et il a aussi accept\u00e9 de r\u00e9pondre \u00e0 des questions sur\u00a0<a href=\"https:\/\/www.lefigaro.fr\/tag\/cyril-hanouna\" target=\"_blank\" rel=\"noopener nofollow\" data-gtm-custom-categorie=\"navigation\" data-gtm-custom-action=\"crossclick\" data-gtm-custom-label=\"Contextuel\" data-gtm-event=\"customEventSPE\"><strong>Cyril Hanouna<\/strong><\/a> .<\/p>\n<p>    Bruno Guillon \u00e0 la Une du Figaro TV Magazine, \u00e0 para\u00eetre le vendredi 27 juin 2025.<br \/>\n                TV Magazine.<\/p>\n<p class=\"fig-paragraph\">Ce dernier arrive dans le groupe\u00a0<a href=\"https:\/\/tvmag.lefigaro.fr\/programme-tv\/chaine\/118\/tous-les-programmes-de-m6\" target=\"_blank\" rel=\"noopener nofollow\" data-gtm-custom-categorie=\"navigation\" data-gtm-custom-action=\"crossclick\" data-gtm-custom-label=\"Contextuel\" data-gtm-event=\"customEventSPE\">M6<\/a>. D\u00e8s le 1er septembre, l\u2019ancien trublion de C8 sera aux commandes de \u00abTout beau tout fun\u00bb de 15 heures \u00e0 18 heures sur Fun Radio puis de \u00abTout beau tout 9\u00bb sur W9 \u00e0 partir de 18h45. Un recrutement qui fait grincer des dents. Celles de\u00a0<a href=\"https:\/\/www.lefigaro.fr\/tag\/karine-le-marchand\" target=\"_blank\" rel=\"noopener nofollow\" data-gtm-custom-categorie=\"navigation\" data-gtm-custom-action=\"crossclick\" data-gtm-custom-label=\"Contextuel\" data-gtm-event=\"customEventSPE\">Karine Le Marchand<\/a>\u00a0d\u2019abord. Dans\u00a0<a href=\"https:\/\/tvmag.lefigaro.fr\/programme-tv\/programme\/touche-pas-a-mon-poste-d1917940577\" target=\"_blank\" rel=\"noopener nofollow\" data-gtm-custom-categorie=\"navigation\" data-gtm-custom-action=\"crossclick\" data-gtm-custom-label=\"Contextuel\" data-gtm-event=\"customEventSPE\">\u00abTouche pas \u00e0 mon poste\u00a0!\u00bb<\/a>, Cyril Hanouna a tr\u00e8s souvent critiqu\u00e9 l\u2019animatrice et les programmes qu\u2019elle pr\u00e9sente. D\u00e8s les premi\u00e8res rumeurs de son arriv\u00e9e,\u00a0<a href=\"http:\/\/tvmag.lefigaro.fr\/programme-tv\/people\/s-il-vient-je-m-en-vais-karine-le-marchand-met-son-veto-sur-l-arrivee-de-cyril-hanouna-dans-le-groupe-m6-20250124\" target=\"_blank\" data-fig-type=\"Article\" rel=\"noopener nofollow\" data-gtm-custom-categorie=\"navigation\" data-gtm-custom-action=\"crossclick\" data-gtm-custom-label=\"Contextuel\" data-gtm-event=\"customEventSPE\" data-fig-domain=\"TVMAG\">elle \u00e9tait all\u00e9e de plaindre aupr\u00e8s de sa direction<\/a>.<\/p>\n<p class=\"fig-body-link\">\n            \u00c0 lire aussi<br \/>\n        <a class=\"fig-body-link__link\" href=\"http:\/\/tvmag.lefigaro.fr\/programme-tv\/actu-tele\/la-personne-qui-m-a-crache-dessus-pendant-dix-ans-bruno-guillon-reagit-a-l-arrivee-de-cyril-hanouna-sur-fun-radio-20250417\" target=\"_blank\" data-fig-type=\"Article\" rel=\"noopener nofollow\" data-gtm-custom-categorie=\"navigation\" data-gtm-custom-action=\"crossclick\" data-gtm-custom-label=\"Contextuel\" data-gtm-event=\"customEventSPE\" data-fig-domain=\"TVMAG\">\u00abLa personne qui m\u2019a crach\u00e9 dessus pendant dix ans\u00bb\u00a0: Bruno Guillon r\u00e9agit \u00e0 l\u2019arriv\u00e9e de Cyril Hanouna sur Fun Radio<br \/>\n    <\/a>\n<\/p>\n<p class=\"fig-paragraph\">Dans un article publi\u00e9 fin f\u00e9vrier,\u00a0<a href=\"https:\/\/www.leparisien.fr\/culture-loisirs\/tv\/le-transfert-du-siecle-les-coulisses-du-contrat-de-cyril-hanouna-avec-le-groupe-m-6-28-02-2025-NXEBD2SGIVAPRHVQHW64GWPZOU.php\" target=\"_blank\" rel=\"nofollow noopener\" data-gtm-custom-categorie=\"navigation\" data-gtm-custom-action=\"crossclick\" data-gtm-custom-label=\"Contextuel\" data-gtm-event=\"customEventSPE\">Le Parisien<\/a> \u00a0a r\u00e9v\u00e9l\u00e9 que Bruno Guillon est, lui, aussi m\u00e9content de voir d\u00e9barquer Cyril Hanouna dans le groupe M6 et refuse d\u2019appara\u00eetre sur la m\u00eame photo que lui. D\u00e9but avril, Cl\u00e9ment Garin a d\u00e9voil\u00e9 un enregistrement de 88 secondes dans lequel l\u2019animateur de France 2 explique \u00e0 Michel Drucker qu\u2019<a href=\"http:\/\/tvmag.lefigaro.fr\/programme-tv\/actu-tele\/hors-de-question-que-je-partage-l-antenne-avec-ce-gars-l-enregistrement-compromettant-de-bruno-guillon-sur-cyril-hanouna-20250416\" target=\"_blank\" data-fig-type=\"Article\" rel=\"noopener nofollow\" data-gtm-custom-categorie=\"navigation\" data-gtm-custom-action=\"crossclick\" data-gtm-custom-label=\"Contextuel\" data-gtm-event=\"customEventSPE\" data-fig-domain=\"TVMAG\">il refuse de partager l\u2019antenne avec l\u2019ancien pr\u00e9sentateur de \u00abTPMP\u00bb<\/a>. D\u2019apr\u00e8s le journaliste ind\u00e9pendant, Bruno Guillon aurait assur\u00e9 \u00e0 David Larramendy, pr\u00e9sident du directoire de M6, que ce document audio serait truqu\u00e9 par l\u2019I.A.<\/p>\n<blockquote class=\"fig-quote&#10;    \">\n<p class=\"fig-quote__text\">\u00ab Pour \u00eatre rassur\u00e9 vis-\u00e0-vis de Cyril Hanouna, il faudrait que Cyril Hanouna me fasse peur\u00a0\u00bb<\/p>\n<p>            Bruno Guillon\n    <\/p><\/blockquote>\n<p class=\"fig-paragraph\">\u00abLes propos vol\u00e9s\u00a0? Oui, je confirme les avoir tenus, on a reconnu ma voix, admet pour la premi\u00e8re fois Bruno Guillon aupr\u00e8s de TV Magazine. J\u2019assume ce que je dis, ce que je fais m\u00eame quand ce sont des enregistrements vol\u00e9s utilis\u00e9s \u00e0 mon insu, et qui plus est commercialis\u00e9s. La justice s\u2019est saisie de cette histoire. C\u2019est du vol d\u2019informations, on n\u2019a pas le droit de faire \u00e7a\u00bb, annonce-t-il.<\/p>\n<p class=\"fig-paragraph\">\u00c0 deux mois de la rentr\u00e9e, Bruno Guillon refuse toujours de s\u2019exprimer sur son avenir \u00e0 Fun Radio. \u00abJe vais d\u00e9j\u00e0 finir cette saison, prendre quelques jours de vacances et on verra en septembre. En ce moment, il se passe tellement de choses que je suis vraiment dans le carpe diem, je vis au jour le jour. La matinale s\u2019arr\u00eate le 4 juillet, la derni\u00e8re du \u201c\u200aBon Dimanche Show\u201d est le 6, et il y a \u201c\u200aIntervilles\u200a\u201d le 3. Je suis concentr\u00e9 sur \u00e7a\u00bb, nous r\u00e9pond-il.<\/p>\n<p class=\"fig-paragraph\">Il \u00e9lude l\u2019id\u00e9e de travailler sur la m\u00eame station de radio que Cyril Hanouna. \u00abPour l\u2019instant, il est sur Europe 1, et je suis sur Fun Radio\u00bb, rappelle Bruno Guillon assurant que l\u2019arriv\u00e9e de celui-ci ne contrecarre pas sa rentr\u00e9e. \u00abJe ne conjugue pas mon avenir avec celui de Cyril Hanouna. Je sais qu\u2019il parle beaucoup de moi, moi tr\u00e8s peu de lui&#8230; J\u2019ai l\u2019impression que \u00e7a doit beaucoup plus l\u2019obnubiler que moi. Je m\u2019en fiche un peu, pour dire vrai\u00bb, balance-t-il. \u00c9dit\u00e9<\/p>\n<p class=\"fig-paragraph\">Est-ce que la direction de Fun Radio l\u2019a rassur\u00e9\u00a0? \u00abJe n\u2019ai pas besoin d\u2019\u00eatre rassur\u00e9 car j\u2019anime l\u2019\u00e9mission qui cartonne le plus en radio le matin. Nos scores n\u2019ont pas \u00e9t\u00e9 atteints depuis des ann\u00e9es. La direction de Fun Radio est ravie, parce qu\u2019elle sait qu\u2019elle a une des matinales qui fonctionnent le mieux sur le march\u00e9, affirme-t-il avant de conclure\u00a0: Pour \u00eatre rassur\u00e9 vis-\u00e0-vis de Cyril Hanouna, il faudrait que Cyril Hanouna me fasse peur\u00bb. Il y a fort \u00e0 parier que le principal int\u00e9ress\u00e9 r\u00e9agisse dans \u00abOn marche la t\u00eate\u00bb sur Europe 1.<\/p>\n<p class=\"fig-paragraph\"><strong>\u00c9dit \u00e0 19h40\u00a0:<\/strong> Au moment de l\u2019entretien qu\u2019il a accord\u00e9 \u00e0 TV Magazine la semaine derni\u00e8re, Bruno Guillon n\u2019avait pas encore prolong\u00e9 son contrat avec Fun Radio. \u00c0 la suite de la publication de notre article ce jour, l\u2019animateur nous informe qu\u2019il a sign\u00e9 ce mercredi apr\u00e8s-midi pour la saison prochaine sur la station du groupe M6-RTL.<\/p>\n","protected":false},"excerpt":{"rendered":"EXCLU TV MAGAZINE &#8211; L\u2019ancien trublion de C8 va faire sa rentr\u00e9e sur W9 et Fun Radio. Une&hellip;\n","protected":false},"author":2,"featured_media":203791,"comment_status":"","ping_status":"","sticky":false,"template":"","format":"standard","meta":{"footnotes":""},"categories":[8],"tags":[497,496,7961,499,1083,58,59,1011,27,500,504,505,495,503,502,501,498],"class_list":{"0":"post-203790","1":"post","2":"type-post","3":"status-publish","4":"format-standard","5":"has-post-thumbnail","7":"category-divertissement","8":"tag-actu-tv","9":"tag-actualite-tv","10":"tag-bruno-guillon","11":"tag-buzz-tv","12":"tag-cyril-hanouna","13":"tag-divertissement","14":"tag-entertainment","15":"tag-fr","16":"tag-france","17":"tag-medias","18":"tag-news-tele","19":"tag-news-television","20":"tag-news-tv","21":"tag-programme-tele","22":"tag-programme-tv","23":"tag-quiz-tv","24":"tag-tv-actu"},"share_on_mastodon":{"url":"https:\/\/pubeurope.com\/@fr\/114745293203638641","error":""},"_links":{"self":[{"href":"https:\/\/www.europesays.com\/fr\/wp-json\/wp\/v2\/posts\/203790","targetHints":{"allow":["GET"]}}],"collection":[{"href":"https:\/\/www.europesays.com\/fr\/wp-json\/wp\/v2\/posts"}],"about":[{"href":"https:\/\/www.europesays.com\/fr\/wp-json\/wp\/v2\/types\/post"}],"author":[{"embeddable":true,"href":"https:\/\/www.europesays.com\/fr\/wp-json\/wp\/v2\/users\/2"}],"replies":[{"embeddable":true,"href":"https:\/\/www.europesays.com\/fr\/wp-json\/wp\/v2\/comments?post=203790"}],"version-history":[{"count":0,"href":"https:\/\/www.europesays.com\/fr\/wp-json\/wp\/v2\/posts\/203790\/revisions"}],"wp:featuredmedia":[{"embeddable":true,"href":"https:\/\/www.europesays.com\/fr\/wp-json\/wp\/v2\/media\/203791"}],"wp:attachment":[{"href":"https:\/\/www.europesays.com\/fr\/wp-json\/wp\/v2\/media?parent=203790"}],"wp:term":[{"taxonomy":"category","embeddable":true,"href":"https:\/\/www.europesays.com\/fr\/wp-json\/wp\/v2\/categories?post=203790"},{"taxonomy":"post_tag","embeddable":true,"href":"https:\/\/www.europesays.com\/fr\/wp-json\/wp\/v2\/tags?post=203790"}],"curies":[{"name":"wp","href":"https:\/\/api.w.org\/{rel}","templated":true}]}}