{"id":203796,"date":"2025-06-25T17:58:08","date_gmt":"2025-06-25T17:58:08","guid":{"rendered":"https:\/\/www.europesays.com\/fr\/203796\/"},"modified":"2025-06-25T17:58:08","modified_gmt":"2025-06-25T17:58:08","slug":"volodymyr-zelensky-a-bien-fait-de-venir-a-la-haye-liberation","status":"publish","type":"post","link":"https:\/\/www.europesays.com\/fr\/203796\/","title":{"rendered":"Volodymyr Zelensky a bien fait de venir \u00e0 La\u00a0Haye \u2013 Lib\u00e9ration"},"content":{"rendered":"<p class=\"sc-ksZaOG ehjQrN text-element\">Alors que le monde entier a \u00e9t\u00e9 suspendu pendant douze jours \u00e0 la guerre entre Isra\u00ebl et l\u2019Iran, et que Vladimir Poutine en profitait pour pilonner l\u2019Ukraine, Volodymyr Zelensky avait des raisons d\u2019attendre impatiemment le rendez-vous global de La Haye. En qu\u00eate d\u2019un soutien renouvel\u00e9 de la part des membres de l\u2019Alliance transatlantique, mais surtout pour un t\u00eate-\u00e0-t\u00eate avec <a href=\"https:\/\/www.liberation.fr\/international\/amerique\/reparti-a-washington-donald-trump-plante-le-g7-pour-rentrer-jouer-avec-le-feu-israelo-iranien-20250617_OH256QTFENCHVFD6FCZBOQYMYI\/\" target=\"_blank\" rel=\"noopener\" title=\"https:\/\/www.liberation.fr\/international\/amerique\/reparti-a-washington-donald-trump-plante-le-g7-pour-rentrer-jouer-avec-le-feu-israelo-iranien-20250617_OH256QTFENCHVFD6FCZBOQYMYI\/\">Donald Trump, qui lui avait pos\u00e9 un lapin au G7,<\/a> le 17 juin.<\/p>\n<p class=\"sc-ksZaOG ehjQrN text-element\">Accueilli \u00abparmi ses amis\u00bb, selon les propos d\u2019Ursula von der Leyen, le pr\u00e9sident ukrainien a m\u00eame pos\u00e9 pour la premi\u00e8re photo de famille, mardi, au d\u00e9but du sommet. Ce mercredi, il s\u2019est entretenu pendant plus de quarante minutes avec son homologue am\u00e9ricain, au cours d\u2019une \u00abrencontre longue et riche\u00bb. \u00abNous avons abord\u00e9 toutes les questions vraiment importantes. Je remercie le pr\u00e9sident, je remercie les Etats-Unis. Nous avons discut\u00e9 de la mani\u00e8re de parvenir \u00e0 un cessez-le-feu et \u00e0 une paix v\u00e9ritable. Nous avons discut\u00e9 des moyens de prot\u00e9ger nos populations. Nous appr\u00e9cions l\u2019attention et la volont\u00e9 d\u2019aider \u00e0 rapprocher la paix. Les d\u00e9tails suivront\u00bb, a \u00e9crit Zelensky sur ses r\u00e9seaux sociaux.<\/p>\n<p class=\"sc-ksZaOG ehjQrN text-element\">De son c\u00f4t\u00e9, Donald Trump, interrog\u00e9 sur l\u2019entrevue et sur une \u00e9ventuelle discussion sur un cessez-le-feu, a r\u00e9pondu : \u00abNon, non. Je voulais juste savoir comment il allait. Il a \u00e9t\u00e9 tr\u00e8s gentil. Ce que j\u2019ai retenu de cette rencontre, c\u2019est que Zelensky veut que la guerre prenne fin. Je dois parler \u00e0 Vladimir Poutine et voir si nous pouvons y mettre fin. C\u2019est fou que la semaine derni\u00e8re, pr\u00e8s de 7 000 militaires ukrainiens et russes soient morts.\u00bb Durant cette m\u00eame prise de parole, Trump a d\u00e9clar\u00e9 qu\u2019il envisageait d\u2019envoyer davantage de batteries de missiles Patriot en Ukraine, pr\u00e9cisant que les syst\u00e8mes antimissiles \u00e9taient \u00abtr\u00e8s difficiles \u00e0 obtenir\u00bb, mais que \u00abnous allons voir si nous pouvons en mettre quelques-uns \u00e0 disposition\u00bb.<\/p>\n<p class=\"sc-ksZaOG ehjQrN text-element\">Ce qu\u2019il faut retenir, au-del\u00e0 de ces comptes rendus un peu divergents de la m\u00eame conversation, c\u2019est que Donald Trump semble content. Et c\u2019est ce qui compte par-dessus tout, dans l\u2019encha\u00eenement des derniers mois, de <a href=\"https:\/\/www.liberation.fr\/international\/altercation-dans-le-bureau-ovale-face-a-lindignite-de-trump-ladmirable-courage-de-zelensky-20250301_QROEDKPMQZCX5KQXCG6DKNFIYQ\/\" target=\"_blank\" rel=\"noopener\" title=\"https:\/\/www.liberation.fr\/international\/altercation-dans-le-bureau-ovale-face-a-lindignite-de-trump-ladmirable-courage-de-zelensky-20250301_QROEDKPMQZCX5KQXCG6DKNFIYQ\/\">l\u2019esclandre dans le Bureau Ovale au mois de f\u00e9vrier,<\/a> au refus obstin\u00e9 du pr\u00e9sident am\u00e9ricain de confronter s\u00e9rieusement Vladimir Poutine et de le mettre sous pression. <\/p>\n<p class=\"sc-ksZaOG ehjQrN text-element\">Et puis, dans la d\u00e9claration commune, endoss\u00e9e par les 32 dirigeants, y compris Donald Trump aux caprices duquel est d\u00e9sormais suspendu le destin du monde, les alli\u00e9s ont r\u00e9affirm\u00e9 \u00ableur engagement souverain et durable \u00e0 soutenir l\u2019Ukraine, dont la s\u00e9curit\u00e9 contribue \u00e0 la n\u00f4tre\u00bb, face \u00e0 \u00abla menace \u00e0 long terme\u00bb que repr\u00e9sente la Russie. En conclusion, Mark Rutte a r\u00e9p\u00e9t\u00e9 que l\u2019Ukraine pouvait compter sur une aide croissante de ses alli\u00e9s pour l\u2019ann\u00e9e en cours. \u00abOn peut affirmer sans risque que l\u2019aide militaire \u00e0 l\u2019Ukraine d\u00e9passera cette ann\u00e9e les 50 milliards de dollars accord\u00e9s l\u2019ann\u00e9e derni\u00e8re\u00bb, a d\u00e9clar\u00e9 le secr\u00e9taire g\u00e9n\u00e9ral de l\u2019Otan, durant la conf\u00e9rence de presse finale. Il avait d\u00e9j\u00e0 formul\u00e9 cette promesse mardi, en accueillant le pr\u00e9sident ukrainien, lui donnant du \u00abVolodymyr\u00bb, et indiquant que l\u2019un des objectifs des alli\u00e9s \u00e9tait de rendre l\u2019Ukraine si forte que \u00abVladimir Poutine n\u2019essaiera plus jamais de s\u2019emparer d\u2019un seul kilom\u00e8tre carr\u00e9 de l\u2019Ukraine\u00bb.<\/p>\n<p class=\"sc-ksZaOG ehjQrN text-element\">\u00abTout ce que nous faisons ici vise \u00e0 permettre \u00e0 l\u2019Ukraine de continuer \u00e0 se battre, afin qu\u2019elle dispose de tout ce dont elle a besoin pour \u00eatre aussi forte que possible. Mais il est \u00e9vident que nous continuons \u00e9galement \u00e0 \u0153uvrer en faveur d\u2019un accord de paix ou d\u2019un cessez-le-feu durable\u00bb, a encore dit Rutte, heureux, selon un correspondant de la BBC sur place, de pouvoir s\u2019\u00e9tendre sur l\u2019Ukraine, plut\u00f4t que de r\u00e9pondre aux nombreuses questions sur Donald Trump.<\/p>\n<p class=\"sc-ksZaOG ehjQrN text-element\">Dans les couloirs du sommet, durant ces deux jours, les membres de la d\u00e9l\u00e9gation ukrainienne n\u2019ont pas cach\u00e9 qu\u2019en l\u2019absence d\u2019une avanc\u00e9e majeure dans les relations avec l\u2019Otan pour des raisons objectives, Kyiv se concentrera sur le concret. \u00abL\u2019Ukraine a besoin de syst\u00e8mes de d\u00e9fense a\u00e9rienne, l\u2019Ukraine a besoin d\u2019armes, l\u2019Ukraine a besoin de sanctions suppl\u00e9mentaires contre la Russie, d\u2019une pression suppl\u00e9mentaire. Ces sujets seront certainement les principaux lors des r\u00e9unions du pr\u00e9sident [Zelensky] avec les dirigeants [des Etats membres de l\u2019Otan]\u00bb, avait dit mardi \u00e0 la presse le chef du bureau pr\u00e9sidentiel ukrainien, Andriy Yermak. Les Ukrainiens ne repartent pas les mains vides. <\/p>\n","protected":false},"excerpt":{"rendered":"Alors que le monde entier a \u00e9t\u00e9 suspendu pendant douze jours \u00e0 la guerre entre Isra\u00ebl et l\u2019Iran,&hellip;\n","protected":false},"author":2,"featured_media":203797,"comment_status":"","ping_status":"","sticky":false,"template":"","format":"standard","meta":{"footnotes":""},"categories":[5],"tags":[11,75,1011,27,14,12,136,297,134,28],"class_list":{"0":"post-203796","1":"post","2":"type-post","3":"status-publish","4":"format-standard","5":"has-post-thumbnail","7":"category-international","8":"tag-actualites","9":"tag-donald-trump","10":"tag-fr","11":"tag-france","12":"tag-international","13":"tag-news","14":"tag-otan","15":"tag-ukraine-la-crise","16":"tag-volodymyr-zelensky","17":"tag-world"},"share_on_mastodon":{"url":"https:\/\/pubeurope.com\/@fr\/114745304928784262","error":""},"_links":{"self":[{"href":"https:\/\/www.europesays.com\/fr\/wp-json\/wp\/v2\/posts\/203796","targetHints":{"allow":["GET"]}}],"collection":[{"href":"https:\/\/www.europesays.com\/fr\/wp-json\/wp\/v2\/posts"}],"about":[{"href":"https:\/\/www.europesays.com\/fr\/wp-json\/wp\/v2\/types\/post"}],"author":[{"embeddable":true,"href":"https:\/\/www.europesays.com\/fr\/wp-json\/wp\/v2\/users\/2"}],"replies":[{"embeddable":true,"href":"https:\/\/www.europesays.com\/fr\/wp-json\/wp\/v2\/comments?post=203796"}],"version-history":[{"count":0,"href":"https:\/\/www.europesays.com\/fr\/wp-json\/wp\/v2\/posts\/203796\/revisions"}],"wp:featuredmedia":[{"embeddable":true,"href":"https:\/\/www.europesays.com\/fr\/wp-json\/wp\/v2\/media\/203797"}],"wp:attachment":[{"href":"https:\/\/www.europesays.com\/fr\/wp-json\/wp\/v2\/media?parent=203796"}],"wp:term":[{"taxonomy":"category","embeddable":true,"href":"https:\/\/www.europesays.com\/fr\/wp-json\/wp\/v2\/categories?post=203796"},{"taxonomy":"post_tag","embeddable":true,"href":"https:\/\/www.europesays.com\/fr\/wp-json\/wp\/v2\/tags?post=203796"}],"curies":[{"name":"wp","href":"https:\/\/api.w.org\/{rel}","templated":true}]}}