{"id":203798,"date":"2025-06-25T17:59:12","date_gmt":"2025-06-25T17:59:12","guid":{"rendered":"https:\/\/www.europesays.com\/fr\/203798\/"},"modified":"2025-06-25T17:59:12","modified_gmt":"2025-06-25T17:59:12","slug":"le-trafic-aerien-perturbe-a-laeroport-dorly-les-trains-interdits-de-circuler-sur-des-lignes-regionales","status":"publish","type":"post","link":"https:\/\/www.europesays.com\/fr\/203798\/","title":{"rendered":"le trafic a\u00e9rien perturb\u00e9 \u00e0 l\u2019a\u00e9roport d\u2019Orly, les trains interdits de circuler sur des lignes r\u00e9gionales"},"content":{"rendered":"<p>Sur les rails, SNCF R\u00e9seau a pris plusieurs mesures de \u00abstop circulation\u00bb, c\u2019est-\u00e0-dire une interdiction de circuler pour les trains dans plusieurs endroits en France, en raison des orages violents pr\u00e9vus ce mercredi soir.<\/p>\n<p class=\"fig-paragraph\">Les\u00a0<a href=\"http:\/\/www.lefigaro.fr\/meteo\/orages-et-fortes-chaleurs-68-departements-en-alerte-jusqu-a-400c-attendus-en-auvergne-ce-mercredi-20250625\" target=\"_blank\" data-fig-type=\"NewsFlash\" rel=\"noopener nofollow\" data-gtm-custom-categorie=\"navigation\" data-gtm-custom-action=\"crossclick\" data-gtm-custom-label=\"Contextuel\" data-gtm-event=\"customEventSPE\" data-fig-domain=\"LEFIGARO\">orages<\/a>\u00a0qui s\u2019appr\u00eatent \u00e0 frapper l\u2019\u00cele-de-France vont avoir des cons\u00e9quences sur les transports. La Direction g\u00e9n\u00e9rale de l\u2019aviation civile (DGAC) pr\u00e9vient ce mercredi apr\u00e8s-midi qu\u2019\u00aben raison d\u2019un \u00e9pisode orageux, le trafic a\u00e9rien est perturb\u00e9 au d\u00e9part et \u00e0 l\u2019arriv\u00e9e de l\u2019a\u00e9roport de Paris-Orly\u00bb. Des retards et annulations de vols sont \u00e0 pr\u00e9voir, pr\u00e9cise l\u2019administration, qui invite les voyageurs \u00e0 se rapprocher de leur compagnie a\u00e9rienne pour savoir si leur vol est touch\u00e9.<\/p>\n<p class=\"fig-paragraph\">Sur les rails, le gestionnaire d\u2019infrastructure SNCF R\u00e9seau a pris plusieurs mesures de \u00abstop circulation\u00bb, c\u2019est-\u00e0-dire une interdiction de circuler pour les trains dans plusieurs endroits en France, en raison des orages violents pr\u00e9vus ce mercredi soir. Ces interdictions de rouler \u00e0 partir d\u2019une certaine heure visent \u00e0 \u00ab\u00e9viter l\u2019arr\u00eat d\u2019un train en pleine voie durant l\u2019orage\u00bb, a indiqu\u00e9 SNCF R\u00e9seau dans un communiqu\u00e9 envoy\u00e9 \u00e0 l\u2019AFP.<\/p>\n<p class=\"fig-paragraph\">Toutes les lignes d\u2019Auvergne sont notamment ferm\u00e9es depuis 16h. En \u00cele-de-France, seul le tron\u00e7on entre Gisors et Pontoise, sur la ligne J du Transilien, sera ferm\u00e9 \u00e0 partir de 21h. Ailleurs, les circulations seront interrompues sur plusieurs lignes r\u00e9gionales en Bourgogne-Franche-Comt\u00e9, Centre-Val de Loire, Normandie, Nouvelle-Aquitaine et Occitanie pour toute la soir\u00e9e ou seulement une partie. \u00abDes limitations de vitesse peuvent aussi avoir lieu dans d\u2019autres secteurs\u00bb, pr\u00e9vient SNCF R\u00e9seau.<\/p>\n<p>57 d\u00e9partements en vigilance orange aux orages<\/p>\n<p class=\"fig-paragraph\">La Cha\u00eene M\u00e9t\u00e9o* a plac\u00e9 ce mercredi 39 d\u00e9partements en alerte orage jusqu\u2019\u00e0 jeudi matin, dont tous les d\u00e9partements d\u2019\u00cele-de-France. De son c\u00f4t\u00e9, M\u00e9t\u00e9o France, qui pr\u00e9voit des \u00aborages violents sur un tr\u00e8s large axe central du pays\u00bb, a plac\u00e9 57 d\u00e9partements en vigilance orange ce mercredi. Le service m\u00e9t\u00e9orologique met en garde face \u00e0 cet \u00ab\u00e9pisode orageux n\u00e9cessitant une vigilance particuli\u00e8re compte tenu du risque de ph\u00e9nom\u00e8nes violents associ\u00e9s (gr\u00eale, rafales, fortes pluies et forte activit\u00e9 \u00e9lectrique)\u00bb.<\/p>\n<p class=\"fig-paragraph\">\u00c0 Paris, la pr\u00e9fecture de police a publi\u00e9 sur X un message de pr\u00e9vention, soulignant que M\u00e9t\u00e9o France pr\u00e9voyait \u00abdes risques d\u2019orages et vents forts en fin de journ\u00e9e et dans la soir\u00e9e en \u00cele-de-France ce mercredi\u00bb et appelant \u00abtous les Franciliens \u00e0 la prudence\u00bb. \u00ab\u00c0 partir de 19h, la r\u00e9gion parisienne passera en vigilance orange \u201cOrages\u201d. Restez vigilant et limitez vos d\u00e9placements\u00bb, appellent de leur c\u00f4t\u00e9 les pompiers de Paris.<\/p>\n<p class=\"fig-paragraph\">*La Cha\u00eene m\u00e9t\u00e9o est une propri\u00e9t\u00e9 du groupe Le Figaro.<\/p>\n","protected":false},"excerpt":{"rendered":"Sur les rails, SNCF R\u00e9seau a pris plusieurs mesures de \u00abstop circulation\u00bb, c\u2019est-\u00e0-dire une interdiction de circuler pour&hellip;\n","protected":false},"author":2,"featured_media":203799,"comment_status":"","ping_status":"","sticky":false,"template":"","format":"standard","meta":{"footnotes":""},"categories":[4],"tags":[339,11,663,340,343,345,350,130,344,352,349,33,341,313,1011,27,346,342,353,351,347,12,14113,16483,348,25,2215,354],"class_list":{"0":"post-203798","1":"post","2":"type-post","3":"status-publish","4":"format-standard","5":"has-post-thumbnail","7":"category-france","8":"tag-actualite-economique","9":"tag-actualites","10":"tag-aeroport","11":"tag-bourse","12":"tag-cac-40","13":"tag-chef-dentreprise","14":"tag-concurrence","15":"tag-consommation","16":"tag-creation-dentreprise","17":"tag-crise","18":"tag-delocalisations","19":"tag-economie","20":"tag-emploi","21":"tag-entreprises","22":"tag-fr","23":"tag-france","24":"tag-grands-patrons","25":"tag-impots","26":"tag-licenciements","27":"tag-monopole","28":"tag-multinationales","29":"tag-news","30":"tag-orage","31":"tag-orly","32":"tag-privatisation","33":"tag-republique-francaise","34":"tag-sncf","35":"tag-unio"},"share_on_mastodon":{"url":"https:\/\/pubeurope.com\/@fr\/114745308874377891","error":""},"_links":{"self":[{"href":"https:\/\/www.europesays.com\/fr\/wp-json\/wp\/v2\/posts\/203798","targetHints":{"allow":["GET"]}}],"collection":[{"href":"https:\/\/www.europesays.com\/fr\/wp-json\/wp\/v2\/posts"}],"about":[{"href":"https:\/\/www.europesays.com\/fr\/wp-json\/wp\/v2\/types\/post"}],"author":[{"embeddable":true,"href":"https:\/\/www.europesays.com\/fr\/wp-json\/wp\/v2\/users\/2"}],"replies":[{"embeddable":true,"href":"https:\/\/www.europesays.com\/fr\/wp-json\/wp\/v2\/comments?post=203798"}],"version-history":[{"count":0,"href":"https:\/\/www.europesays.com\/fr\/wp-json\/wp\/v2\/posts\/203798\/revisions"}],"wp:featuredmedia":[{"embeddable":true,"href":"https:\/\/www.europesays.com\/fr\/wp-json\/wp\/v2\/media\/203799"}],"wp:attachment":[{"href":"https:\/\/www.europesays.com\/fr\/wp-json\/wp\/v2\/media?parent=203798"}],"wp:term":[{"taxonomy":"category","embeddable":true,"href":"https:\/\/www.europesays.com\/fr\/wp-json\/wp\/v2\/categories?post=203798"},{"taxonomy":"post_tag","embeddable":true,"href":"https:\/\/www.europesays.com\/fr\/wp-json\/wp\/v2\/tags?post=203798"}],"curies":[{"name":"wp","href":"https:\/\/api.w.org\/{rel}","templated":true}]}}