{"id":203808,"date":"2025-06-25T18:04:23","date_gmt":"2025-06-25T18:04:23","guid":{"rendered":"https:\/\/www.europesays.com\/fr\/203808\/"},"modified":"2025-06-25T18:04:23","modified_gmt":"2025-06-25T18:04:23","slug":"le-point-sur-leffectif-apres-la-premiere-signature-et-les-annonces-de-depart","status":"publish","type":"post","link":"https:\/\/www.europesays.com\/fr\/203808\/","title":{"rendered":"le point sur l&rsquo;effectif apr\u00e8s la premi\u00e8re signature et les annonces de d\u00e9part"},"content":{"rendered":"<p>&#13;<br \/>\n  Ils arrivent<\/p>\n<p>    &#13;<br \/>\n    &#13;<br \/>\n    &#13;<br \/>\n    <a href=\"https:\/\/cdn-s-www.estrepublicain.fr\/images\/1ad614ea-f065-4b07-8a96-c941a5e345bb\/NW_raw\/forme-au-psg-le-jeune-defenseur-central-de-20-ans-nehemiah-fernandez-veliz-est-la-premiere-recrue-du-mercato-estival-2025-il-s-est-engage-libre-apres-une-experience-de-deux-ans-a-dunkerque-photo-pqr-la-voix-du-nord-marc-demeure-1749922633.jpg\" title=\"Form\u00e9 au PSG, le jeune d\u00e9fenseur central de 20 ans Nehemiah Fernandez-Veliz est la premi\u00e8re recrue du mercato estival 2025. Il s&#039;est engag\u00e9 libre apr\u00e8s une exp\u00e9rience de deux ans \u00e0 Dunkerque. Photo PQR\/La Voix du Nord\/Marc Demeure\" class=\"chocolat-image GA-tracking\" data-ga_type=\"click\" data-ga_category=\"D\u00e9tail\" data-ga_action=\"zoomer\" data-ga_label=\"aggrandir image\" target=\"_blank\" rel=\"noopener\">&#13;<br \/>\n        <img src=\"https:\/\/www.europesays.com\/fr\/wp-content\/uploads\/2025\/06\/forme-au-psg-le-jeune-defenseur-central-de-20-ans-nehemiah-fernandez-veliz-est-la-premiere-recrue-du.jpeg\"   alt=\"Form\u00e9 au PSG, le jeune d\u00e9fenseur central de 20 ans Nehemiah Fernandez-Veliz est la premi\u00e8re recrue du mercato estival 2025. Il s'est engag\u00e9 libre apr\u00e8s une exp\u00e9rience de deux ans \u00e0 Dunkerque. Photo PQR\/La Voix du Nord\/Marc Demeure\" fetchpriority=\"high\" decoding=\"async\" data-mobile=\"NW_listA_M|1749922633\" data-base=\"NW_listA|1749922633\"\/>&#13;<br \/>\n    <\/a>&#13;<\/p>\n<p>Form\u00e9 au PSG, le jeune d\u00e9fenseur central de 20 ans Nehemiah Fernandez-Veliz est la premi\u00e8re recrue du mercato estival 2025. Il s&rsquo;est engag\u00e9 libre apr\u00e8s une exp\u00e9rience de deux ans \u00e0 Dunkerque. Photo PQR\/La Voix du Nord\/Marc Demeure<\/p>\n<p>&#13;<br \/>\n  Ils restent<\/p>\n<ul class=\"galerieContent carousel-wrapper__slides\" id=\"5867cd3d-67f6-43fb-a09f-fca1c7c03b97\">        &#13;<\/p>\n<li class=\"carousel-wrapper__slides--slide item\" id=\"slide-1\">&#13;<br \/>\n                                    &#13;<br \/>\n                        <a class=\"chocolat-image GA-tracking\" data-ga_type=\"click\" data-ga_category=\"D\u00e9tail\" data-ga_action=\"zoomer\" data-ga_label=\"aggrandir image\" href=\"https:\/\/cdn-s-www.estrepublicain.fr\/images\/18c677af-bb27-4538-937e-800302bbf317\/NW_raw\/pablo-correa-le-coach-designe-meilleur-entraineur-du-national-sera-toujours-aux-commandes-de-l-equipe-photo-cedric-jacquot-1750078037.jpg\" title=\"Pablo Correa, le coach, d\u00e9sign\u00e9 meilleur entra\u00eeneur du National, sera toujours aux commandes de l&#039;\u00e9quipe.\u00a0Photo C\u00e9dric Jacquot\" target=\"_blank\" rel=\"noopener\">&#13;<br \/>\n                            <img decoding=\"async\" src=\"https:\/\/www.europesays.com\/fr\/wp-content\/uploads\/2025\/06\/pablo-correa-le-coach-designe-meilleur-entraineur-du-national-sera-toujours-aux-commandes-de-l-equip.jpeg\"   alt=\"Pablo Correa, le coach, d\u00e9sign\u00e9 meilleur entra\u00eeneur du National, sera toujours aux commandes de l'\u00e9quipe.\u00a0Photo C\u00e9dric Jacquot\" fetchpriority=\"high\" data-mobile=\"NW_listA_M|1750078037\" data-base=\"NW_listA|1750078037\"\/>&#13;<br \/>\n                        <\/a>&#13;<\/p>\n<p>Pablo Correa, le coach, d\u00e9sign\u00e9 meilleur entra\u00eeneur du National, sera toujours aux commandes de l&rsquo;\u00e9quipe.\u00a0Photo C\u00e9dric Jacquot<\/p>\n<p>                        &#13;<br \/>\n                                           &#13;\n                <\/li>\n<p>&#13;<br \/>\n            &#13;<\/p>\n<li class=\"carousel-wrapper__slides--slide item slideWithPub\" id=\"slide-2\">&#13;<br \/>\n                        &#13;<br \/>\n                            <a class=\"chocolat-image\" title=\"Publicit\u00e9\" href=\"data:image\/gif;base64,R0lGODlhAQABAAD\/ACwAAAAAAQABAAACADs=\">&#13;<br \/>\n                                <img decoding=\"async\" src=\"data:image\/gif;base64,R0lGODlhAQABAAD\/ACwAAAAAAQABAAACADs=\" alt=\"Publicit\u00e9\" loading=\"lazy\" fetchpriority=\"low\"\/>&#13;<br \/>\n                            <\/a>&#13;<br \/>\n                        &#13;\n                    <\/li>\n<p>&#13;<\/p>\n<li class=\"carousel-wrapper__slides--slide item\" id=\"slide-3\">&#13;<br \/>\n                                    &#13;<br \/>\n                        <a class=\"chocolat-image GA-tracking\" data-ga_type=\"click\" data-ga_category=\"D\u00e9tail\" data-ga_action=\"zoomer\" data-ga_label=\"aggrandir image\" href=\"https:\/\/cdn-s-www.estrepublicain.fr\/images\/17f5b94e-2c9f-47ee-b530-15c35d6f56f6\/NW_raw\/son-adjoint-adrian-sarkisian-(a-droite)-poursuit-egalement-l-aventure-tout-comme-gennaro-bracigliano-l-entraineur-des-gardiens-photo-cedric-jacquot-1734130789.jpg\" title=\"Son adjoint Adrian Sarkisian (\u00e0 droite) poursuit \u00e9galement l&#039;aventure, tout comme Gennaro Bracigliano, l&#039;entra\u00eeneur des gardiens.\u00a0Photo C\u00e9dric Jacquot\" target=\"_blank\" rel=\"noopener\">&#13;<br \/>\n                            <img decoding=\"async\" src=\"https:\/\/www.europesays.com\/fr\/wp-content\/uploads\/2025\/06\/son-adjoint-adrian-sarkisian-(a-droite)-poursuit-egalement-l-aventure-tout-comme-gennaro-bracigliano.jpeg\"   alt=\"Son adjoint Adrian Sarkisian (\u00e0 droite) poursuit \u00e9galement l'aventure, tout comme Gennaro Bracigliano, l'entra\u00eeneur des gardiens.\u00a0Photo C\u00e9dric Jacquot\" loading=\"lazy\" fetchpriority=\"low\" data-mobile=\"NW_listA_M|1734130789\" data-base=\"NW_listA|1743413192\"\/>&#13;<br \/>\n                        <\/a>&#13;<\/p>\n<p>Son adjoint Adrian Sarkisian (\u00e0 droite) poursuit \u00e9galement l&rsquo;aventure, tout comme Gennaro Bracigliano, l&rsquo;entra\u00eeneur des gardiens.\u00a0Photo C\u00e9dric Jacquot<\/p>\n<p>                        &#13;<br \/>\n                                           &#13;\n                <\/li>\n<p>&#13;<br \/>\n            &#13;<\/p>\n<li class=\"carousel-wrapper__slides--slide item\" id=\"slide-4\">&#13;<br \/>\n                                    &#13;<br \/>\n                        <a class=\"chocolat-image GA-tracking\" data-ga_type=\"click\" data-ga_category=\"D\u00e9tail\" data-ga_action=\"zoomer\" data-ga_label=\"aggrandir image\" href=\"https:\/\/cdn-s-www.estrepublicain.fr\/images\/7b3fcdc3-4c74-4c82-acff-031616b6c5b2\/NW_raw\/martin-sourzac-auteur-d-une-excellente-saison-defendra-toujours-les-cages-de-l-asnl-pour-ce-retour-en-ligue-2-photo-alexandre-marchi-1750078781.jpg\" title=\"Martin Sourzac,\u00a0auteur d&#039;une excellente saison, d\u00e9fendra toujours les cages de l&#039;ASNL pour ce retour en Ligue 2. Photo Alexandre Marchi\" target=\"_blank\" rel=\"noopener\">&#13;<br \/>\n                            <img decoding=\"async\" src=\"https:\/\/www.europesays.com\/fr\/wp-content\/uploads\/2025\/06\/martin-sourzac-auteur-d-une-excellente-saison-defendra-toujours-les-cages-de-l-asnl-pour-ce-retour-e.jpeg\"   alt=\"Martin Sourzac,\u00a0auteur d'une excellente saison, d\u00e9fendra toujours les cages de l'ASNL pour ce retour en Ligue 2. Photo Alexandre Marchi\" loading=\"lazy\" fetchpriority=\"low\" data-mobile=\"NW_listA_M|1750078781\" data-base=\"NW_listA|1750078781\"\/>&#13;<br \/>\n                        <\/a>&#13;<\/p>\n<p>Martin Sourzac,\u00a0auteur d&rsquo;une excellente saison, d\u00e9fendra toujours les cages de l&rsquo;ASNL pour ce retour en Ligue 2. Photo Alexandre Marchi<\/p>\n<p>                        &#13;<br \/>\n                                           &#13;\n                <\/li>\n<p>&#13;<br \/>\n            &#13;<\/p>\n<li class=\"carousel-wrapper__slides--slide item\" id=\"slide-5\">&#13;<br \/>\n                                    &#13;<br \/>\n                        <a class=\"chocolat-image GA-tracking\" data-ga_type=\"click\" data-ga_category=\"D\u00e9tail\" data-ga_action=\"zoomer\" data-ga_label=\"aggrandir image\" href=\"https:\/\/cdn-s-www.estrepublicain.fr\/images\/5362ad3f-b787-4c18-9a09-e891c7bc65e0\/NW_raw\/le-jeune-portier-yanis-kouini-qui-a-fait-quelques-apparitions-notamment-en-coupe-de-france-est-toujours-sous-contrat-et-vivra-sa-troisieme-saison-au-sein-du-groupe-pro-photo-florian-baumer-1722112828.jpg\" title=\"Le jeune portier Yanis Kouini, qui a fait quelques apparitions notamment en Coupe de France, est toujours sous contrat et vivra sa troisi\u00e8me saison au sein du groupe pro. Photo Florian Baumer\" target=\"_blank\" rel=\"noopener\">&#13;<br \/>\n                            <img decoding=\"async\" src=\"https:\/\/www.europesays.com\/fr\/wp-content\/uploads\/2025\/06\/le-jeune-portier-yanis-kouini-qui-a-fait-quelques-apparitions-notamment-en-coupe-de-france-est-toujo.jpeg\"   alt=\"Le jeune portier Yanis Kouini, qui a fait quelques apparitions notamment en Coupe de France, est toujours sous contrat et vivra sa troisi\u00e8me saison au sein du groupe pro. Photo Florian Baumer\" loading=\"lazy\" fetchpriority=\"low\" data-mobile=\"NW_listA_M|1722112828\" data-base=\"NW_listA|1743413192\"\/>&#13;<br \/>\n                        <\/a>&#13;<\/p>\n<p>Le jeune portier Yanis Kouini, qui a fait quelques apparitions notamment en Coupe de France, est toujours sous contrat et vivra sa troisi\u00e8me saison au sein du groupe pro. Photo Florian Baumer<\/p>\n<p>                        &#13;<br \/>\n                                           &#13;\n                <\/li>\n<p>&#13;<br \/>\n            &#13;<\/p>\n<li class=\"carousel-wrapper__slides--slide item\" id=\"slide-6\">&#13;<br \/>\n                                    &#13;<br \/>\n                        <a class=\"chocolat-image GA-tracking\" data-ga_type=\"click\" data-ga_category=\"D\u00e9tail\" data-ga_action=\"zoomer\" data-ga_label=\"aggrandir image\" href=\"https:\/\/cdn-s-www.estrepublicain.fr\/images\/cf06f4c8-f70b-4153-98c3-ffc5a55a1baa\/NW_raw\/le-capitaine-nicolas-saint-ruf-retrouvera-lui-aussi-la-ligue-2-qu-il-avait-deja-frequentee-avec-le-maillot-nanceien-entre-2017-et-2019-photo-cedric-jacquot-1746457161.jpg\" title=\"Le capitaine Nicolas Saint-Ruf retrouvera lui aussi la Ligue 2, qu&#039;il avait d\u00e9j\u00e0 fr\u00e9quent\u00e9e avec le maillot nanc\u00e9ien entre 2017 et 2019.\u00a0Photo C\u00e9dric Jacquot\" target=\"_blank\" rel=\"noopener\">&#13;<br \/>\n                            <img decoding=\"async\" src=\"https:\/\/www.europesays.com\/fr\/wp-content\/uploads\/2025\/06\/le-capitaine-nicolas-saint-ruf-retrouvera-lui-aussi-la-ligue-2-qu-il-avait-deja-frequentee-avec-le-m.jpeg\"   alt=\"Le capitaine Nicolas Saint-Ruf retrouvera lui aussi la Ligue 2, qu'il avait d\u00e9j\u00e0 fr\u00e9quent\u00e9e avec le maillot nanc\u00e9ien entre 2017 et 2019.\u00a0Photo C\u00e9dric Jacquot\" loading=\"lazy\" fetchpriority=\"low\" data-mobile=\"NW_listA_M|1746457161\" data-base=\"NW_listA|1746457161\"\/>&#13;<br \/>\n                        <\/a>&#13;<\/p>\n<p>Le capitaine Nicolas Saint-Ruf retrouvera lui aussi la Ligue 2, qu&rsquo;il avait d\u00e9j\u00e0 fr\u00e9quent\u00e9e avec le maillot nanc\u00e9ien entre 2017 et 2019.\u00a0Photo C\u00e9dric Jacquot<\/p>\n<p>                        &#13;<br \/>\n                                           &#13;\n                <\/li>\n<p>&#13;<br \/>\n            &#13;<\/p>\n<li class=\"carousel-wrapper__slides--slide item slideWithPub\" id=\"slide-7\">&#13;<br \/>\n                        &#13;<br \/>\n                            <a class=\"chocolat-image\" title=\"Publicit\u00e9\" href=\"data:image\/gif;base64,R0lGODlhAQABAAD\/ACwAAAAAAQABAAACADs=\">&#13;<br \/>\n                                <img decoding=\"async\" src=\"data:image\/gif;base64,R0lGODlhAQABAAD\/ACwAAAAAAQABAAACADs=\" alt=\"Publicit\u00e9\" loading=\"lazy\" fetchpriority=\"low\"\/>&#13;<br \/>\n                            <\/a>&#13;<br \/>\n                        &#13;\n                    <\/li>\n<p>&#13;<\/p>\n<li class=\"carousel-wrapper__slides--slide item\" id=\"slide-8\">&#13;<br \/>\n                                    &#13;<br \/>\n                        <a class=\"chocolat-image GA-tracking\" data-ga_type=\"click\" data-ga_category=\"D\u00e9tail\" data-ga_action=\"zoomer\" data-ga_label=\"aggrandir image\" href=\"https:\/\/cdn-s-www.estrepublicain.fr\/images\/a5c94e5d-4497-4e8f-8e70-1380e15529f5\/NW_raw\/le-lateral-droit-adrien-julloux-aureole-d-un-nouveau-titre-de-champion-de-national-apres-celui-de-2023-avec-concarneau-va-decouvrir-la-ligue-2-lors-de-ce-futur-exercice-photo-alexandre-marchi-1750078781.jpg\" title=\"Le lat\u00e9ral droit\u00a0Adrien Julloux, aur\u00e9ol\u00e9 d&#039;un nouveau titre de champion de National apr\u00e8s celui de 2023 avec Concarneau, va d\u00e9couvrir la Ligue 2 lors de ce futur exercice. Photo Alexandre Marchi\" target=\"_blank\" rel=\"noopener\">&#13;<br \/>\n                            <img decoding=\"async\" src=\"https:\/\/www.europesays.com\/fr\/wp-content\/uploads\/2025\/06\/le-lateral-droit-adrien-julloux-aureole-d-un-nouveau-titre-de-champion-de-national-apres-celui-de-20.jpeg\"   alt=\"Le lat\u00e9ral droit\u00a0Adrien Julloux, aur\u00e9ol\u00e9 d'un nouveau titre de champion de National apr\u00e8s celui de 2023 avec Concarneau, va d\u00e9couvrir la Ligue 2 lors de ce futur exercice. Photo Alexandre Marchi\" loading=\"lazy\" fetchpriority=\"low\" data-mobile=\"NW_listA_M|1750078781\" data-base=\"NW_listA|1750078781\"\/>&#13;<br \/>\n                        <\/a>&#13;<\/p>\n<p>Le lat\u00e9ral droit\u00a0Adrien Julloux, aur\u00e9ol\u00e9 d&rsquo;un nouveau titre de champion de National apr\u00e8s celui de 2023 avec Concarneau, va d\u00e9couvrir la Ligue 2 lors de ce futur exercice. Photo Alexandre Marchi<\/p>\n<p>                        &#13;<br \/>\n                                           &#13;\n                <\/li>\n<p>&#13;<br \/>\n            &#13;<\/p>\n<li class=\"carousel-wrapper__slides--slide item\" id=\"slide-9\">&#13;<br \/>\n                                    &#13;<br \/>\n                        <a class=\"chocolat-image GA-tracking\" data-ga_type=\"click\" data-ga_category=\"D\u00e9tail\" data-ga_action=\"zoomer\" data-ga_label=\"aggrandir image\" href=\"https:\/\/cdn-s-www.estrepublicain.fr\/images\/26ed419d-a311-4055-a7da-dfde8e701b08\/NW_raw\/idem-pour-son-pendant-a-gauche-martin-experience-photo-alexandre-marchi-1750078781.jpg\" title=\"Idem pour son pendant \u00e0 gauche, Martin Exp\u00e9rience. Photo Alexandre Marchi\" target=\"_blank\" rel=\"noopener\">&#13;<br \/>\n                            <img decoding=\"async\" src=\"https:\/\/www.europesays.com\/fr\/wp-content\/uploads\/2025\/06\/idem-pour-son-pendant-a-gauche-martin-experience-photo-alexandre-marchi-1750078781.jpg\"   alt=\"Idem pour son pendant \u00e0 gauche, Martin Exp\u00e9rience. Photo Alexandre Marchi\" loading=\"lazy\" fetchpriority=\"low\" data-mobile=\"NW_listA_M|1750078781\" data-base=\"NW_listA|1750078781\"\/>&#13;<br \/>\n                        <\/a>&#13;<\/p>\n<p>Idem pour son pendant \u00e0 gauche, Martin Exp\u00e9rience. Photo Alexandre Marchi<\/p>\n<p>                        &#13;<br \/>\n                                           &#13;\n                <\/li>\n<p>&#13;<br \/>\n            &#13;<\/p>\n<li class=\"carousel-wrapper__slides--slide item\" id=\"slide-10\">&#13;<br \/>\n                                    &#13;<br \/>\n                        <a class=\"chocolat-image GA-tracking\" data-ga_type=\"click\" data-ga_category=\"D\u00e9tail\" data-ga_action=\"zoomer\" data-ga_label=\"aggrandir image\" href=\"https:\/\/cdn-s-www.estrepublicain.fr\/images\/21fc9288-6fda-475b-9dc1-f0664277cd28\/NW_raw\/rouage-essentiel-du-milieu-lors-de-la-saison-ecoulee-maxence-carlier-a-vu-son-contrat-prolonge-jusqu-en-2027-photo-cedric-jacquot-1745052683.jpg\" title=\"Rouage essentiel du milieu lors de la saison \u00e9coul\u00e9e, Maxence Carlier a vu son contrat prolong\u00e9 jusqu&#039;en 2027.\u00a0Photo C\u00e9dric Jacquot\" target=\"_blank\" rel=\"noopener\">&#13;<br \/>\n                            <img decoding=\"async\" src=\"https:\/\/www.europesays.com\/fr\/wp-content\/uploads\/2025\/06\/rouage-essentiel-du-milieu-lors-de-la-saison-ecoulee-maxence-carlier-a-vu-son-contrat-prolonge-jusqu.jpeg\"   alt=\"Rouage essentiel du milieu lors de la saison \u00e9coul\u00e9e, Maxence Carlier a vu son contrat prolong\u00e9 jusqu'en 2027.\u00a0Photo C\u00e9dric Jacquot\" loading=\"lazy\" fetchpriority=\"low\" data-mobile=\"NW_listA_M|1745052683\" data-base=\"NW_listA|1745052683\"\/>&#13;<br \/>\n                        <\/a>&#13;<\/p>\n<p>Rouage essentiel du milieu lors de la saison \u00e9coul\u00e9e, Maxence Carlier a vu son contrat prolong\u00e9 jusqu&rsquo;en 2027.\u00a0Photo C\u00e9dric Jacquot<\/p>\n<p>                        &#13;<br \/>\n                                           &#13;\n                <\/li>\n<p>&#13;<br \/>\n            &#13;<\/p>\n<li class=\"carousel-wrapper__slides--slide item\" id=\"slide-11\">&#13;<br \/>\n                                    &#13;<br \/>\n                        <a class=\"chocolat-image GA-tracking\" data-ga_type=\"click\" data-ga_category=\"D\u00e9tail\" data-ga_action=\"zoomer\" data-ga_label=\"aggrandir image\" href=\"https:\/\/cdn-s-www.estrepublicain.fr\/images\/edb74714-5891-4529-bfd7-799c92e93834\/NW_raw\/son-compere-du-milieu-teddy-bouriaud-lui-aussi-determinant-dans-la-conquete-du-titre-de-national-a-egalement-etendu-son-bail-jusqu-en-2027-photo-cedric-jacquot-1746116571.jpg\" title=\"Son comp\u00e8re du milieu Teddy Bouriaud, lui aussi d\u00e9terminant dans la conqu\u00eate du titre de National, a \u00e9galement \u00e9tendu son bail jusqu&#039;en 2027.\u00a0Photo C\u00e9dric Jacquot\" target=\"_blank\" rel=\"noopener\">&#13;<br \/>\n                            <img decoding=\"async\" src=\"https:\/\/www.europesays.com\/fr\/wp-content\/uploads\/2025\/06\/son-compere-du-milieu-teddy-bouriaud-lui-aussi-determinant-dans-la-conquete-du-titre-de-national-a-e.jpeg\"   alt=\"Son comp\u00e8re du milieu Teddy Bouriaud, lui aussi d\u00e9terminant dans la conqu\u00eate du titre de National, a \u00e9galement \u00e9tendu son bail jusqu'en 2027.\u00a0Photo C\u00e9dric Jacquot\" loading=\"lazy\" fetchpriority=\"low\" data-mobile=\"NW_listA_M|1746116571\" data-base=\"NW_listA|1746116571\"\/>&#13;<br \/>\n                        <\/a>&#13;<\/p>\n<p>Son comp\u00e8re du milieu Teddy Bouriaud, lui aussi d\u00e9terminant dans la conqu\u00eate du titre de National, a \u00e9galement \u00e9tendu son bail jusqu&rsquo;en 2027.\u00a0Photo C\u00e9dric Jacquot<\/p>\n<p>                        &#13;<br \/>\n                                           &#13;\n                <\/li>\n<p>&#13;<br \/>\n            &#13;<\/p>\n<li class=\"carousel-wrapper__slides--slide item slideWithPub\" id=\"slide-12\">&#13;<br \/>\n                        &#13;<br \/>\n                            <a class=\"chocolat-image\" title=\"Publicit\u00e9\" href=\"data:image\/gif;base64,R0lGODlhAQABAAD\/ACwAAAAAAQABAAACADs=\">&#13;<br \/>\n                                <img decoding=\"async\" src=\"data:image\/gif;base64,R0lGODlhAQABAAD\/ACwAAAAAAQABAAACADs=\" alt=\"Publicit\u00e9\" loading=\"lazy\" fetchpriority=\"low\"\/>&#13;<br \/>\n                            <\/a>&#13;<br \/>\n                        &#13;\n                    <\/li>\n<p>&#13;<\/p>\n<li class=\"carousel-wrapper__slides--slide item\" id=\"slide-13\">&#13;<br \/>\n                                    &#13;<br \/>\n                        <a class=\"chocolat-image GA-tracking\" data-ga_type=\"click\" data-ga_category=\"D\u00e9tail\" data-ga_action=\"zoomer\" data-ga_label=\"aggrandir image\" href=\"https:\/\/cdn-s-www.estrepublicain.fr\/images\/5d899d6b-983a-40fe-961a-bce71bc0373d\/NW_raw\/auteur-d-une-tres-belle-progression-avec-un-nouveau-role-au-coeur-du-jeu-walid-bouabdeli-le-troisieme-larron-du-milieu-a-lui-aussi-ratifie-une-extension-de-contrat-jusqu-a-2027-photo-alexandre-marchi-1750078781.jpg\" title=\"Auteur d&#039;une tr\u00e8s belle progression, avec un nouveau r\u00f4le au c\u0153ur du jeu, Walid Bouabdeli, le troisi\u00e8me larron du milieu a lui aussi ratifi\u00e9 une extension de contrat jusqu&#039;\u00e0 2027. Photo Alexandre Marchi\" target=\"_blank\" rel=\"noopener\">&#13;<br \/>\n                            <img decoding=\"async\" src=\"https:\/\/www.europesays.com\/fr\/wp-content\/uploads\/2025\/06\/auteur-d-une-tres-belle-progression-avec-un-nouveau-role-au-coeur-du-jeu-walid-bouabdeli-le-troisiem.jpeg\"   alt=\"Auteur d'une tr\u00e8s belle progression, avec un nouveau r\u00f4le au c\u0153ur du jeu, Walid Bouabdeli, le troisi\u00e8me larron du milieu a lui aussi ratifi\u00e9 une extension de contrat jusqu'\u00e0 2027. Photo Alexandre Marchi\" loading=\"lazy\" fetchpriority=\"low\" data-mobile=\"NW_listA_M|1750078781\" data-base=\"NW_listA|1750078781\"\/>&#13;<br \/>\n                        <\/a>&#13;<\/p>\n<p>Auteur d&rsquo;une tr\u00e8s belle progression, avec un nouveau r\u00f4le au c\u0153ur du jeu, Walid Bouabdeli, le troisi\u00e8me larron du milieu a lui aussi ratifi\u00e9 une extension de contrat jusqu&rsquo;\u00e0 2027. Photo Alexandre Marchi<\/p>\n<p>                        &#13;<br \/>\n                                           &#13;\n                <\/li>\n<p>&#13;<br \/>\n            &#13;<\/p>\n<li class=\"carousel-wrapper__slides--slide item\" id=\"slide-14\">&#13;<br \/>\n                                    &#13;<br \/>\n                        <a class=\"chocolat-image GA-tracking\" data-ga_type=\"click\" data-ga_category=\"D\u00e9tail\" data-ga_action=\"zoomer\" data-ga_label=\"aggrandir image\" href=\"https:\/\/cdn-s-www.estrepublicain.fr\/images\/d43b9a1c-aea7-4a3f-ba09-54c6710563e2\/NW_raw\/cazim-suljic-qui-a-retrouve-le-groupe-nanceien-en-fin-de-saison-apres-sa-blessure-aux-ligaments-croises-sera-un-des-elements-de-l-entrejeu-nanceien-photo-asnl-1742757564.jpg\" title=\"Cazim Suljic, qui a retrouv\u00e9 le groupe nanc\u00e9ien en fin de saison apr\u00e8s sa blessure aux ligaments crois\u00e9s, sera un des \u00e9l\u00e9ments de l&#039;entrejeu nanc\u00e9ien. Photo ASNL\" target=\"_blank\" rel=\"noopener\">&#13;<br \/>\n                            <img decoding=\"async\" src=\"https:\/\/www.europesays.com\/fr\/wp-content\/uploads\/2025\/06\/cazim-suljic-qui-a-retrouve-le-groupe-nanceien-en-fin-de-saison-apres-sa-blessure-aux-ligaments-croi.jpeg\"   alt=\"Cazim Suljic, qui a retrouv\u00e9 le groupe nanc\u00e9ien en fin de saison apr\u00e8s sa blessure aux ligaments crois\u00e9s, sera un des \u00e9l\u00e9ments de l'entrejeu nanc\u00e9ien. Photo ASNL\" loading=\"lazy\" fetchpriority=\"low\" data-mobile=\"NW_listA_M|1742757564\" data-base=\"NW_listA|1743413192\"\/>&#13;<br \/>\n                        <\/a>&#13;<\/p>\n<p>Cazim Suljic, qui a retrouv\u00e9 le groupe nanc\u00e9ien en fin de saison apr\u00e8s sa blessure aux ligaments crois\u00e9s, sera un des \u00e9l\u00e9ments de l&rsquo;entrejeu nanc\u00e9ien. Photo ASNL<\/p>\n<p>                        &#13;<br \/>\n                                           &#13;\n                <\/li>\n<p>&#13;<br \/>\n            &#13;<\/p>\n<li class=\"carousel-wrapper__slides--slide item\" id=\"slide-15\">&#13;<br \/>\n                                    &#13;<br \/>\n                        <a class=\"chocolat-image GA-tracking\" data-ga_type=\"click\" data-ga_category=\"D\u00e9tail\" data-ga_action=\"zoomer\" data-ga_label=\"aggrandir image\" href=\"https:\/\/cdn-s-www.estrepublicain.fr\/images\/361e9caa-3f64-4449-80d9-62a6c684f16d\/NW_raw\/le-milieu-franco-mauritanien-bakari-camara-s-apprete-egalement-a-decouvrir-la-ligue-2-photo-cedric-jacquot-1745090541.jpg\" title=\"Le milieu franco-mauritanien Bakari Camara s&#039;appr\u00eate \u00e9galement \u00e0 d\u00e9couvrir la Ligue 2. Photo C\u00e9dric Jacquot\" target=\"_blank\" rel=\"noopener\">&#13;<br \/>\n                            <img decoding=\"async\" src=\"https:\/\/www.europesays.com\/fr\/wp-content\/uploads\/2025\/06\/le-milieu-franco-mauritanien-bakari-camara-s-apprete-egalement-a-decouvrir-la-ligue-2-photo-cedric-j.jpeg\"   alt=\"Le milieu franco-mauritanien Bakari Camara s'appr\u00eate \u00e9galement \u00e0 d\u00e9couvrir la Ligue 2. Photo C\u00e9dric Jacquot\" loading=\"lazy\" fetchpriority=\"low\" data-mobile=\"NW_listA_M|1745090541\" data-base=\"NW_listA|1745090541\"\/>&#13;<br \/>\n                        <\/a>&#13;<\/p>\n<p>Le milieu franco-mauritanien Bakari Camara s&rsquo;appr\u00eate \u00e9galement \u00e0 d\u00e9couvrir la Ligue 2. Photo C\u00e9dric Jacquot<\/p>\n<p>                        &#13;<br \/>\n                                           &#13;\n                <\/li>\n<p>&#13;<br \/>\n            &#13;<\/p>\n<li class=\"carousel-wrapper__slides--slide item\" id=\"slide-16\">&#13;<br \/>\n                                    &#13;<br \/>\n                        <a class=\"chocolat-image GA-tracking\" data-ga_type=\"click\" data-ga_category=\"D\u00e9tail\" data-ga_action=\"zoomer\" data-ga_label=\"aggrandir image\" href=\"https:\/\/cdn-s-www.estrepublicain.fr\/images\/53a16aa9-8c10-42cd-ab2c-4e715065c104\/NW_raw\/son-compere-arrive-de-villefranche-l-ete-dernier-oumar-sidibe-sera-toujours-present-au-sein-de-l-attaque-nanceienne-photo-alexandre-marchi-1743204234.jpg\" title=\"Son comp\u00e8re arriv\u00e9 de Villefranche l&#039;\u00e9t\u00e9 dernier, Oumar Sidib\u00e9, sera toujours pr\u00e9sent au sein de l&#039;attaque nanc\u00e9ienne. Photo Alexandre Marchi\" target=\"_blank\" rel=\"noopener\">&#13;<br \/>\n                            <img decoding=\"async\" src=\"https:\/\/www.europesays.com\/fr\/wp-content\/uploads\/2025\/06\/son-compere-arrive-de-villefranche-l-ete-dernier-oumar-sidibe-sera-toujours-present-au-sein-de-l-att.jpeg\"   alt=\"Son comp\u00e8re arriv\u00e9 de Villefranche l'\u00e9t\u00e9 dernier, Oumar Sidib\u00e9, sera toujours pr\u00e9sent au sein de l'attaque nanc\u00e9ienne. Photo Alexandre Marchi\" loading=\"lazy\" fetchpriority=\"low\" data-mobile=\"NW_listA_M|1743204234\" data-base=\"NW_listA|1743413192\"\/>&#13;<br \/>\n                        <\/a>&#13;<\/p>\n<p>Son comp\u00e8re arriv\u00e9 de Villefranche l&rsquo;\u00e9t\u00e9 dernier, Oumar Sidib\u00e9, sera toujours pr\u00e9sent au sein de l&rsquo;attaque nanc\u00e9ienne. Photo Alexandre Marchi<\/p>\n<p>                        &#13;<br \/>\n                                           &#13;\n                <\/li>\n<p>&#13;<br \/>\n            &#13;<\/p>\n<li class=\"carousel-wrapper__slides--slide item slideWithPub\" id=\"slide-17\">&#13;<br \/>\n                        &#13;<br \/>\n                            <a class=\"chocolat-image\" title=\"Publicit\u00e9\" href=\"data:image\/gif;base64,R0lGODlhAQABAAD\/ACwAAAAAAQABAAACADs=\">&#13;<br \/>\n                                <img decoding=\"async\" src=\"data:image\/gif;base64,R0lGODlhAQABAAD\/ACwAAAAAAQABAAACADs=\" alt=\"Publicit\u00e9\" loading=\"lazy\" fetchpriority=\"low\"\/>&#13;<br \/>\n                            <\/a>&#13;<br \/>\n                        &#13;\n                    <\/li>\n<p>&#13;<\/p>\n<li class=\"carousel-wrapper__slides--slide item\" id=\"slide-18\">&#13;<br \/>\n                                    &#13;<br \/>\n                        <a class=\"chocolat-image GA-tracking\" data-ga_type=\"click\" data-ga_category=\"D\u00e9tail\" data-ga_action=\"zoomer\" data-ga_label=\"aggrandir image\" href=\"https:\/\/cdn-s-www.estrepublicain.fr\/images\/9a5666d7-1825-4592-9261-48ad4efabdc5\/NW_raw\/l-un-des-grands-artisans-de-l-accession-adrian-dabasse-(10-buts-3-passes-decisives-au-compteur)-va-bien-retrouver-la-ligue-2-avec-nancy-il-avait-frequentee-l-antichambre-de-l-elite-avec-niort-entre-2015-et-2019-photo-alexandre-marchi-1743204234.jpg\" title=\"L&#039;un des grands artisans de l&#039;accession, Adrian Dabasse (10 buts, 3 passes d\u00e9cisives au compteur), va bien retrouver la Ligue 2 avec Nancy. Il avait fr\u00e9quent\u00e9e l&#039;antichambre de l&#039;\u00e9lite avec Niort entre 2015 et 2019. Photo Alexandre Marchi\" target=\"_blank\" rel=\"noopener\">&#13;<br \/>\n                            <img decoding=\"async\" src=\"https:\/\/www.europesays.com\/fr\/wp-content\/uploads\/2025\/06\/l-un-des-grands-artisans-de-l-accession-adrian-dabasse-(10-buts-3-passes-decisives-au-compteur)-va-b.jpeg\"   alt=\"L'un des grands artisans de l'accession, Adrian Dabasse (10 buts, 3 passes d\u00e9cisives au compteur), va bien retrouver la Ligue 2 avec Nancy. Il avait fr\u00e9quent\u00e9e l'antichambre de l'\u00e9lite avec Niort entre 2015 et 2019. Photo Alexandre Marchi\" loading=\"lazy\" fetchpriority=\"low\" data-mobile=\"NW_listA_M|1743204234\" data-base=\"NW_listA|1743413192\"\/>&#13;<br \/>\n                        <\/a>&#13;<\/p>\n<p>L&rsquo;un des grands artisans de l&rsquo;accession, Adrian Dabasse (10 buts, 3 passes d\u00e9cisives au compteur), va bien retrouver la Ligue 2 avec Nancy. Il avait fr\u00e9quent\u00e9e l&rsquo;antichambre de l&rsquo;\u00e9lite avec Niort entre 2015 et 2019. Photo Alexandre Marchi<\/p>\n<p>                        &#13;<br \/>\n                                           &#13;\n                <\/li>\n<p>&#13;<br \/>\n            &#13;<\/p>\n<li class=\"carousel-wrapper__slides--slide item\" id=\"slide-19\">&#13;<br \/>\n                                    &#13;<br \/>\n                        <a class=\"chocolat-image GA-tracking\" data-ga_type=\"click\" data-ga_category=\"D\u00e9tail\" data-ga_action=\"zoomer\" data-ga_label=\"aggrandir image\" href=\"https:\/\/cdn-s-www.estrepublicain.fr\/images\/8c84cd4e-529e-4b01-a44b-797437280a00\/NW_raw\/arrive-au-mercato-hivernal-zakaria-fdaouch-va-attaquer-sa-premiere-saison-entiere-sous-les-couleurs-nanceiennes-le-milieu-offensif-est-engage-jusqu-en-2027-photo-alexandre-marchi-1744725915.jpg\" title=\"Arriv\u00e9 au mercato hivernal,\u00a0Zakaria Fdaouch va attaquer sa premi\u00e8re saison enti\u00e8re sous les couleurs nanc\u00e9iennes. Le milieu offensif est engag\u00e9 jusqu&#039;en 2027. Photo Alexandre Marchi\" target=\"_blank\" rel=\"noopener\">&#13;<br \/>\n                            <img decoding=\"async\" src=\"https:\/\/www.europesays.com\/fr\/wp-content\/uploads\/2025\/06\/arrive-au-mercato-hivernal-zakaria-fdaouch-va-attaquer-sa-premiere-saison-entiere-sous-les-couleurs-.jpeg\"   alt=\"Arriv\u00e9 au mercato hivernal,\u00a0Zakaria Fdaouch va attaquer sa premi\u00e8re saison enti\u00e8re sous les couleurs nanc\u00e9iennes. Le milieu offensif est engag\u00e9 jusqu'en 2027. Photo Alexandre Marchi\" loading=\"lazy\" fetchpriority=\"low\" data-mobile=\"NW_listA_M|1744725915\" data-base=\"NW_listA|1744725915\"\/>&#13;<br \/>\n                        <\/a>&#13;<\/p>\n<p>Arriv\u00e9 au mercato hivernal,\u00a0Zakaria Fdaouch va attaquer sa premi\u00e8re saison enti\u00e8re sous les couleurs nanc\u00e9iennes. Le milieu offensif est engag\u00e9 jusqu&rsquo;en 2027. Photo Alexandre Marchi<\/p>\n<p>                        &#13;<br \/>\n                                           &#13;\n                <\/li>\n<p>&#13;<br \/>\n            &#13;<\/p>\n<li class=\"carousel-wrapper__slides--slide item\" id=\"slide-20\">&#13;<br \/>\n                                    &#13;<br \/>\n                        <a class=\"chocolat-image GA-tracking\" data-ga_type=\"click\" data-ga_category=\"D\u00e9tail\" data-ga_action=\"zoomer\" data-ga_label=\"aggrandir image\" href=\"https:\/\/cdn-s-www.estrepublicain.fr\/images\/315b4232-3968-475b-b832-a10ddc12c144\/NW_raw\/sidi-cisse-jeune-ailier-de-22-ans-qui-a-du-se-contenter-de-bout-de-matchs-fera-toujours-partie-du-contingent-offensif-pour-cet-exercice-2025-2026-photo-cedric-jacquot-1750078781.jpg\" title=\"Sidi Ciss\u00e9, jeune ailier de 22 ans qui a d\u00fb se contenter de bout de matchs, fera toujours partie du contingent offensif pour cet exercice 2025-2026.\u00a0Photo C\u00e9dric Jacquot\" target=\"_blank\" rel=\"noopener\">&#13;<br \/>\n                            <img decoding=\"async\" src=\"https:\/\/www.europesays.com\/fr\/wp-content\/uploads\/2025\/06\/sidi-cisse-jeune-ailier-de-22-ans-qui-a-du-se-contenter-de-bout-de-matchs-fera-toujours-partie-du-co.jpeg\"   alt=\"Sidi Ciss\u00e9, jeune ailier de 22 ans qui a d\u00fb se contenter de bout de matchs, fera toujours partie du contingent offensif pour cet exercice 2025-2026.\u00a0Photo C\u00e9dric Jacquot\" loading=\"lazy\" fetchpriority=\"low\" data-mobile=\"NW_listA_M|1750078781\" data-base=\"NW_listA|1750078781\"\/>&#13;<br \/>\n                        <\/a>&#13;<\/p>\n<p>Sidi Ciss\u00e9, jeune ailier de 22 ans qui a d\u00fb se contenter de bout de matchs, fera toujours partie du contingent offensif pour cet exercice 2025-2026.\u00a0Photo C\u00e9dric Jacquot<\/p>\n<p>                        &#13;<br \/>\n                                           &#13;\n                <\/li>\n<p>&#13;<br \/>\n            &#13;<\/p>\n<li class=\"carousel-wrapper__slides--slide item\" id=\"slide-21\">&#13;<br \/>\n                                    &#13;<br \/>\n                        <a class=\"chocolat-image GA-tracking\" data-ga_type=\"click\" data-ga_category=\"D\u00e9tail\" data-ga_action=\"zoomer\" data-ga_label=\"aggrandir image\" href=\"https:\/\/cdn-s-www.estrepublicain.fr\/images\/fb53614b-478f-43a6-9bfc-9a82bb3bcd18\/NW_raw\/le-facetieux-jimmy-evans-sera-lui-aussi-toujours-de-la-partie-le-nigerian-auteur-de-plusieurs-buts-tres-importants-va-tenter-de-s-adapter-aussi-bien-a-la-l2-qu-au-championnat-de-national-lui-qui-decouvrait-l-europe-l-an-dernier-photo-alexandre-marchi-1750078781.jpg\" title=\"Le fac\u00e9tieux Jimmy Evans sera lui aussi toujours de la partie. Le Nig\u00e9rian, auteur de plusieurs buts tr\u00e8s importants, va tenter de s&#039;adapter aussi bien \u00e0 la L2 qu&#039;au championnat de National, lui qui d\u00e9couvrait l&#039;Europe l&#039;an dernier. Photo Alexandre Marchi\" target=\"_blank\" rel=\"noopener\">&#13;<br \/>\n                            <img decoding=\"async\" src=\"https:\/\/www.europesays.com\/fr\/wp-content\/uploads\/2025\/06\/le-facetieux-jimmy-evans-sera-lui-aussi-toujours-de-la-partie-le-nigerian-auteur-de-plusieurs-buts-t.jpeg\"   alt=\"Le fac\u00e9tieux Jimmy Evans sera lui aussi toujours de la partie. Le Nig\u00e9rian, auteur de plusieurs buts tr\u00e8s importants, va tenter de s'adapter aussi bien \u00e0 la L2 qu'au championnat de National, lui qui d\u00e9couvrait l'Europe l'an dernier. Photo Alexandre Marchi\" loading=\"lazy\" fetchpriority=\"low\" data-mobile=\"NW_listA_M|1750078781\" data-base=\"NW_listA|1750078781\"\/>&#13;<br \/>\n                        <\/a>&#13;<\/p>\n<p>Le fac\u00e9tieux Jimmy Evans sera lui aussi toujours de la partie. Le Nig\u00e9rian, auteur de plusieurs buts tr\u00e8s importants, va tenter de s&rsquo;adapter aussi bien \u00e0 la L2 qu&rsquo;au championnat de National, lui qui d\u00e9couvrait l&rsquo;Europe l&rsquo;an dernier. Photo Alexandre Marchi<\/p>\n<p>                        &#13;<br \/>\n                                           &#13;\n                <\/li>\n<p>&#13;<br \/>\n            &#13;<\/p>\n<li class=\"carousel-wrapper__slides--slide item slideWithPub\" id=\"slide-22\">&#13;<br \/>\n                        &#13;<br \/>\n                            <a class=\"chocolat-image\" title=\"Publicit\u00e9\" href=\"data:image\/gif;base64,R0lGODlhAQABAAD\/ACwAAAAAAQABAAACADs=\">&#13;<br \/>\n                                <img decoding=\"async\" src=\"data:image\/gif;base64,R0lGODlhAQABAAD\/ACwAAAAAAQABAAACADs=\" alt=\"Publicit\u00e9\" loading=\"lazy\" fetchpriority=\"low\"\/>&#13;<br \/>\n                            <\/a>&#13;<br \/>\n                        &#13;\n                    <\/li>\n<p>&#13;<\/p>\n<li class=\"carousel-wrapper__slides--slide item\" id=\"slide-23\">&#13;<br \/>\n                                    &#13;<br \/>\n                        <a class=\"chocolat-image GA-tracking\" data-ga_type=\"click\" data-ga_category=\"D\u00e9tail\" data-ga_action=\"zoomer\" data-ga_label=\"aggrandir image\" href=\"https:\/\/cdn-s-www.estrepublicain.fr\/images\/e26c960f-459f-496f-a5be-fbb3176e7820\/NW_raw\/brandon-bokangu-qui-a-fini-fort-cette-saison-reussie-ayant-ete-nomme-joueur-des-mois-d-avril-mai-(5-buts-dans-cette-periode)-vivra-sa-deuxieme-saison-avec-le-maillot-au-chardon-photo-cedric-jacquot-1745513065.jpg\" title=\"Brandon Bokangu, qui a fini fort cette saison r\u00e9ussie,\u00a0ayant \u00e9t\u00e9 nomm\u00e9 joueur des mois d&#039;avril\/mai (5 buts dans cette p\u00e9riode), vivra sa deuxi\u00e8me saison avec le maillot au chardon.\u00a0Photo C\u00e9dric Jacquot\" target=\"_blank\" rel=\"noopener\">&#13;<br \/>\n                            <img decoding=\"async\" src=\"https:\/\/www.europesays.com\/fr\/wp-content\/uploads\/2025\/06\/brandon-bokangu-qui-a-fini-fort-cette-saison-reussie-ayant-ete-nomme-joueur-des-mois-d-avril-mai-(5-.jpeg\"   alt=\"Brandon Bokangu, qui a fini fort cette saison r\u00e9ussie,\u00a0ayant \u00e9t\u00e9 nomm\u00e9 joueur des mois d'avril\/mai (5 buts dans cette p\u00e9riode), vivra sa deuxi\u00e8me saison avec le maillot au chardon.\u00a0Photo C\u00e9dric Jacquot\" loading=\"lazy\" fetchpriority=\"low\" data-mobile=\"NW_listA_M|1745513065\" data-base=\"NW_listA|1745513065\"\/>&#13;<br \/>\n                        <\/a>&#13;<\/p>\n<p>Brandon Bokangu, qui a fini fort cette saison r\u00e9ussie,\u00a0ayant \u00e9t\u00e9 nomm\u00e9 joueur des mois d&rsquo;avril\/mai (5 buts dans cette p\u00e9riode), vivra sa deuxi\u00e8me saison avec le maillot au chardon.\u00a0Photo C\u00e9dric Jacquot<\/p>\n<p>                        &#13;<br \/>\n                                           &#13;\n                <\/li>\n<p>&#13;<br \/>\n            &#13;\n                <\/ul>\n<p>&#13;<br \/>\n  Ils vont peut-\u00eatre partir<\/p>\n<ul class=\"galerieContent carousel-wrapper__slides\" id=\"a6d79d8e-c9f9-4e2c-9448-a76259605cc1\">        &#13;<\/p>\n<li class=\"carousel-wrapper__slides--slide item\" id=\"slide-1\">&#13;<br \/>\n                                    &#13;<br \/>\n                        <a class=\"chocolat-image GA-tracking\" data-ga_type=\"click\" data-ga_category=\"D\u00e9tail\" data-ga_action=\"zoomer\" data-ga_label=\"aggrandir image\" href=\"https:\/\/cdn-s-www.estrepublicain.fr\/images\/a7b8591f-cbbe-496d-a85d-fb87ea34a58f\/NW_raw\/peu-utilise-cette-saison-le-lateral-gauche-gwilhem-tayot-pourrait-quitter-son-club-formateur-malgre-un-contrat-qui-court-jusqu-en-2026-photo-fred-marvaux-1750078781.jpg\" title=\"Peu utilis\u00e9 cette saison, le lat\u00e9ral gauche Gwilhem Tayot pourrait quitter son club formateur, malgr\u00e9 un contrat qui court jusqu&#039;en 2026.\u00a0Photo Fred Marvaux\" target=\"_blank\" rel=\"noopener\">&#13;<br \/>\n                            <img decoding=\"async\" src=\"https:\/\/www.europesays.com\/fr\/wp-content\/uploads\/2025\/06\/peu-utilise-cette-saison-le-lateral-gauche-gwilhem-tayot-pourrait-quitter-son-club-formateur-malgre-.jpeg\"   alt=\"Peu utilis\u00e9 cette saison, le lat\u00e9ral gauche Gwilhem Tayot pourrait quitter son club formateur, malgr\u00e9 un contrat qui court jusqu'en 2026.\u00a0Photo Fred Marvaux\" fetchpriority=\"high\" data-mobile=\"NW_listA_M|1750078781\" data-base=\"NW_listA|1750078781\"\/>&#13;<br \/>\n                        <\/a>&#13;<\/p>\n<p>Peu utilis\u00e9 cette saison, le lat\u00e9ral gauche Gwilhem Tayot pourrait quitter son club formateur, malgr\u00e9 un contrat qui court jusqu&rsquo;en 2026.\u00a0Photo Fred Marvaux<\/p>\n<p>                        &#13;<br \/>\n                                           &#13;\n                <\/li>\n<p>&#13;<br \/>\n            &#13;<\/p>\n<li class=\"carousel-wrapper__slides--slide item slideWithPub\" id=\"slide-2\">&#13;<br \/>\n                        &#13;<br \/>\n                            <a class=\"chocolat-image\" title=\"Publicit\u00e9\" href=\"data:image\/gif;base64,R0lGODlhAQABAAD\/ACwAAAAAAQABAAACADs=\">&#13;<br \/>\n                                <img decoding=\"async\" src=\"data:image\/gif;base64,R0lGODlhAQABAAD\/ACwAAAAAAQABAAACADs=\" alt=\"Publicit\u00e9\" loading=\"lazy\" fetchpriority=\"low\"\/>&#13;<br \/>\n                            <\/a>&#13;<br \/>\n                        &#13;\n                    <\/li>\n<p>&#13;<\/p>\n<li class=\"carousel-wrapper__slides--slide item\" id=\"slide-3\">&#13;<br \/>\n                                    &#13;<br \/>\n                        <a class=\"chocolat-image GA-tracking\" data-ga_type=\"click\" data-ga_category=\"D\u00e9tail\" data-ga_action=\"zoomer\" data-ga_label=\"aggrandir image\" href=\"https:\/\/cdn-s-www.estrepublicain.fr\/images\/5404379b-634a-45b2-9f5a-ef784f830d1f\/NW_raw\/lui-aussi-a-encore-une-annee-de-contrat-a-honorer-avec-l-asnl-mais-cheikh-toure-qui-a-perdu-sa-place-de-titulaire-a-la-pointe-de-l-attaque-en-fin-de-championnat-pourrait-aller-voir-ailleurs-en-cas-d-offre-interessante-photo-alexandre-marchi-1750078781.jpg\" title=\"Lui aussi a encore une ann\u00e9e de contrat \u00e0 honorer avec l&#039;ASNL. Mais Cheikh Tour\u00e9, qui a perdu sa place de titulaire \u00e0 la pointe de l&#039;attaque en fin de championnat, pourrait aller voir ailleurs en cas d&#039;offre int\u00e9ressante. Photo Alexandre Marchi\" target=\"_blank\" rel=\"noopener\">&#13;<br \/>\n                            <img decoding=\"async\" src=\"https:\/\/www.europesays.com\/fr\/wp-content\/uploads\/2025\/06\/lui-aussi-a-encore-une-annee-de-contrat-a-honorer-avec-l-asnl-mais-cheikh-toure-qui-a-perdu-sa-place.jpeg\"   alt=\"Lui aussi a encore une ann\u00e9e de contrat \u00e0 honorer avec l'ASNL. Mais Cheikh Tour\u00e9, qui a perdu sa place de titulaire \u00e0 la pointe de l'attaque en fin de championnat, pourrait aller voir ailleurs en cas d'offre int\u00e9ressante. Photo Alexandre Marchi\" loading=\"lazy\" fetchpriority=\"low\" data-mobile=\"NW_listA_M|1750078781\" data-base=\"NW_listA|1750078781\"\/>&#13;<br \/>\n                        <\/a>&#13;<\/p>\n<p>Lui aussi a encore une ann\u00e9e de contrat \u00e0 honorer avec l&rsquo;ASNL. Mais Cheikh Tour\u00e9, qui a perdu sa place de titulaire \u00e0 la pointe de l&rsquo;attaque en fin de championnat, pourrait aller voir ailleurs en cas d&rsquo;offre int\u00e9ressante. Photo Alexandre Marchi<\/p>\n<p>                        &#13;<br \/>\n                                           &#13;\n                <\/li>\n<p>&#13;<br \/>\n            &#13;<\/p>\n<li class=\"carousel-wrapper__slides--slide item\" id=\"slide-4\">&#13;<br \/>\n                                    &#13;<br \/>\n                        <a class=\"chocolat-image GA-tracking\" data-ga_type=\"click\" data-ga_category=\"D\u00e9tail\" data-ga_action=\"zoomer\" data-ga_label=\"aggrandir image\" href=\"https:\/\/cdn-s-www.estrepublicain.fr\/images\/fcd1a865-02d7-409d-bebf-34dbd3d8e143\/NW_raw\/benjamin-gomel-qui-a-peu-a-peu-perdu-en-influence-au-fil-de-la-saison-au-point-de-se-retrouver-souvent-sur-le-banc-est-arrive-en-fin-de-bail-en-lorraine-photo-alexandre-marchi-1746180819.jpg\" title=\"\u00a0Benjamin Gomel, qui a peu \u00e0 peu perdu en influence au fil de la saison, au point de se retrouver souvent sur le banc, est arriv\u00e9 en fin de bail en Lorraine. Photo Alexandre Marchi\" target=\"_blank\" rel=\"noopener\">&#13;<br \/>\n                            <img decoding=\"async\" src=\"https:\/\/www.europesays.com\/fr\/wp-content\/uploads\/2025\/06\/benjamin-gomel-qui-a-peu-a-peu-perdu-en-influence-au-fil-de-la-saison-au-point-de-se-retrouver-souve.jpeg\"   alt=\"\u00a0Benjamin Gomel, qui a peu \u00e0 peu perdu en influence au fil de la saison, au point de se retrouver souvent sur le banc, est arriv\u00e9 en fin de bail en Lorraine. Photo Alexandre Marchi\" loading=\"lazy\" fetchpriority=\"low\" data-mobile=\"NW_listA_M|1746180819\" data-base=\"NW_listA|1746180819\"\/>&#13;<br \/>\n                        <\/a>&#13;<\/p>\n<p>\u00a0Benjamin Gomel, qui a peu \u00e0 peu perdu en influence au fil de la saison, au point de se retrouver souvent sur le banc, est arriv\u00e9 en fin de bail en Lorraine. Photo Alexandre Marchi<\/p>\n<p>                        &#13;<br \/>\n                                           &#13;\n                <\/li>\n<p>&#13;<br \/>\n            &#13;<\/p>\n<li class=\"carousel-wrapper__slides--slide item\" id=\"slide-5\">&#13;<br \/>\n                                    &#13;<br \/>\n                        <a class=\"chocolat-image GA-tracking\" data-ga_type=\"click\" data-ga_category=\"D\u00e9tail\" data-ga_action=\"zoomer\" data-ga_label=\"aggrandir image\" href=\"https:\/\/cdn-s-www.estrepublicain.fr\/images\/540984ba-ba95-4461-b42f-ac357031553d\/NW_raw\/enzo-tacafred-jeune-lateral-droit-qui-a-fait-partie-du-groupe-pro-est-en-fin-de-contrat-sans-proposition-de-signature-sur-la-table-mais-il-n-est-pas-exclu-de-le-voir-continuer-a-part-si-un-meilleur-challenge-se-presente-pour-lui-photo-pauline-mousseaux-1746909509.jpg\" title=\"Enzo Tacafred, jeune lat\u00e9ral droit qui a fait partie du groupe pro, est en fin de contrat, sans proposition de signature sur la table. Mais il n&#039;est pas exclu de le voir continuer, \u00e0 part si un meilleur challenge se pr\u00e9sente pour lui. Photo Pauline Mousseaux\" target=\"_blank\" rel=\"noopener\">&#13;<br \/>\n                            <img decoding=\"async\" src=\"https:\/\/www.europesays.com\/fr\/wp-content\/uploads\/2025\/06\/enzo-tacafred-jeune-lateral-droit-qui-a-fait-partie-du-groupe-pro-est-en-fin-de-contrat-sans-proposi.jpeg\"   alt=\"Enzo Tacafred, jeune lat\u00e9ral droit qui a fait partie du groupe pro, est en fin de contrat, sans proposition de signature sur la table. Mais il n'est pas exclu de le voir continuer, \u00e0 part si un meilleur challenge se pr\u00e9sente pour lui. Photo Pauline Mousseaux\" loading=\"lazy\" fetchpriority=\"low\" data-mobile=\"NW_listA_M|1746909509\" data-base=\"NW_listA|1746909509\"\/>&#13;<br \/>\n                        <\/a>&#13;<\/p>\n<p>Enzo Tacafred, jeune lat\u00e9ral droit qui a fait partie du groupe pro, est en fin de contrat, sans proposition de signature sur la table. Mais il n&rsquo;est pas exclu de le voir continuer, \u00e0 part si un meilleur challenge se pr\u00e9sente pour lui. Photo Pauline Mousseaux<\/p>\n<p>                        &#13;<br \/>\n                                           &#13;\n                <\/li>\n<p>&#13;<br \/>\n            &#13;\n                <\/ul>\n<p>&#13;<br \/>\n  Ils partent<\/p>\n<ul class=\"galerieContent carousel-wrapper__slides\" id=\"0f36e18d-80f5-434b-a392-b8784263b8f5\">        &#13;<\/p>\n<li class=\"carousel-wrapper__slides--slide item\" id=\"slide-1\">&#13;<br \/>\n                                    &#13;<br \/>\n                        <a class=\"chocolat-image GA-tracking\" data-ga_type=\"click\" data-ga_category=\"D\u00e9tail\" data-ga_action=\"zoomer\" data-ga_label=\"aggrandir image\" href=\"https:\/\/cdn-s-www.estrepublicain.fr\/images\/90442749-9fb5-46d8-b1d5-04713b8ed256\/NW_raw\/prete-par-le-havre-aliou-thiare-a-ete-l-un-des-meilleurs-joueurs-de-la-saison-au-point-d-etre-nomme-dans-la-charniere-de-l-equipe-type-de-national-le-roc-senegalais-va-retrouver-le-club-normand-meme-si-sa-belle-saison-lui-vaut-de-nombreuses-sollicitations-photo-alexandre-marchi-1750078781.jpg\" title=\"\u00a0Pr\u00eat\u00e9 par Le Havre, Aliou Thiar\u00e9 a \u00e9t\u00e9 l&#039;un des meilleurs joueurs de la saison, au point d&#039;\u00eatre nomm\u00e9 dans la charni\u00e8re de l&#039;\u00e9quipe-type de National. Le roc s\u00e9n\u00e9galais va retrouver le club normand, m\u00eame si sa belle saison lui vaut de nombreuses sollicitations. Photo Alexandre Marchi\" target=\"_blank\" rel=\"noopener\">&#13;<br \/>\n                            <img decoding=\"async\" src=\"https:\/\/www.europesays.com\/fr\/wp-content\/uploads\/2025\/06\/prete-par-le-havre-aliou-thiare-a-ete-l-un-des-meilleurs-joueurs-de-la-saison-au-point-d-etre-nomme-.jpeg\"   alt=\"\u00a0Pr\u00eat\u00e9 par Le Havre, Aliou Thiar\u00e9 a \u00e9t\u00e9 l'un des meilleurs joueurs de la saison, au point d'\u00eatre nomm\u00e9 dans la charni\u00e8re de l'\u00e9quipe-type de National. Le roc s\u00e9n\u00e9galais va retrouver le club normand, m\u00eame si sa belle saison lui vaut de nombreuses sollicitations. Photo Alexandre Marchi\" fetchpriority=\"high\" data-mobile=\"NW_listA_M|1750078781\" data-base=\"NW_listA|1750078781\"\/>&#13;<br \/>\n                        <\/a>&#13;<\/p>\n<p>\u00a0Pr\u00eat\u00e9 par Le Havre, Aliou Thiar\u00e9 a \u00e9t\u00e9 l&rsquo;un des meilleurs joueurs de la saison, au point d&rsquo;\u00eatre nomm\u00e9 dans la charni\u00e8re de l&rsquo;\u00e9quipe-type de National. Le roc s\u00e9n\u00e9galais va retrouver le club normand, m\u00eame si sa belle saison lui vaut de nombreuses sollicitations. Photo Alexandre Marchi<\/p>\n<p>                        &#13;<br \/>\n                                           &#13;\n                <\/li>\n<p>&#13;<br \/>\n            &#13;<\/p>\n<li class=\"carousel-wrapper__slides--slide item slideWithPub\" id=\"slide-2\">&#13;<br \/>\n                        &#13;<br \/>\n                            <a class=\"chocolat-image\" title=\"Publicit\u00e9\" href=\"data:image\/gif;base64,R0lGODlhAQABAAD\/ACwAAAAAAQABAAACADs=\">&#13;<br \/>\n                                <img decoding=\"async\" src=\"data:image\/gif;base64,R0lGODlhAQABAAD\/ACwAAAAAAQABAAACADs=\" alt=\"Publicit\u00e9\" loading=\"lazy\" fetchpriority=\"low\"\/>&#13;<br \/>\n                            <\/a>&#13;<br \/>\n                        &#13;\n                    <\/li>\n<p>&#13;<\/p>\n<li class=\"carousel-wrapper__slides--slide item\" id=\"slide-3\">&#13;<br \/>\n                                    &#13;<br \/>\n                        <a class=\"chocolat-image GA-tracking\" data-ga_type=\"click\" data-ga_category=\"D\u00e9tail\" data-ga_action=\"zoomer\" data-ga_label=\"aggrandir image\" href=\"https:\/\/cdn-s-www.estrepublicain.fr\/images\/831dd45f-7b9f-4f36-9103-f37b75baae2c\/NW_raw\/lui-aussi-venu-du-havre-simon-ebonog-va-reintegrer-l-effectif-du-club-doyen-photo-alexandre-marchi-1731697189.jpg\" title=\"Lui aussi venu du Havre, Simon Ebonog va r\u00e9int\u00e9grer l&#039;effectif du club doyen.\u00a0Photo Alexandre Marchi\" target=\"_blank\" rel=\"noopener\">&#13;<br \/>\n                            <img decoding=\"async\" src=\"https:\/\/www.europesays.com\/fr\/wp-content\/uploads\/2025\/06\/lui-aussi-venu-du-havre-simon-ebonog-va-reintegrer-l-effectif-du-club-doyen-photo-alexandre-marchi-1.jpeg\"   alt=\"Lui aussi venu du Havre, Simon Ebonog va r\u00e9int\u00e9grer l'effectif du club doyen.\u00a0Photo Alexandre Marchi\" loading=\"lazy\" fetchpriority=\"low\" data-mobile=\"NW_listA_M|1731697189\" data-base=\"NW_listA|1743413192\"\/>&#13;<br \/>\n                        <\/a>&#13;<\/p>\n<p>Lui aussi venu du Havre, Simon Ebonog va r\u00e9int\u00e9grer l&rsquo;effectif du club doyen.\u00a0Photo Alexandre Marchi<\/p>\n<p>                        &#13;<br \/>\n                                           &#13;\n                <\/li>\n<p>&#13;<br \/>\n            &#13;<\/p>\n<li class=\"carousel-wrapper__slides--slide item\" id=\"slide-4\">&#13;<br \/>\n                                    &#13;<br \/>\n                        <a class=\"chocolat-image GA-tracking\" data-ga_type=\"click\" data-ga_category=\"D\u00e9tail\" data-ga_action=\"zoomer\" data-ga_label=\"aggrandir image\" href=\"https:\/\/cdn-s-www.estrepublicain.fr\/images\/dc382023-9091-4474-b413-43cfbd86753f\/NW_raw\/marco-giagnorio-a-annonce-la-fin-de-son-aventure-a-nancy-apres-un-passage-de-10-ans-et-un-passage-chez-les-pros-depuis-2022-il-s-est-engage-au-fc-balagne-(corse-n2)-ou-il-va-retrouver-un-certain-alexandre-cropanese-photo-alexandre-marchi-1747933185.jpg\" title=\"Marco Giagnorio a annonc\u00e9 la fin de son aventure \u00e0 Nancy, apr\u00e8s un passage de 10 ans et un passage chez les pros depuis 2022. Il s&#039;est engag\u00e9 au FC Balagne (Corse, N2) o\u00f9 il va retrouver un certain Alexandre Cropanese. Photo Alexandre Marchi\" target=\"_blank\" rel=\"noopener\">&#13;<br \/>\n                            <img decoding=\"async\" src=\"https:\/\/www.europesays.com\/fr\/wp-content\/uploads\/2025\/06\/marco-giagnorio-a-annonce-la-fin-de-son-aventure-a-nancy-apres-un-passage-de-10-ans-et-un-passage-ch.jpeg\"   alt=\"Marco Giagnorio a annonc\u00e9 la fin de son aventure \u00e0 Nancy, apr\u00e8s un passage de 10 ans et un passage chez les pros depuis 2022. Il s'est engag\u00e9 au FC Balagne (Corse, N2) o\u00f9 il va retrouver un certain Alexandre Cropanese. Photo Alexandre Marchi\" loading=\"lazy\" fetchpriority=\"low\" data-mobile=\"NW_listA_M|1747933185\" data-base=\"NW_listA|1747933185\"\/>&#13;<br \/>\n                        <\/a>&#13;<\/p>\n<p>Marco Giagnorio a annonc\u00e9 la fin de son aventure \u00e0 Nancy, apr\u00e8s un passage de 10 ans et un passage chez les pros depuis 2022. Il s&rsquo;est engag\u00e9 au FC Balagne (Corse, N2) o\u00f9 il va retrouver un certain Alexandre Cropanese. Photo Alexandre Marchi<\/p>\n<p>                        &#13;<br \/>\n                                           &#13;\n                <\/li>\n<p>&#13;<br \/>\n            &#13;<\/p>\n<li class=\"carousel-wrapper__slides--slide item\" id=\"slide-5\">&#13;<br \/>\n                                    &#13;<br \/>\n                        <a class=\"chocolat-image GA-tracking\" data-ga_type=\"click\" data-ga_category=\"D\u00e9tail\" data-ga_action=\"zoomer\" data-ga_label=\"aggrandir image\" href=\"https:\/\/cdn-s-www.estrepublicain.fr\/images\/c72b6c7a-d766-4f42-90bf-7f5a04be94de\/NW_raw\/le-defenseur-central-lucas-pellegrini-quitte-lui-aussi-l-asnl-apres-trois-saisons-le-natif-d-ajaccio-s-est-engage-en-d1-roumaine-avec-le-fcv-varul-constanta-photo-florian-baumer-1731755486.jpg\" title=\"Le d\u00e9fenseur central Lucas Pellegrini quitte lui aussi l&#039;ASNL apr\u00e8s trois saisons. Le natif d&#039;Ajaccio s&#039;est engag\u00e9 en D1 roumaine avec le FCV Varul Constanta. Photo Florian Baumer\" target=\"_blank\" rel=\"noopener\">&#13;<br \/>\n                            <img decoding=\"async\" src=\"https:\/\/www.europesays.com\/fr\/wp-content\/uploads\/2025\/06\/le-defenseur-central-lucas-pellegrini-quitte-lui-aussi-l-asnl-apres-trois-saisons-le-natif-d-ajaccio.jpeg\"   alt=\"Le d\u00e9fenseur central Lucas Pellegrini quitte lui aussi l'ASNL apr\u00e8s trois saisons. Le natif d'Ajaccio s'est engag\u00e9 en D1 roumaine avec le FCV Varul Constanta. Photo Florian Baumer\" loading=\"lazy\" fetchpriority=\"low\" data-mobile=\"NW_listA_M|1731755486\" data-base=\"NW_listA|1743413192\"\/>&#13;<br \/>\n                        <\/a>&#13;<\/p>\n<p>Le d\u00e9fenseur central Lucas Pellegrini quitte lui aussi l&rsquo;ASNL apr\u00e8s trois saisons. Le natif d&rsquo;Ajaccio s&rsquo;est engag\u00e9 en D1 roumaine avec le FCV Varul Constanta. Photo Florian Baumer<\/p>\n<p>                        &#13;<br \/>\n                                           &#13;\n                <\/li>\n<p>&#13;<br \/>\n            &#13;<\/p>\n<li class=\"carousel-wrapper__slides--slide item\" id=\"slide-6\">&#13;<br \/>\n                                    &#13;<br \/>\n                        <a class=\"chocolat-image GA-tracking\" data-ga_type=\"click\" data-ga_category=\"D\u00e9tail\" data-ga_action=\"zoomer\" data-ga_label=\"aggrandir image\" href=\"https:\/\/cdn-s-www.estrepublicain.fr\/images\/220419c4-2b55-49bc-b6a1-1e234f12a4ab\/NW_raw\/barre-par-la-concurrence-cette-saison-alassane-diaby-est-arrive-au-bout-de-son-bail-de-deux-ans-en-lorraine-photo-florian-baumer-1750078781.jpg\" title=\"Barr\u00e9 par la concurrence cette saison,\u00a0Alassane Diaby est arriv\u00e9 au bout de son bail de deux ans en Lorraine. Photo Florian Baumer\" target=\"_blank\" rel=\"noopener\">&#13;<br \/>\n                            <img decoding=\"async\" src=\"https:\/\/www.europesays.com\/fr\/wp-content\/uploads\/2025\/06\/barre-par-la-concurrence-cette-saison-alassane-diaby-est-arrive-au-bout-de-son-bail-de-deux-ans-en-l.jpeg\"   alt=\"Barr\u00e9 par la concurrence cette saison,\u00a0Alassane Diaby est arriv\u00e9 au bout de son bail de deux ans en Lorraine. Photo Florian Baumer\" loading=\"lazy\" fetchpriority=\"low\" data-mobile=\"NW_listA_M|1750078781\" data-base=\"NW_listA|1750078781\"\/>&#13;<br \/>\n                        <\/a>&#13;<\/p>\n<p>Barr\u00e9 par la concurrence cette saison,\u00a0Alassane Diaby est arriv\u00e9 au bout de son bail de deux ans en Lorraine. Photo Florian Baumer<\/p>\n<p>                        &#13;<br \/>\n                                           &#13;\n                <\/li>\n<p>&#13;<br \/>\n            &#13;<\/p>\n<li class=\"carousel-wrapper__slides--slide item slideWithPub\" id=\"slide-7\">&#13;<br \/>\n                        &#13;<br \/>\n                            <a class=\"chocolat-image\" title=\"Publicit\u00e9\" href=\"data:image\/gif;base64,R0lGODlhAQABAAD\/ACwAAAAAAQABAAACADs=\">&#13;<br \/>\n                                <img decoding=\"async\" src=\"data:image\/gif;base64,R0lGODlhAQABAAD\/ACwAAAAAAQABAAACADs=\" alt=\"Publicit\u00e9\" loading=\"lazy\" fetchpriority=\"low\"\/>&#13;<br \/>\n                            <\/a>&#13;<br \/>\n                        &#13;\n                    <\/li>\n<p>&#13;<\/p>\n<li class=\"carousel-wrapper__slides--slide item\" id=\"slide-8\">&#13;<br \/>\n                                    &#13;<br \/>\n                        <a class=\"chocolat-image GA-tracking\" data-ga_type=\"click\" data-ga_category=\"D\u00e9tail\" data-ga_action=\"zoomer\" data-ga_label=\"aggrandir image\" href=\"https:\/\/cdn-s-www.estrepublicain.fr\/images\/8144ee89-970e-4c44-bc61-d0b305a99308\/NW_raw\/prete-en-deuxieme-partie-de-saison-a-dinan-lehon-(n2)-le-jeune-lateral-amine-mokhtari-est-egalement-en-fin-de-contrat-photo-florian-baumer-1750078781.jpg\" title=\"Pr\u00eat\u00e9 en deuxi\u00e8me partie de saison \u00e0 Dinan-Lehon (N2), le jeune lat\u00e9ral Amine Mokhtari est \u00e9galement en fin de contrat. Photo Florian Baumer\" target=\"_blank\" rel=\"noopener\">&#13;<br \/>\n                            <img decoding=\"async\" src=\"https:\/\/www.europesays.com\/fr\/wp-content\/uploads\/2025\/06\/prete-en-deuxieme-partie-de-saison-a-dinan-lehon-(n2)-le-jeune-lateral-amine-mokhtari-est-egalement-.jpeg\"   alt=\"Pr\u00eat\u00e9 en deuxi\u00e8me partie de saison \u00e0 Dinan-Lehon (N2), le jeune lat\u00e9ral Amine Mokhtari est \u00e9galement en fin de contrat. Photo Florian Baumer\" loading=\"lazy\" fetchpriority=\"low\" data-mobile=\"NW_listA_M|1750078781\" data-base=\"NW_listA|1750078781\"\/>&#13;<br \/>\n                        <\/a>&#13;<\/p>\n<p>Pr\u00eat\u00e9 en deuxi\u00e8me partie de saison \u00e0 Dinan-Lehon (N2), le jeune lat\u00e9ral Amine Mokhtari est \u00e9galement en fin de contrat. Photo Florian Baumer<\/p>\n<p>                        &#13;<br \/>\n                                           &#13;\n                <\/li>\n<p>&#13;<br \/>\n            &#13;<\/p>\n<li class=\"carousel-wrapper__slides--slide item\" id=\"slide-9\">&#13;<br \/>\n                                    &#13;<br \/>\n                        <a class=\"chocolat-image GA-tracking\" data-ga_type=\"click\" data-ga_category=\"D\u00e9tail\" data-ga_action=\"zoomer\" data-ga_label=\"aggrandir image\" href=\"https:\/\/cdn-s-www.estrepublicain.fr\/images\/e74e57f9-2c05-4e2d-9d91-c3eb320fc5ae\/NW_raw\/louis-carnot-qui-n-a-jamais-reussi-a-s-imposer-a-nancy-quitte-le-club-a-l-issue-de-la-fin-de-son-contrat-de-2-ans-apres-avoir-passe-la-deuxieme-partie-de-saison-a-andrezieux-en-n2-(10-matchs)-photo-florian-baumer-1730561249.jpg\" title=\"Louis Carnot, qui n&#039;a jamais r\u00e9ussi \u00e0 s&#039;imposer \u00e0 Nancy, quitte le club \u00e0 l&#039;issue de la fin de son contrat de 2 ans, apr\u00e8s avoir pass\u00e9 la deuxi\u00e8me partie de saison \u00e0 Andr\u00e9zieux, en N2 (10 matchs). Photo Florian Baumer\" target=\"_blank\" rel=\"noopener\">&#13;<br \/>\n                            <img decoding=\"async\" src=\"https:\/\/www.europesays.com\/fr\/wp-content\/uploads\/2025\/06\/louis-carnot-qui-n-a-jamais-reussi-a-s-imposer-a-nancy-quitte-le-club-a-l-issue-de-la-fin-de-son-con.jpeg\"   alt=\"Louis Carnot, qui n'a jamais r\u00e9ussi \u00e0 s'imposer \u00e0 Nancy, quitte le club \u00e0 l'issue de la fin de son contrat de 2 ans, apr\u00e8s avoir pass\u00e9 la deuxi\u00e8me partie de saison \u00e0 Andr\u00e9zieux, en N2 (10 matchs). Photo Florian Baumer\" loading=\"lazy\" fetchpriority=\"low\" data-mobile=\"NW_listA_M|1730561249\" data-base=\"NW_listA|1743413192\"\/>&#13;<br \/>\n                        <\/a>&#13;<\/p>\n<p>Louis Carnot, qui n&rsquo;a jamais r\u00e9ussi \u00e0 s&rsquo;imposer \u00e0 Nancy, quitte le club \u00e0 l&rsquo;issue de la fin de son contrat de 2 ans, apr\u00e8s avoir pass\u00e9 la deuxi\u00e8me partie de saison \u00e0 Andr\u00e9zieux, en N2 (10 matchs). Photo Florian Baumer<\/p>\n<p>                        &#13;<br \/>\n                                           &#13;\n                <\/li>\n<p>&#13;<br \/>\n            &#13;\n                <\/ul>\n","protected":false},"excerpt":{"rendered":"&#13; Ils arrivent &#13; &#13; &#13; &#13; &#13; &#13; Form\u00e9 au PSG, le jeune d\u00e9fenseur central de 20&hellip;\n","protected":false},"author":2,"featured_media":203809,"comment_status":"","ping_status":"","sticky":false,"template":"","format":"standard","meta":{"footnotes":""},"categories":[9635],"tags":[1111,11,3703,3602,1704,1706,1705,10174,1777,674,1701,63,1011,27,5325,2798,9540,775,1702,12,25,517,1700],"class_list":{"0":"post-203808","1":"post","2":"type-post","3":"status-publish","4":"format-standard","5":"has-post-thumbnail","7":"category-nancy","8":"tag-actu","9":"tag-actualites","10":"tag-asnl","11":"tag-edition-bar-le-duc","12":"tag-edition-nancy-et-agglomeration","13":"tag-edition-pont-a-mousson","14":"tag-edition-toul","15":"tag-edition-verdun","16":"tag-eu","17":"tag-europe","18":"tag-fil-info-sport","19":"tag-football","20":"tag-fr","21":"tag-france","22":"tag-galerie-media","23":"tag-galerie-photo","24":"tag-galerie-sport","25":"tag-grand-est","26":"tag-nancy","27":"tag-news","28":"tag-republique-francaise","29":"tag-sport","30":"tag-sport-lorrain"},"share_on_mastodon":{"url":"https:\/\/pubeurope.com\/@fr\/114745329573540922","error":""},"_links":{"self":[{"href":"https:\/\/www.europesays.com\/fr\/wp-json\/wp\/v2\/posts\/203808","targetHints":{"allow":["GET"]}}],"collection":[{"href":"https:\/\/www.europesays.com\/fr\/wp-json\/wp\/v2\/posts"}],"about":[{"href":"https:\/\/www.europesays.com\/fr\/wp-json\/wp\/v2\/types\/post"}],"author":[{"embeddable":true,"href":"https:\/\/www.europesays.com\/fr\/wp-json\/wp\/v2\/users\/2"}],"replies":[{"embeddable":true,"href":"https:\/\/www.europesays.com\/fr\/wp-json\/wp\/v2\/comments?post=203808"}],"version-history":[{"count":0,"href":"https:\/\/www.europesays.com\/fr\/wp-json\/wp\/v2\/posts\/203808\/revisions"}],"wp:featuredmedia":[{"embeddable":true,"href":"https:\/\/www.europesays.com\/fr\/wp-json\/wp\/v2\/media\/203809"}],"wp:attachment":[{"href":"https:\/\/www.europesays.com\/fr\/wp-json\/wp\/v2\/media?parent=203808"}],"wp:term":[{"taxonomy":"category","embeddable":true,"href":"https:\/\/www.europesays.com\/fr\/wp-json\/wp\/v2\/categories?post=203808"},{"taxonomy":"post_tag","embeddable":true,"href":"https:\/\/www.europesays.com\/fr\/wp-json\/wp\/v2\/tags?post=203808"}],"curies":[{"name":"wp","href":"https:\/\/api.w.org\/{rel}","templated":true}]}}