{"id":203816,"date":"2025-06-25T18:08:09","date_gmt":"2025-06-25T18:08:09","guid":{"rendered":"https:\/\/www.europesays.com\/fr\/203816\/"},"modified":"2025-06-25T18:08:09","modified_gmt":"2025-06-25T18:08:09","slug":"les-ecologistes-partiront-aux-municipales-sans-michael-delafosse-et-le-parti-socialiste","status":"publish","type":"post","link":"https:\/\/www.europesays.com\/fr\/203816\/","title":{"rendered":"les \u00c9cologistes partiront aux municipales sans Micha\u00ebl Delafosse et le Parti Socialiste"},"content":{"rendered":"<p>            Par<br \/>\n        <strong><br \/>\n            <a href=\"https:\/\/actu.fr\/auteur\/c-nithard\" title=\"Consulter tous les articles de C\u00e9dric Nithard\" rel=\"nofollow noopener\" target=\"_blank\">C\u00e9dric Nithard<\/a><br \/>\n        <\/strong><\/p>\n<p>        Publi\u00e9 le<\/p>\n<p>            25 juin 2025 \u00e0 19h35        <\/p>\n<p><strong>Les \u00c9cologistes<\/strong> tenaient <strong>leur assembl\u00e9e g\u00e9n\u00e9rale<\/strong> ce <strong>lundi 23 juin<\/strong> afin de d\u00e9cider de <strong>leur orientation strat\u00e9gique<\/strong> pour <strong>les \u00e9lections municipales<\/strong> \u00e0 <strong>Montpellier<\/strong>. Sans surprise, la motion port\u00e9e par <strong>Jean-Louis Roum\u00e9gas<\/strong> et <strong>Julia Mignacca<\/strong> l\u2019a emport\u00e9 rejetant ainsi toute alliance possible avec le <strong>Parti Socialiste<\/strong>. Et donc <strong>Micha\u00ebl Delafosse<\/strong>.<\/p>\n<p>Victoire contre Micha\u00ebl Delafosse<\/p>\n<p class=\" wall-content\">Les \u00c9cologistes ont fait un pas vers les municipales en adoptant une des deux motions soumises au vote des militants. 302 pour \u00eatre pr\u00e9cis. Avec deux choix tr\u00e8s clairs quant \u00e0 la probl\u00e9matique r\u00e9sum\u00e9e ainsi : le rassemblement de la gauche passe-t-il par une alliance avec Micha\u00ebl Delafosse et plus largement le Parti Socialiste ? La r\u00e9ponse est limpide\u2026 mais pas forc\u00e9ment sans appel.<\/p>\n<p class=\" wall-content\">La motion Rassembler pour une alternative \u00e9cologiste sociale et citoyenne a \u00e9t\u00e9 adopt\u00e9e par 68,62% des suffrages contre 31,37% pour la motion \u00c9cologistes pour Montpellier. Un revers sans surprise pour les \u00e9lus de la majorit\u00e9 municipale apr\u00e8s le rapprochement des motions port\u00e9es par Jean-Louis Roum\u00e9gas et Julia Mignacca. En se basant sur le vote en janvier du comit\u00e9 d\u2019animation, les deux courants devenaient largement majoritaires, comme l\u2019a confirm\u00e9 l\u2019assembl\u00e9e g\u00e9n\u00e9rale, pour d\u00e9fendre une politique \u00e9cologique et sociale en rupture avec celle pratiqu\u00e9e par Micha\u00ebl Delafosse et sa majorit\u00e9.<\/p>\n<p>Une liste de douze \u00e9cologistes<\/p>\n<p class=\" wall-content\">Outre la strat\u00e9gie, les militants devaient aussi voter pour une liste pr\u00e9sent\u00e9e par chaque motion. Un syst\u00e8me proportionnelle garantissant \u00e0 chacune d\u2019\u00eatre repr\u00e9sent\u00e9e et, en fonction du score, de r\u00e9partir \u00e9quitablement les position :\u00a0<br \/>1- Jean Louis Roumegas (Rassembler\u2026)<br \/>2-\u00a0 Julia Mignacca (Rassembler\u2026)<br \/>3- Guillem Vern (\u00c9cologistes\u2026)<br \/>4- Coralie Mantion (Rassembler\u2026)<br \/>5- Nordine Maktoubi (Rassembler\u2026)<br \/>6- Isabelle Dangerfield (\u00c9cologistes\u2026)<br \/>7- Hugo Daillan (Rassembler\u2026)<br \/>8- Lucie Mendes (Rassembler\u2026)<br \/>9- Jean Fran\u00e7ois Verot (\u00c9cologistes\u2026)<br \/>10- Mbarka Boualleg (Rassembler\u2026)<br \/>11- Said Bouya (Rassembler\u2026)<br \/>12- Claire Engel (\u00c9cologistes\u2026)<\/p>\n<p class=\" wall-content\">\u00c0 peu de choses pr\u00e8s, les r\u00e9sultats confirmaient ceux de la motion : 68,54% pour celle de Jean-Louis Roum\u00e9gas ( et 31,45% pour celle des \u00e9lus de la majorit\u00e9. Ces derniers, contestant la m\u00e9thode et le calendrier, avait choisi de ne pas y figurer et de ne pr\u00e9senter que cinq noms. Au final, ils obtiennent tout de m\u00eame quatre si\u00e8ges quand Jean-Louis Roum\u00e9gas et ses huit si\u00e8ges va devoir composer avec diff\u00e9rentes visions d\u00e9j\u00e0 pr\u00e9sentes dans sa liste de d\u00e9part. Outre Julia Mignacca, pr\u00e9sente avec trois si\u00e8ges, Coralie Mantion, repr\u00e9sentant les \u00e9lus sortis de la majorit\u00e9, et Nordine Maktoubi, voix importante dans les quartiers, ne voit pas forc\u00e9ment le d\u00e9put\u00e9 comme leur t\u00eate de liste finale au premier tour.<\/p>\n<p>Vid\u00e9os : en ce moment sur Actu<\/p>\n<p class=\" wall-content\">Officiellement pour les \u00c9cologistes, cette liste constitue leurs douze premiers candidats pour les municipales \u00e0 laquelle s\u2019ajouteront des membres de la soci\u00e9t\u00e9 civile proches du parti. Mais \u00e9galement les autres forces de gauche. Car d\u00e8s \u00e0 pr\u00e9sent va s\u2019ouvrir une phase de discussion qui, excluant de fait le PS et ses alli\u00e9s, s\u2019adresse principalement \u00e0 La France Insoumise dont l\u2019assembl\u00e9e g\u00e9n\u00e9rale pour clarifier le texte d\u2019orientation strat\u00e9gique, adopt\u00e9 r\u00e9cemment afin d\u2019unifier les positions de chacun, et designer quatre co-chefs de file se tiendra jeudi. Eux aussi doivent composer avec la tectonique de trois courants mais devraient se tourner facilement vers les \u00c9cologistes. Julia Mignacca y est pr\u00eate, Jean-Louis Roum\u00e9gas y met plus de conditions.<\/p>\n<p>Le plus dur commence<\/p>\n<p class=\" wall-content\">D\u2019autant qu\u2019un \u00e9ni\u00e8me protagoniste est entr\u00e9e dans le jeu avec l\u2019APR\u00c8S, formation politique fond\u00e9e par les d\u00e9put\u00e9s exclus de la France Insoumise. Sa section montpelli\u00e9raine a d\u00e8s ce mardi montr\u00e9 tout son int\u00e9r\u00eat pour un travail en commun avec les \u00c9cologistes. Reste, que sur fond de querelles intestines et crois\u00e9es, de l\u2019histoire entre chacun, des paroles et promesses, voire de ressorts nationaux sur lesquels ils n\u2019ont pas la main, il faudra faire cohabiter tout le monde sur une liste, discuter des places et surtout choisir une t\u00eate de liste. Et si apr\u00e8s avoir \u00e9cart\u00e9 le PS des discussions, le plus dur ne commen\u00e7ait pas pour les Verts ?<\/p>\n<p class=\" wall-content\">D\u2019autant que les \u00e9lus de la majorit\u00e9 n\u2019ont pas dit leur dernier mot. Apr\u00e8s une assembl\u00e9e g\u00e9n\u00e9rale dont ils se savaient les victimes annonc\u00e9es, regrettant notamment de ne pas avoir d\u00e9fendu en amont leur bilan dans la mandature, ils se r\u00e9uniront prochainement pour d\u00e9cider des suites \u00e0 donner. Leur premier constat est n\u00e9anmoins sans appel : \u00ab Jean-Louis Roum\u00e9gas et Julia Mignacca d\u00e9clarent la guerre \u00e0 l\u2019union de la gauche. \u00bb Mais, surtout, ils annoncent qu\u2019un recours sera engag\u00e9 aupr\u00e8s des instances nationales pour en demander l\u2019annulation. Ces derniers d\u00e9noncent les modalit\u00e9s du scrutin avec notamment des procurations qui les interrogent : \u00ab Comme depuis 25 ans, nous avons assist\u00e9 \u00e0 des votes de complaisance. \u00bb Une vieille habitude donc qui n\u2019a pas d\u00fb trop d\u00e9ranger par le pass\u00e9 et qui promet encore quelques rebondissements. L\u00e0 aussi une habitude\u2026 Si toutefois du c\u00f4t\u00e9 de Paris on a encore envie de se mouiller pour ce qu\u2019il se passe \u00e0 Montpellier. Encore une fois, une question d\u2019habitude\u2026<\/p>\n<p class=\" wall-content\">Suivez toute l\u2019actualit\u00e9 de vos villes et m\u00e9dias favoris en vous inscrivant \u00e0 <a href=\"https:\/\/moncompte.actu.fr\" title=\"D\u00e9couvez Mon Actu\" rel=\"nofollow noopener\" data-trk=\"{&quot;cta&quot;:{&quot;action&quot;:&quot;https:\\\/\\\/moncompte.actu.fr&quot;,&quot;category&quot;:&quot;mon compte&quot;,&quot;from&quot;:&quot;article footer&quot;,&quot;name&quot;:&quot;Mon actu&quot;,&quot;type&quot;:&quot;cta&quot;}}\" target=\"_blank\">Mon Actu<\/a>.<\/p>\n","protected":false},"excerpt":{"rendered":"Par C\u00e9dric Nithard Publi\u00e9 le 25 juin 2025 \u00e0 19h35 Les \u00c9cologistes tenaient leur assembl\u00e9e g\u00e9n\u00e9rale ce lundi&hellip;\n","protected":false},"author":2,"featured_media":203817,"comment_status":"","ping_status":"","sticky":false,"template":"","format":"standard","meta":{"footnotes":""},"categories":[9599],"tags":[1111,11,4188,1777,674,1011,27,2208,12,2680,316,25],"class_list":{"0":"post-203816","1":"post","2":"type-post","3":"status-publish","4":"format-standard","5":"has-post-thumbnail","7":"category-montpellier","8":"tag-actu","9":"tag-actualites","10":"tag-elections-municipales","11":"tag-eu","12":"tag-europe","13":"tag-fr","14":"tag-france","15":"tag-montpellier","16":"tag-news","17":"tag-occitanie","18":"tag-politique","19":"tag-republique-francaise"},"share_on_mastodon":{"url":"https:\/\/pubeurope.com\/@fr\/114745344194622453","error":""},"_links":{"self":[{"href":"https:\/\/www.europesays.com\/fr\/wp-json\/wp\/v2\/posts\/203816","targetHints":{"allow":["GET"]}}],"collection":[{"href":"https:\/\/www.europesays.com\/fr\/wp-json\/wp\/v2\/posts"}],"about":[{"href":"https:\/\/www.europesays.com\/fr\/wp-json\/wp\/v2\/types\/post"}],"author":[{"embeddable":true,"href":"https:\/\/www.europesays.com\/fr\/wp-json\/wp\/v2\/users\/2"}],"replies":[{"embeddable":true,"href":"https:\/\/www.europesays.com\/fr\/wp-json\/wp\/v2\/comments?post=203816"}],"version-history":[{"count":0,"href":"https:\/\/www.europesays.com\/fr\/wp-json\/wp\/v2\/posts\/203816\/revisions"}],"wp:featuredmedia":[{"embeddable":true,"href":"https:\/\/www.europesays.com\/fr\/wp-json\/wp\/v2\/media\/203817"}],"wp:attachment":[{"href":"https:\/\/www.europesays.com\/fr\/wp-json\/wp\/v2\/media?parent=203816"}],"wp:term":[{"taxonomy":"category","embeddable":true,"href":"https:\/\/www.europesays.com\/fr\/wp-json\/wp\/v2\/categories?post=203816"},{"taxonomy":"post_tag","embeddable":true,"href":"https:\/\/www.europesays.com\/fr\/wp-json\/wp\/v2\/tags?post=203816"}],"curies":[{"name":"wp","href":"https:\/\/api.w.org\/{rel}","templated":true}]}}