{"id":203823,"date":"2025-06-25T18:15:31","date_gmt":"2025-06-25T18:15:31","guid":{"rendered":"https:\/\/www.europesays.com\/fr\/203823\/"},"modified":"2025-06-25T18:15:31","modified_gmt":"2025-06-25T18:15:31","slug":"la-ministre-de-leducation-elisabeth-borne-a-rennes-ce-vendredi-27-juin-2025","status":"publish","type":"post","link":"https:\/\/www.europesays.com\/fr\/203823\/","title":{"rendered":"La ministre de l\u2019\u00c9ducation \u00c9lisabeth Borne \u00e0 Rennes ce vendredi 27\u00a0juin 2025"},"content":{"rendered":"<p>Dans le cadre des stages d\u2019observation en entreprise qu\u2019effectuent actuellement les \u00e9l\u00e8ves de seconde g\u00e9n\u00e9rale et technologique, <a href=\"https:\/\/saint-brieuc.maville.com\/actu\/actudet_-elisabeth-borne-attendue-en-bretagne-pour-donner-la-medaille-de-l-ordre-national-du-merite-a-un-elu-_5-6863217_actu.Htm\" target=\"_blank\" rel=\"noopener\">\u00c9lisabeth Borne<\/a>, ministre d\u2019\u00c9tat, ministre de l\u2019\u00c9ducation nationale, de l\u2019enseignement sup\u00e9rieur et de la recherche, se d\u00e9placera \u00e0 Rennes (Ille-et-Vilaine) ce vendredi 27\u00a0juin 2025.<\/p>\n<p>Elle se rendra \u00e0 la direction r\u00e9gionale de la <a href=\"https:\/\/redon.maville.com\/actu\/actudet_-apres-une-interruption-de-trafic-sncf-entre-nantes-et-angers-la-circulation-reprend-progressivement-_52698-6869294_actu.Htm\" target=\"_blank\" rel=\"noopener\">SNCF<\/a> o\u00f9 elle \u00e9changera avec des chefs d\u2019entreprise du collectif breton \u00ab\u00a0les r\u00e9seaux passent la seconde\u00a0\u00bb. R\u00e9seau qui regroupe des acteurs \u00e9conomiques et associatifs locaux mobilis\u00e9s pour aider les 35\u00a0000\u00a0lyc\u00e9ens bretons \u00e0 trouver un stage au sein de leurs structures.<\/p>\n<p>\u00c9lisabeth Borne assistera aussi \u00e0 une pr\u00e9sentation des projets de mini-entreprises \u00e9labor\u00e9s par la trentaine d\u2019\u00e9l\u00e8ves de seconde qui r\u00e9alisent leur stage \u00e0 la SNCF, avec l\u2019appui de l\u2019association Entreprendre pour apprendre Bretagne, membre du collectif.<\/p>\n<p>\u00a0<\/p>\n","protected":false},"excerpt":{"rendered":"Dans le cadre des stages d\u2019observation en entreprise qu\u2019effectuent actuellement les \u00e9l\u00e8ves de seconde g\u00e9n\u00e9rale et technologique, \u00c9lisabeth&hellip;\n","protected":false},"author":2,"featured_media":203824,"comment_status":"","ping_status":"","sticky":false,"template":"","format":"standard","meta":{"footnotes":""},"categories":[2821],"tags":[17,14016,1111,11,8723,829,1057,34278,1777,674,1011,27,3687,3784,12,584,25,3728,6949],"class_list":{"0":"post-203823","1":"post","2":"type-post","3":"status-publish","4":"format-standard","5":"has-post-thumbnail","7":"category-rennes","8":"tag-17","9":"tag-14016","10":"tag-actu","11":"tag-actualites","12":"tag-borne","13":"tag-bretagne","14":"tag-education","15":"tag-elisabeth","16":"tag-eu","17":"tag-europe","18":"tag-fr","19":"tag-france","20":"tag-juin","21":"tag-ministre","22":"tag-news","23":"tag-rennes","24":"tag-republique-francaise","25":"tag-saint-malo","26":"tag-vendredi"},"share_on_mastodon":{"url":"https:\/\/pubeurope.com\/@fr\/114745371740542713","error":""},"_links":{"self":[{"href":"https:\/\/www.europesays.com\/fr\/wp-json\/wp\/v2\/posts\/203823","targetHints":{"allow":["GET"]}}],"collection":[{"href":"https:\/\/www.europesays.com\/fr\/wp-json\/wp\/v2\/posts"}],"about":[{"href":"https:\/\/www.europesays.com\/fr\/wp-json\/wp\/v2\/types\/post"}],"author":[{"embeddable":true,"href":"https:\/\/www.europesays.com\/fr\/wp-json\/wp\/v2\/users\/2"}],"replies":[{"embeddable":true,"href":"https:\/\/www.europesays.com\/fr\/wp-json\/wp\/v2\/comments?post=203823"}],"version-history":[{"count":0,"href":"https:\/\/www.europesays.com\/fr\/wp-json\/wp\/v2\/posts\/203823\/revisions"}],"wp:featuredmedia":[{"embeddable":true,"href":"https:\/\/www.europesays.com\/fr\/wp-json\/wp\/v2\/media\/203824"}],"wp:attachment":[{"href":"https:\/\/www.europesays.com\/fr\/wp-json\/wp\/v2\/media?parent=203823"}],"wp:term":[{"taxonomy":"category","embeddable":true,"href":"https:\/\/www.europesays.com\/fr\/wp-json\/wp\/v2\/categories?post=203823"},{"taxonomy":"post_tag","embeddable":true,"href":"https:\/\/www.europesays.com\/fr\/wp-json\/wp\/v2\/tags?post=203823"}],"curies":[{"name":"wp","href":"https:\/\/api.w.org\/{rel}","templated":true}]}}