{"id":203833,"date":"2025-06-25T18:20:13","date_gmt":"2025-06-25T18:20:13","guid":{"rendered":"https:\/\/www.europesays.com\/fr\/203833\/"},"modified":"2025-06-25T18:20:13","modified_gmt":"2025-06-25T18:20:13","slug":"en-images-plusieurs-orages-eclatent-en-loire-atlantique-ce-mercredi-en-fin-dapres-midi","status":"publish","type":"post","link":"https:\/\/www.europesays.com\/fr\/203833\/","title":{"rendered":"EN IMAGES. Plusieurs orages \u00e9clatent en Loire-Atlantique ce mercredi en fin d\u2019apr\u00e8s-midi"},"content":{"rendered":"<p>Une supercellule tr\u00e8s impressionnante photographi\u00e9e \u00e0 Ancenis, de nombreux coups de tonnerre dans le Vignoble nantais, \u00e0 Ch\u00e2teaubriant ou dans la r\u00e9gion nazairienne\u2026. Les orages sont bien l\u00e0. Ils avaient \u00e9t\u00e9 annonc\u00e9s par M\u00e9t\u00e9o France, <a href=\"https:\/\/nantes.maville.com\/actu\/actudet_-attention-aux-orages-la-loire-atlantique-placee-en-vigilance-jaune-ce-mercredi-_8-6870793_actu.Htm\" target=\"_self\" rel=\"noopener\">qui a plac\u00e9 la Loire-Atlantique en vigilance jaune, ce mercredi 25\u00a0juin 2025<\/a>.<\/p>\n<p>Les orages remontent du sud en direction du nord et se sont renforc\u00e9s sur la Loire-Atlantique.<\/p>\n<p>\t<img decoding=\"async\" src=\"https:\/\/www.europesays.com\/fr\/wp-content\/uploads\/2025\/06\/P35313830D6871167G_px_640_.jpg\" alt=\"photo une image radar qui montre la position des orages sur la loire-atlantique \u00e0 17\u00a0h\u00a055 ce mercredi 25\u00a0juin 2025.  \u00a9  windy.com\" width=\"640\" title=\" Une image radar qui montre la position des orages sur la Loire-Atlantique \u00e0 17\u00a0h\u00a055 ce mercredi 25\u00a0juin 2025.   Windy.com \"\/><\/p>\n<p class=\"elmt-legende\"> Une image radar qui montre la position des orages sur la Loire-Atlantique \u00e0 17\u00a0h\u00a055 ce mercredi 25\u00a0juin 2025.   Windy.com <\/p>\n<p>Le vent s\u2019est soudainement lev\u00e9 dans plusieurs secteurs du d\u00e9partement. Sur l\u2019\u00eele de Nantes, des automobilistes ont pu assister \u00e0 une temp\u00eate de poussi\u00e8re, \u00e0 proximit\u00e9 du pont des Trois-Continents.<\/p>\n<p>Une supercellule orageuse \u00e0 Ancenis<\/p>\n<p>Du c\u00f4t\u00e9 d\u2019Ancenis, une supercellule orageuse a \u00e9t\u00e9 aper\u00e7ue et photographi\u00e9e. Il s\u2019agit d\u2019un orage tr\u00e8s isol\u00e9, qui peut g\u00e9n\u00e9rer des vents violents et de la gr\u00eale, souvent d\u00e9vastateurs.<\/p>\n<p>\t<img decoding=\"async\" src=\"https:\/\/www.europesays.com\/fr\/wp-content\/uploads\/2025\/06\/P35313831D6871167G_px_640_.jpg\" alt=\"photo un nuage impressionnant capt\u00e9 au-dessus de la ville d'ancenis ce mercredi 25 juin 2025  \u00a9  ouest-france\" width=\"640\" title=\" Un nuage impressionnant capt\u00e9 au-dessus de la ville d'Ancenis ce mercredi 25 juin 2025   Ouest-France \"\/><\/p>\n<p class=\"elmt-legende\"> Un nuage impressionnant capt\u00e9 au-dessus de la ville d&rsquo;Ancenis ce mercredi 25 juin 2025   Ouest-France <\/p>\n<p>Des d\u00e9g\u00e2ts commencent \u00e0 appara\u00eetre, notamment du c\u00f4t\u00e9 de la SNCF. Selon nos informations, des cat\u00e9naires ont connu une rupture d\u2019alimentation \u00e0 l\u2019ouest du d\u00e9partement. Un train Nantes-Le Croisic immobilis\u00e9 quelques minutes au niveau de Montoir-de-Bretagne. Une autre panne \u00e9lectrique paralyse le trafic ferroviaire entre Nantes et Ancenis jusqu\u2019\u00e0 19h30, annonce la SNCF.<\/p>\n<p>\t<img decoding=\"async\" src=\"https:\/\/www.europesays.com\/fr\/wp-content\/uploads\/2025\/06\/P35313832D6871167G_px_640_.jpg\" alt=\"photo le ciel s\u2019assombrit au nord de nantes, ce mercredi, en fin de journ\u00e9e.  \u00a9  franck dubray\/ouest-france\" width=\"640\" title=\" Le ciel s\u2019assombrit au nord de Nantes, ce mercredi, en fin de journ\u00e9e.   Franck Dubray\/Ouest-France \"\/><\/p>\n<p class=\"elmt-legende\"> Le ciel s\u2019assombrit au nord de Nantes, ce mercredi, en fin de journ\u00e9e.   Franck Dubray\/Ouest-France <\/p>\n<p>\u00c0 18\u00a0h\u00a030, plus de 530\u00a0\u00e9clairs ont \u00e9t\u00e9 recens\u00e9s en Loire-Atlantique, selon le site internet sp\u00e9cialis\u00e9 Keraunos, essentiellement dans les secteurs d\u2019Ancenis, de Saint-Nazaire et du Vignoble nantais. La station M\u00e9t\u00e9o France situ\u00e9e au Pallet, dans le vignoble, a enregistr\u00e9 23\u00a0mm de pluie en quinze minutes, entre 17h45 et 18h, soit 23\u00a0litres d\u2019eau par m\u00b2.<\/p>\n<p>\u00a0<\/p>\n","protected":false},"excerpt":{"rendered":"Une supercellule tr\u00e8s impressionnante photographi\u00e9e \u00e0 Ancenis, de nombreux coups de tonnerre dans le Vignoble nantais, \u00e0 Ch\u00e2teaubriant&hellip;\n","protected":false},"author":2,"featured_media":203834,"comment_status":"","ping_status":"","sticky":false,"template":"","format":"standard","meta":{"footnotes":""},"categories":[2818],"tags":[1111,11,31783,34279,1777,674,5729,1011,27,4430,3047,6774,766,12,4594,2636,25],"class_list":{"0":"post-203833","1":"post","2":"type-post","3":"status-publish","4":"format-standard","5":"has-post-thumbnail","7":"category-nantes","8":"tag-actu","9":"tag-actualites","10":"tag-apres-midi","11":"tag-eclatent","12":"tag-eu","13":"tag-europe","14":"tag-fin","15":"tag-fr","16":"tag-france","17":"tag-images","18":"tag-loire-atlantique","19":"tag-mercredi","20":"tag-nantes","21":"tag-news","22":"tag-orages","23":"tag-pays-de-la-loire","24":"tag-republique-francaise"},"share_on_mastodon":{"url":"https:\/\/pubeurope.com\/@fr\/114745391577040899","error":""},"_links":{"self":[{"href":"https:\/\/www.europesays.com\/fr\/wp-json\/wp\/v2\/posts\/203833","targetHints":{"allow":["GET"]}}],"collection":[{"href":"https:\/\/www.europesays.com\/fr\/wp-json\/wp\/v2\/posts"}],"about":[{"href":"https:\/\/www.europesays.com\/fr\/wp-json\/wp\/v2\/types\/post"}],"author":[{"embeddable":true,"href":"https:\/\/www.europesays.com\/fr\/wp-json\/wp\/v2\/users\/2"}],"replies":[{"embeddable":true,"href":"https:\/\/www.europesays.com\/fr\/wp-json\/wp\/v2\/comments?post=203833"}],"version-history":[{"count":0,"href":"https:\/\/www.europesays.com\/fr\/wp-json\/wp\/v2\/posts\/203833\/revisions"}],"wp:featuredmedia":[{"embeddable":true,"href":"https:\/\/www.europesays.com\/fr\/wp-json\/wp\/v2\/media\/203834"}],"wp:attachment":[{"href":"https:\/\/www.europesays.com\/fr\/wp-json\/wp\/v2\/media?parent=203833"}],"wp:term":[{"taxonomy":"category","embeddable":true,"href":"https:\/\/www.europesays.com\/fr\/wp-json\/wp\/v2\/categories?post=203833"},{"taxonomy":"post_tag","embeddable":true,"href":"https:\/\/www.europesays.com\/fr\/wp-json\/wp\/v2\/tags?post=203833"}],"curies":[{"name":"wp","href":"https:\/\/api.w.org\/{rel}","templated":true}]}}