{"id":203835,"date":"2025-06-25T18:21:25","date_gmt":"2025-06-25T18:21:25","guid":{"rendered":"https:\/\/www.europesays.com\/fr\/203835\/"},"modified":"2025-06-25T18:21:25","modified_gmt":"2025-06-25T18:21:25","slug":"moins-de-logements-seront-construits-au-profit-de-la-nature-dans-ce-futur-quartier","status":"publish","type":"post","link":"https:\/\/www.europesays.com\/fr\/203835\/","title":{"rendered":"moins de logements seront construits au profit de la nature dans ce futur quartier"},"content":{"rendered":"<p>            Par<br \/>\n        <strong><br \/>\n            <a href=\"https:\/\/actu.fr\/auteur\/thomas-bernard\" title=\"Consulter tous les articles de Thomas Bernard\" rel=\"nofollow noopener\" target=\"_blank\">Thomas Bernard<\/a><br \/>\n        <\/strong><\/p>\n<p>        Publi\u00e9 le<\/p>\n<p>            25 juin 2025 \u00e0 18h21        <\/p>\n<p>Au sud de Nantes, <strong>le quartier Pirmil Saint-Jacques<\/strong> va \u00eatre m\u00e9tamorphos\u00e9. Int\u00e9gr\u00e9 au projet de la <a href=\"https:\/\/actu.fr\/pays-de-la-loire\/reze_44143\/en-images-nantes-un-futur-quartier-de-la-zac-pirmil-les-isles-se-devoile_60407122.html\" rel=\"nofollow noopener\" target=\"_blank\">ZAC Pirmil Les Isles<\/a>, \u00e0 cheval entre <strong>Nantes<\/strong> et <strong>Rez\u00e9<\/strong>, la copie du projet nantais a \u00e9t\u00e9 revue par rapport \u00e0 la premi\u00e8re esquisse pr\u00e9sent\u00e9e en r\u00e9union publique en septembre\u00a02021.<\/p>\n<p class=\" wall-content\">Une nouvelle version d\u00e9voil\u00e9e par Nantes M\u00e9tropole, ce mardi 24\u00a0juin 2025, lors d\u2019une conf\u00e9rence de presse.<\/p>\n<p class=\" wall-content\">Plus de nature, moins de logements et prioriser les mobilit\u00e9s actives\u2009: c\u2019est le triptyque <strong>articulant l\u2019am\u00e9nagement urbain 2.0 du quartier Pirmil Saint-Jacques<\/strong>. Explications.<\/p>\n<p>Plus de nature<\/p>\n<p class=\" wall-content\">Le projet urbain ambitionne d\u2019accorder davantage de place \u00e0 la nature, notamment avec la transformation <a href=\"https:\/\/actu.fr\/pays-de-la-loire\/nantes_44109\/un-nouveau-parc-entre-la-sevre-et-la-loire-va-voir-le-jour-au-sud-de-nantes_62816495.html\" rel=\"nofollow noopener\" target=\"_blank\">du jardin du Confluent en parc de la Confluence<\/a>, entre S\u00e8vre et Loire, soit <strong>3,5 hectares contre 2,6 hectares initialement pr\u00e9vus<\/strong>.<\/p>\n<p class=\" wall-content\">Le patrimoine v\u00e9g\u00e9tal existant dans le secteur sera conserv\u00e9 \u00e0 l\u2019instar des platanes de la rue Esnoul des Ch\u00e2telets, les platanes du parking Pirmil et les tilleuls de la rue Dos d\u2019\u00e2ne.<\/p>\n<p class=\" wall-content\">\u00ab\u2009En plus de ne pas artificialiser la pointe de la confluence, en pr\u00e9servant le couvert v\u00e9g\u00e9tal existant, nous cr\u00e9ons le 130e parc nantais, <strong>un v\u00e9ritable \u00eelot de fra\u00eecheur et un puits de carbone essentiel\u2009\u00bb<\/strong>, compl\u00e8te <a href=\"https:\/\/actu.fr\/pays-de-la-loire\/nantes_44109\/municipales-2026-nantes-marine-tondelier-et-marie-vitoux-lancent-la-campagne-ecolo_62378761.html\" rel=\"nofollow noopener\" target=\"_blank\">Marie Vitoux<\/a>, adjointe de quartier Nantes Sud et conseill\u00e8re m\u00e9tropolitaine.<\/p>\n<p>600 logements construits<\/p>\n<p class=\" wall-content\">Cette hausse de la surface v\u00e9g\u00e9tale dans le nouveau quartier s\u2019inscrit dans la continuit\u00e9 de la politique environnementale men\u00e9e par Nantes M\u00e9tropole. \u00c0 chaque projet urbain, la collectivit\u00e9 promeut \u00ab\u2009la bifurcation \u00e9cologique\u2009\u00bb.<\/p>\n<p class=\" wall-content\">Dans le quartier Pirmil Saint-Jacques, la lib\u00e9ration d\u2019espace pour la couverture v\u00e9g\u00e9tale a contraint les porteurs du projet \u00e0 r\u00e9\u00e9quilibrer le programme immobilier. \u00c0 l\u2019origine, le projet de la ZAC pr\u00e9voyait <strong>la cr\u00e9ation de 1000 logements<\/strong>, <a href=\"https:\/\/www.calameo.com\/read\/0054447864d8653bcf0ce\" rel=\"nofollow noopener\" target=\"_blank\">comme indiqu\u00e9 sur le rapport de pr\u00e9sentation du dossier ZAC en 2017<\/a>.<\/p>\n<p>    <img   decoding=\"async\" loading=\"lazy\" src=\"https:\/\/www.europesays.com\/fr\/wp-content\/uploads\/2025\/06\/vue-vers-la-place-du-quartier-pirmil-960x640.png\" alt=\"La vue vers la nouvelle place du quartier. \" width=\"960\" height=\"640\"\/><br \/>\n    La vue vers la nouvelle place du quartier. (\u00a9Obras Architectes)<\/p>\n<p class=\" wall-content\">Apr\u00e8s r\u00e9vision, la ZAC Pirmil Saint-Jacques <strong>devrait accueillir 600 logements<\/strong>, dont plus de la moiti\u00e9 sera des logements sociaux et abordables. \u00ab\u2009Demain, il est tr\u00e8s probable que la part de logements sociaux et abordables, soit plus importante qu\u2019aujourd\u2019hui\u2009\u00bb, justifie Thomas Qu\u00e9ro, adjoint \u00e0 la maire d\u00e9l\u00e9gu\u00e9 \u00e0 l\u2019urbanisme durable et conseiller m\u00e9tropolitain.<\/p>\n<p class=\" wall-content\">En plus des logements, le projet pr\u00e9voit la cr\u00e9ation de <strong>11\u2009000\u00a0m2 de bureaux<\/strong>, <strong>800\u00a0m2 de commerces r\u00e9partis au rez-de-chauss\u00e9e des immeubles<\/strong>, <strong>une maison de sant\u00e9<\/strong>, <strong>une cr\u00e8che<\/strong>, <strong>une salle festive\u00a0et un espace de diffusion artistique<\/strong>.<\/p>\n<p>Moins de voitures, plus de mobilit\u00e9s actives<\/p>\n<p class=\" wall-content\">\u00ab\u2009Aujourd\u2019hui caract\u00e9ris\u00e9 par ses infrastructures routi\u00e8res et ses nombreuses voitures, Pirmil Saint-Jacques va se transformer pour laisser plus de place \u00e0 la nature et aux mobilit\u00e9s actives, pi\u00e9ton et v\u00e9lo\u2009\u00bb, pr\u00e9vient Thomas Qu\u00e9ro.<\/p>\n<p class=\" wall-content\">Traduction\u2009: la place accord\u00e9e \u00e0 <strong>la voiture individuelle sera limit\u00e9e<\/strong>. L\u2019adjoint \u00e0 l\u2019urbanisme a confirm\u00e9 <strong>la r\u00e9duction de la voirie dans le secteur<\/strong>. Avec l\u2019extension du parc de la Confluence, l\u2019am\u00e9nageur (D\u2019ICI-LA et Obras Architectes) ne r\u00e9alisera pas les immeubles dans le parc mais plut\u00f4t sur des infrastructures routi\u00e8res du p\u00f4le d\u2019\u00e9change de Pirmil, o\u00f9 les sols sont d\u00e9j\u00e0 artificialis\u00e9s.<\/p>\n<p class=\" wall-content\">La M\u00e9tropole va \u00e9changer avec la Semitan et Al\u00e9op pour adapter le circuit des bus et cars, dont l\u2019emprise sera r\u00e9duite avec le nouveau projet urbain. \u00ab\u2009On va s\u2019adapter comme on l\u2019a fait \u00e0 Commerce\u2009\u00bb, indique Thomas Qu\u00e9ro.<\/p>\n<p>    <img   decoding=\"async\" loading=\"lazy\" src=\"https:\/\/www.europesays.com\/fr\/wp-content\/uploads\/2025\/06\/rue-du-dos-dane-pirmil-nantes-960x640.jpeg\" alt=\"La place accord\u00e9e \u00e0 la voiture sera limit\u00e9e, la voirie va \u00eatre r\u00e9duite dans le secteur.\" width=\"960\" height=\"640\"\/><br \/>\n    La place accord\u00e9e \u00e0 la voiture sera limit\u00e9e, la voirie va \u00eatre r\u00e9duite dans le secteur. (\u00a9Thomas Bernard \/ actu Nantes)<\/p>\n<p class=\" wall-content\">L\u2019actuel parking Pirmil, o\u00f9 se d\u00e9roule un march\u00e9 chaque mercredi, sera supprim\u00e9. Un <strong>parking silo mutualis\u00e9<\/strong> sera construit pour accueillir les v\u00e9hicules des habitants et des visiteurs \u00e0 proximit\u00e9 imm\u00e9diate des logements, \u00e0 l\u2019instar de ce qui a \u00e9t\u00e9 fait au <a href=\"https:\/\/actu.fr\/pays-de-la-loire\/nantes_44109\/sur-l-ile-de-nantes-le-nouveau-quartier-republique-prend-vie_61766997.html\" rel=\"nofollow noopener\" target=\"_blank\">quartier R\u00e9publique sur l\u2019\u00eele de Nantes<\/a>.<\/p>\n<p class=\" wall-content\">La r\u00e9organisation du quartier favorisera les d\u00e9placements \u00e0 pied et \u00e0 v\u00e9lo. Une deuxi\u00e8me piste cyclable va relier Nantes \u00e0 Rez\u00e9, les cheminements seront repens\u00e9s notamment pour acc\u00e9der au futur parc et les trottoirs seront \u00e9largis.<\/p>\n<p class=\" wall-content\">\u00ab\u2009Il s\u2019agit de renouveler ce quartier pour en faire un lieu de vie agr\u00e9able qui accueille toutes et tous tout en pr\u00e9servant l\u2019environnement\u2009\u00bb, r\u00e9sume Thomas Qu\u00e9ro.<\/p>\n<p class=\" wall-content\">\u00c0 l\u2019heure actuelle, le d\u00e9but des premiers chantiers des programmes immobiliers est<strong> pr\u00e9vu pour 2031-2032.<\/strong><\/p>\n<p class=\" wall-content\">Suivez toute l\u2019actualit\u00e9 de vos villes et m\u00e9dias favoris en vous inscrivant \u00e0 <a href=\"https:\/\/moncompte.actu.fr\" title=\"D\u00e9couvez Mon Actu\" rel=\"nofollow noopener\" data-trk=\"{&quot;cta&quot;:{&quot;action&quot;:&quot;https:\\\/\\\/moncompte.actu.fr&quot;,&quot;category&quot;:&quot;mon compte&quot;,&quot;from&quot;:&quot;article footer&quot;,&quot;name&quot;:&quot;Mon actu&quot;,&quot;type&quot;:&quot;cta&quot;}}\" target=\"_blank\">Mon Actu<\/a>.<\/p>\n","protected":false},"excerpt":{"rendered":"Par Thomas Bernard Publi\u00e9 le 25 juin 2025 \u00e0 18h21 Au sud de Nantes, le quartier Pirmil Saint-Jacques&hellip;\n","protected":false},"author":2,"featured_media":203836,"comment_status":"","ping_status":"","sticky":false,"template":"","format":"standard","meta":{"footnotes":""},"categories":[2818],"tags":[1111,11,1777,674,1011,27,1116,1908,766,12,2636,25,104,1352],"class_list":{"0":"post-203835","1":"post","2":"type-post","3":"status-publish","4":"format-standard","5":"has-post-thumbnail","7":"category-nantes","8":"tag-actu","9":"tag-actualites","10":"tag-eu","11":"tag-europe","12":"tag-fr","13":"tag-france","14":"tag-immobilier","15":"tag-logement","16":"tag-nantes","17":"tag-news","18":"tag-pays-de-la-loire","19":"tag-republique-francaise","20":"tag-societe","21":"tag-urbanisme"},"share_on_mastodon":{"url":"https:\/\/pubeurope.com\/@fr\/114745395517753156","error":""},"_links":{"self":[{"href":"https:\/\/www.europesays.com\/fr\/wp-json\/wp\/v2\/posts\/203835","targetHints":{"allow":["GET"]}}],"collection":[{"href":"https:\/\/www.europesays.com\/fr\/wp-json\/wp\/v2\/posts"}],"about":[{"href":"https:\/\/www.europesays.com\/fr\/wp-json\/wp\/v2\/types\/post"}],"author":[{"embeddable":true,"href":"https:\/\/www.europesays.com\/fr\/wp-json\/wp\/v2\/users\/2"}],"replies":[{"embeddable":true,"href":"https:\/\/www.europesays.com\/fr\/wp-json\/wp\/v2\/comments?post=203835"}],"version-history":[{"count":0,"href":"https:\/\/www.europesays.com\/fr\/wp-json\/wp\/v2\/posts\/203835\/revisions"}],"wp:featuredmedia":[{"embeddable":true,"href":"https:\/\/www.europesays.com\/fr\/wp-json\/wp\/v2\/media\/203836"}],"wp:attachment":[{"href":"https:\/\/www.europesays.com\/fr\/wp-json\/wp\/v2\/media?parent=203835"}],"wp:term":[{"taxonomy":"category","embeddable":true,"href":"https:\/\/www.europesays.com\/fr\/wp-json\/wp\/v2\/categories?post=203835"},{"taxonomy":"post_tag","embeddable":true,"href":"https:\/\/www.europesays.com\/fr\/wp-json\/wp\/v2\/tags?post=203835"}],"curies":[{"name":"wp","href":"https:\/\/api.w.org\/{rel}","templated":true}]}}