{"id":203841,"date":"2025-06-25T18:24:19","date_gmt":"2025-06-25T18:24:19","guid":{"rendered":"https:\/\/www.europesays.com\/fr\/203841\/"},"modified":"2025-06-25T18:24:19","modified_gmt":"2025-06-25T18:24:19","slug":"les-propositions-sur-la-table","status":"publish","type":"post","link":"https:\/\/www.europesays.com\/fr\/203841\/","title":{"rendered":"les propositions sur la table"},"content":{"rendered":"<p>            Par<br \/>\n        <strong><br \/>\n            <a href=\"https:\/\/actu.fr\/auteur\/david-saint-sernin\" title=\"Consulter tous les articles de David Saint-Sernin\" rel=\"nofollow noopener\" target=\"_blank\">David Saint-Sernin<\/a><br \/>\n        <\/strong><\/p>\n<p>        Publi\u00e9 le<\/p>\n<p>            25 juin 2025 \u00e0 20h01        <\/p>\n<p>\u00c0 quoi ressemblera <a href=\"https:\/\/actu.fr\/occitanie\/toulouse_31555\/toulouse-la-place-jeanne-d-arc-va-etre-metamorphosee-voici-les-premieres-bases-du-projet_62320708.html\" rel=\"nofollow noopener\" target=\"_blank\">la place Jeanne-d\u2019Arc<\/a> en 2030 \u00e0 Toulouse ? Mercredi 25 juin 2025, la Ville a mis sur la table <strong>plusieurs propositions d\u2019am\u00e9nagement<\/strong>. Des options qu\u2019elle a pr\u00e9sent\u00e9es aux habitants lors d\u2019une r\u00e9union publique. Un projet de transformation de la place sur lequel<a href=\"https:\/\/actu.fr\/occitanie\/toulouse_31555\/toulouse-morcelee-moche-cette-place-va-etre-transformee-un-plan-lance-des-2024_60518772.html\" rel=\"nofollow noopener\" target=\"_blank\"> elle travaille depuis plusieurs mois<\/a> et qu\u2019elle va mettre <strong>en concertation jusqu\u2019au 21 juillet prochain.<\/strong><br \/>\u00ab\u00a0On rentre dans une deuxi\u00e8me phase de concertation jusqu\u2019au 21 juillet. La r\u00e9union publique marque le d\u00e9part de cette phase. On pr\u00e9sente quelques options en mati\u00e8re de v\u00e9g\u00e9talisation, d\u2019occupation de l\u2019espace public, de circulation et de fonctionnalit\u00e9s de la future place\u00a0\u00bb, r\u00e9sume<strong> Cl\u00e9ment Riquet, le maire de quartier.<\/strong> Le projet comprend \u00e9galement le r\u00e9am\u00e9nagement des <strong>rues Matabiau et Raymond IV<\/strong>. Les d\u00e9tails de ce qui a \u00e9t\u00e9 pr\u00e9sent\u00e9.<\/p>\n<p>Ce que les habitants veulent pour Jeanne-d\u2019Arc<\/p>\n<p class=\" wall-content\">\u00ab\u00a0Place bruyante\u00a0\u00bb, \u00ab\u00a0place de transit\u00a0\u00bb, \u00ab\u00a0place d\u00e9figur\u00e9e\u00a0\u00bb\u2026 Des qualificatifs assez n\u00e9gatifs sont r\u00e9guli\u00e8rement entendus sur la place Jeanne-d\u2019Arc. Et, dans le cadre de l\u2019arriv\u00e9e de la ligne C du m\u00e9tro fin 2028, et du d\u00e9m\u00e9nagement de la gare de bus qui s\u2019op\u00e9rera dans la foul\u00e9e, la Ville de Toulouse souhaite r\u00e9pondre au maximum de demandes des riverains, soit la \u00ab\u00a0v\u00e9g\u00e9talisation de la place\u00a0\u00bb, \u00ab\u00a0la lib\u00e9ration de l\u2019espace public pour les pi\u00e9tons\u00a0\u00bb, \u00ab\u00a0l\u2019am\u00e9lioration du sentiment de s\u00e9curit\u00e9\u00a0\u00bb, \u00ab\u00a0l\u2019installation d\u2019une structure p\u00e9renne pour faire de l\u2019ombre\u00a0\u00bb et \u00ab\u00a0la valorisation du patrimoine\u00a0\u00bb.<\/p>\n<p>Plusieurs options d\u2019am\u00e9nagements pr\u00e9sent\u00e9es<\/p>\n<p class=\" wall-content\">Sur la base d\u2019\u00e9tudes techniques qui ont permis de d\u00e9terminer ce qu\u2019il sera possible de faire avec la pr\u00e9sence d\u2019un parking souterrain et le passage important de lignes de bus sur place, la mairie <strong>a donc pr\u00e9sent\u00e9 plusieurs options.<\/strong><\/p>\n<p class=\" wall-content\">S\u2019il y a quelques mois, la Ville envisageait de supprimer la circulation sur la face nord de la place, celle situ\u00e9e du c\u00f4t\u00e9 de l\u2019immeuble Cr\u00e9dit Agricole, elle a pr\u00e9sent\u00e9, ce mercredi soir, un sc\u00e9nario diff\u00e9rent.\u00a0<\/p>\n<p>\u00celots v\u00e9g\u00e9taux sur l\u2019emprise du parking<\/p>\n<p class=\" wall-content\">\u00ab\u00a0On va planter un alignement d\u2019arbres au nord de la place, au niveau de l\u2019actuel trottoir. Puis, les \u00e9tudes techniques ayant montr\u00e9 qu\u2019il est possible de v\u00e9g\u00e9taliser sur l\u2019emprise du parking souterrain, nous avons opt\u00e9 pour laisser une voie de circulation sur cette face nord tout en proposant des \u00eelots v\u00e9g\u00e9taux sur la place\u00a0\u00bb, explique Cl\u00e9ment Riquet \u00e0 Actu Toulouse.\u00a0<\/p>\n<p class=\" wall-content\">\n    <img   decoding=\"async\" loading=\"lazy\" src=\"https:\/\/www.europesays.com\/fr\/wp-content\/uploads\/2025\/06\/capture-decran-2025-06-25-145829-960x640.png\" alt=\"Un des sc\u00e9narios pr\u00e9sent\u00e9s pour la future place Jeanne-d'Arc.\" width=\"960\" height=\"640\"\/><br \/>\n    Un des sc\u00e9narios pr\u00e9sent\u00e9s pour la future place Jeanne-d\u2019Arc. (\u00a9BAU\/MDP\/EGIS)<br \/>\n    <img   decoding=\"async\" loading=\"lazy\" src=\"https:\/\/www.europesays.com\/fr\/wp-content\/uploads\/2025\/06\/capture-decran-2025-06-25-150804-960x640.png\" alt=\"Un des sc\u00e9narios pr\u00e9sent\u00e9s pour la future place Jeanne-d'Arc le sc\u00e9nario 1.\" width=\"960\" height=\"640\"\/><br \/>\n    Un autre des sc\u00e9narios pr\u00e9sent\u00e9s pour la future place Jeanne-d\u2019Arc. (\u00a9BAU\/MDP\/EGIS)<\/p>\n<p>L\u2019installation d\u2019une pergola p\u00e9renne propos\u00e9e<\/p>\n<p class=\" wall-content\">Selon le sc\u00e9nario retenu, la Ville propose d\u2019installer une pergola \u00e0 l\u2019image de ce <a href=\"https:\/\/actu.fr\/occitanie\/toulouse_31555\/on-y-suffoque-tous-les-etes-une-vaste-pergola-doit-recouvrir-des-juin-cette-grande-place-de-toulouse_62411428.html\" rel=\"nofollow noopener\" target=\"_blank\">qu\u2019elle est en train de r\u00e9aliser \u00e0 Arnaud-Bernard<\/a>. Celle-ci viendrait remplacer la gare de bus actuelle. Elle pourrait \u00eatre \u00e9quip\u00e9e de brumisateurs.\u00a0<\/p>\n<p class=\" wall-content\">Dans le m\u00eame temps, la mairie va proposer l\u2019installation de jeux pour les enfants et de <strong>rendre les acc\u00e8s au parking souterrain plus discrets.<\/strong> Les b\u00e2timents actuels li\u00e9s au parking pourraient \u00eatre d\u00e9molis pour \u00eatre remplac\u00e9s par des b\u00e2timents moins massifs et donc plus harmonieux.<\/p>\n<p>Quels \u00e9v\u00e9nements sur la future place ?<\/p>\n<p class=\" wall-content\">Cette r\u00e9union a aussi permis d\u2019\u00e9voquer les futurs \u00e9v\u00e9nements qui pourraient se tenir sur la place, qui selon les choix, n\u00e9cessiteront des am\u00e9nagements adapt\u00e9s. \u00ab\u00a0Pourra-t-elle servir pour des concerts, la tenue de march\u00e9s, de s\u00e9ances de cin\u00e9ma en plein air ?\u00a0\u00bb, se demande Cl\u00e9ment Riquet. Toutes les possibilit\u00e9s sont sur la table.<\/p>\n<p>Deux rues importantes r\u00e9am\u00e9nag\u00e9es<\/p>\n<p class=\" wall-content\">L\u2019am\u00e9nagement de la place Jeanne-d\u2019Arc va \u00eatre pens\u00e9 en lien avec la circulation, et donc le devenir de deux autres rues : les rues Matabiau et Raymond IV qui font le lien entre le centre-ville et le canal du Midi.\u00a0<\/p>\n<p>    <img   decoding=\"async\" loading=\"lazy\" src=\"https:\/\/www.europesays.com\/fr\/wp-content\/uploads\/2025\/06\/20250303-170840-960x640.jpg\" alt=\"Sans arbre, expos\u00e9e au soleil, la rue Matabiau est l'une des rues les plus suffocantes de Toulouse. \" width=\"960\" height=\"640\"\/><br \/>\n    Sans arbre, expos\u00e9e au soleil, la rue Matabiau est l\u2019une des rues les plus suffocantes de Toulouse. (\u00a9David Saint-Sernin\/Actu Toulouse)<\/p>\n<p class=\" wall-content\">Pour la rue Matabiau, le passage \u00e0 un sens unique (\u00e0 l\u2019heure actuelle, les v\u00e9hicules arrivent depuis le canal du midi vers le centre-ville et les bus se dirigent vers le canal du Midi, NDLR) est envisag\u00e9, quel que soit le sens de circulation. Le but est de restreindre les voies de circulation, d\u2019agrandir les trottoirs et de v\u00e9g\u00e9taliser cette art\u00e8re qui figure parmi les plus \u00e9touffantes de Toulouse au vu de son exposition et de l\u2019importante circulation. Les trois sc\u00e9narios envisag\u00e9s proposent tous la mise \u00e0 sens unique, la cr\u00e9ation d\u2019une piste cyclable et des plantations d\u2019arbres, mais dans des configurations diff\u00e9rentes.<\/p>\n<p>    <img   decoding=\"async\" loading=\"lazy\" src=\"https:\/\/www.europesays.com\/fr\/wp-content\/uploads\/2025\/06\/capture-decran-2025-06-25-155915-960x640.png\" alt=\"Les rues Matabiau et Raymond IV doivent \u00eatre v\u00e9g\u00e9talis\u00e9es dans le cadre du r\u00e9am\u00e9nagement de la place Jeanne d'Arc. Elles feront \u00e9cho \u00e0 l'am\u00e9ngement de la rue Bayard (en bas sur la plan, NDLR) r\u00e9alis\u00e9 en 2016. \" width=\"960\" height=\"640\"\/><br \/>\n    Les rues Matabiau et Raymond IV doivent \u00eatre v\u00e9g\u00e9talis\u00e9es dans le cadre du r\u00e9am\u00e9nagement de la place Jeanne d\u2019Arc. Elles feront \u00e9cho \u00e0 l\u2019am\u00e9nagement de la rue Bayard (en bas sur le plan, NDLR) r\u00e9alis\u00e9 en 2016. (\u00a9BAU\/MDP\/EGIS)<\/p>\n<p class=\" wall-content\">\u00ab\u00a0Sur la rue Raymond IV, il y a aussi une forte demande des habitants qui veulent qu\u2019elle soit, \u00e0 l\u2019avenir, v\u00e9g\u00e9talis\u00e9e\u00a0\u00bb, assure Cl\u00e9ment Riquet.<\/p>\n<p class=\" wall-content\"><strong>Les travaux doivent d\u00e9buter en 2029<\/strong>, apr\u00e8s la mise en service de la ligne C de m\u00e9tro.<\/p>\n<p class=\" wall-content\">Suivez toute l\u2019actualit\u00e9 de vos villes et m\u00e9dias favoris en vous inscrivant \u00e0 <a href=\"https:\/\/moncompte.actu.fr\" title=\"D\u00e9couvez Mon Actu\" rel=\"nofollow noopener\" data-trk=\"{&quot;cta&quot;:{&quot;action&quot;:&quot;https:\\\/\\\/moncompte.actu.fr&quot;,&quot;category&quot;:&quot;mon compte&quot;,&quot;from&quot;:&quot;article footer&quot;,&quot;name&quot;:&quot;Mon actu&quot;,&quot;type&quot;:&quot;cta&quot;}}\" target=\"_blank\">Mon Actu<\/a>.<\/p>\n","protected":false},"excerpt":{"rendered":"Par David Saint-Sernin Publi\u00e9 le 25 juin 2025 \u00e0 20h01 \u00c0 quoi ressemblera la place Jeanne-d\u2019Arc en 2030&hellip;\n","protected":false},"author":2,"featured_media":203842,"comment_status":"","ping_status":"","sticky":false,"template":"","format":"standard","meta":{"footnotes":""},"categories":[2816],"tags":[1111,11,436,1777,674,1011,27,12,2680,25,104,2312,1352],"class_list":{"0":"post-203841","1":"post","2":"type-post","3":"status-publish","4":"format-standard","5":"has-post-thumbnail","7":"category-toulouse","8":"tag-actu","9":"tag-actualites","10":"tag-environnement","11":"tag-eu","12":"tag-europe","13":"tag-fr","14":"tag-france","15":"tag-news","16":"tag-occitanie","17":"tag-republique-francaise","18":"tag-societe","19":"tag-toulouse","20":"tag-urbanisme"},"share_on_mastodon":{"url":"https:\/\/pubeurope.com\/@fr\/114745407509761357","error":""},"_links":{"self":[{"href":"https:\/\/www.europesays.com\/fr\/wp-json\/wp\/v2\/posts\/203841","targetHints":{"allow":["GET"]}}],"collection":[{"href":"https:\/\/www.europesays.com\/fr\/wp-json\/wp\/v2\/posts"}],"about":[{"href":"https:\/\/www.europesays.com\/fr\/wp-json\/wp\/v2\/types\/post"}],"author":[{"embeddable":true,"href":"https:\/\/www.europesays.com\/fr\/wp-json\/wp\/v2\/users\/2"}],"replies":[{"embeddable":true,"href":"https:\/\/www.europesays.com\/fr\/wp-json\/wp\/v2\/comments?post=203841"}],"version-history":[{"count":0,"href":"https:\/\/www.europesays.com\/fr\/wp-json\/wp\/v2\/posts\/203841\/revisions"}],"wp:featuredmedia":[{"embeddable":true,"href":"https:\/\/www.europesays.com\/fr\/wp-json\/wp\/v2\/media\/203842"}],"wp:attachment":[{"href":"https:\/\/www.europesays.com\/fr\/wp-json\/wp\/v2\/media?parent=203841"}],"wp:term":[{"taxonomy":"category","embeddable":true,"href":"https:\/\/www.europesays.com\/fr\/wp-json\/wp\/v2\/categories?post=203841"},{"taxonomy":"post_tag","embeddable":true,"href":"https:\/\/www.europesays.com\/fr\/wp-json\/wp\/v2\/tags?post=203841"}],"curies":[{"name":"wp","href":"https:\/\/api.w.org\/{rel}","templated":true}]}}