{"id":203847,"date":"2025-06-25T18:27:11","date_gmt":"2025-06-25T18:27:11","guid":{"rendered":"https:\/\/www.europesays.com\/fr\/203847\/"},"modified":"2025-06-25T18:27:11","modified_gmt":"2025-06-25T18:27:11","slug":"tour-de-france-2025-ilevia-renforce-son-offre","status":"publish","type":"post","link":"https:\/\/www.europesays.com\/fr\/203847\/","title":{"rendered":"[Tour de France 2025] il\u00e9via renforce son offre"},"content":{"rendered":"<p style=\"text-align: justify;\"><strong>Jeudi 03<\/strong> et <strong>samedi 05 juillet 2025,<\/strong> la <strong>M\u00e9tropole Europ\u00e9enne de Lille <\/strong>va <strong>vivre au rythme<\/strong> du <strong>Tour de France 2025<\/strong> \u00e0 l\u2019occasion de <strong>deux rendez-vous majeurs : <\/strong>la <strong>pr\u00e9sentation des \u00e9quipes,<\/strong> puis le <strong>d\u00e9part <\/strong>et <strong>l\u2019arriv\u00e9e de la premi\u00e8re \u00e9tape de la course.<\/strong> Pour <strong>permettre aux M\u00e9tropolitains<\/strong> de<strong> participer aux festivit\u00e9s,<\/strong> <strong>il\u00e9via renforce son offre sur l\u2019ensemble du r\u00e9seau.<\/strong><\/p>\n<p style=\"text-align: justify;\">M\u00e9tro &amp; Tramway renforc\u00e9s <br \/><strong>Le jeudi 03 juillet 2025, <\/strong>le <strong>m\u00e9tro <\/strong>sera <strong>renforc\u00e9 en journ\u00e9e<\/strong> sur les <strong>deux lignes,<\/strong> avec une <strong>fr\u00e9quence d\u2019une rame toutes les 1min20 \u00e0 2min<\/strong> sur la<strong> ligne 1<\/strong> et <strong>toutes les 1min40 \u00e0 3min <\/strong>sur la <strong>ligne 2.<\/strong><\/p>\n<p style=\"text-align: justify;\"><strong>Le samedi 05 juillet 2025,<\/strong> le <strong>m\u00e9tro <\/strong>sera <strong>renforc\u00e9 en journ\u00e9e,<\/strong> sur les <strong>deux lignes,<\/strong> avec une <strong>fr\u00e9quence d\u2019une rame toutes les 1min40 \u00e0 2min30<\/strong> sur la <strong>ligne 1 <\/strong>et <strong>toutes les 2min \u00e0 3min <\/strong>sur la <strong>ligne 2, en journ\u00e9e.<\/strong> La <strong>circulation sera prolong\u00e9e d\u2019une heure en soir\u00e9e,<\/strong> avec <strong>un dernier d\u00e9part \u00e0 1h30 <\/strong>de la<strong> Gare Lille Flandres<\/strong> dans <strong>toutes les directions<\/strong> et sur les <strong>deux lignes.<\/strong><\/p>\n<p style=\"text-align: justify;\">L\u2019offre <strong>tramway <\/strong>sera <strong>renforc\u00e9e en temps r\u00e9el en fonction de l\u2019affluence sur le tronc commun <\/strong>le jeudi<strong> 03 juillet 2025 <\/strong>et le<strong> samedi 05 juillet 2025<\/strong>. <strong>En soir\u00e9e,<\/strong> <strong>l\u2019amplitude horaire sera \u00e9tendue d\u2019une heure<\/strong> le <strong>05 juillet 2025,<\/strong> avec <strong>un dernier d\u00e9part de Gare Lille Flandres \u00e0 1h25<\/strong> direction <strong>Roubaix<\/strong> et <strong>1h35<\/strong> direction <strong>Tourcoing.<\/strong><\/p>\n<p style=\"text-align: justify;\">Bus <br \/><strong>Le jeudi 03 juillet 2025,<\/strong> <strong>toutes les lignes<\/strong> autour de <strong>Gare Lille Flandres<\/strong> seront <strong>d\u00e9vi\u00e9es via Gare Lille Europe.<\/strong><\/p>\n<p>Il n\u2019y aura <strong>aucune desserte de R\u00e9publique Beaux-Arts.<\/strong><\/p>\n<p><a href=\"https:\/\/www.europesays.com\/fr\/wp-content\/uploads\/2025\/06\/plan_bus_03_juillet_2025.webp.webp\" target=\"_blank\" rel=\"noreferrer noopener\"><img loading=\"lazy\" decoding=\"async\" width=\"800\" height=\"748\" src=\"https:\/\/www.europesays.com\/fr\/wp-content\/uploads\/2025\/06\/plan_bus_03_juillet_2025.webp.webp\" alt=\"\" class=\"wp-image-85742\" style=\"aspect-ratio:1.0695187165775402;width:400px\"  \/><\/a><\/p>\n<p style=\"text-align: center;\">Plan bus du jeudi 03 juillet 2025<\/p>\n<p style=\"text-align: justify;\">Le <strong>samedi 05 juillet 2025, <\/strong>des <strong>d\u00e9viations sont \u00e0 pr\u00e9voir <\/strong><strong>en fonction de l\u2019itin\u00e9raire emprunt\u00e9 par les coureurs,<\/strong> notamment dans le <strong>secteur de Lille centre, le Sud de Lille <\/strong>et le<strong> secteur d\u2019Armenti\u00e8res.<\/strong><\/p>\n<tr>\n<td class=\"has-text-align-center\" data-align=\"center\"><a href=\"https:\/\/www.europesays.com\/fr\/wp-content\/uploads\/2025\/06\/plan_bus_05_juillet_2025.webp.webp\" target=\"_blank\" rel=\"noreferrer noopener\"><img loading=\"lazy\" decoding=\"async\" width=\"800\" height=\"748\" class=\"wp-image-85743\" style=\"width: 500px;\" src=\"https:\/\/www.europesays.com\/fr\/wp-content\/uploads\/2025\/06\/plan_bus_05_juillet_2025.webp.webp\" alt=\"\"  \/><\/a><\/td>\n<td><a href=\"https:\/\/www.europesays.com\/fr\/wp-content\/uploads\/2025\/06\/plan_bus_03_juillet_2025.webp.webp\" target=\"_blank\" rel=\"noreferrer noopener\"><img decoding=\"async\" loading=\"lazy\" width=\"800\" height=\"748\" class=\"wp-image-85742\" style=\"width: 500px;\" src=\"https:\/\/www.europesays.com\/fr\/wp-content\/uploads\/2025\/06\/plan_bus_03_juillet_2025.webp.webp\" alt=\"\"  \/><\/a><\/td>\n<\/tr>\n<p style=\"text-align: center;\">Plan bus du samedi 05 juillet 2025<\/p>\n<p style=\"text-align: justify;\">V\u2019Lille et Parc Relais <br \/>Les <strong>stations V\u2019lille<\/strong> situ\u00e9es <strong>le long de la parade <\/strong>et <strong>du parcours du Tour de France <\/strong>seront <strong>ferm\u00e9es. <\/strong><strong>Certaines fermetures interviendront d\u00e8s le 01 juillet 2025. <\/strong>Les <strong>autres stations du r\u00e9seau V\u2019lille<\/strong> resteront <strong>accessibles.<\/strong><\/p>\n<p style=\"text-align: justify;\">Les <strong>12 P+R r\u00e9serv\u00e9s aux clients du r\u00e9seau il\u00e9via <\/strong>et disposant d\u2019un total de <strong>5 304 places,<\/strong> permettront aux<strong> voyageurs de stationner aux <\/strong><strong>portes de Lille<\/strong> pour <strong>rejoindre facilement le centre-ville. <\/strong>Les<strong> gares d\u2019Armenti\u00e8res, Don, Seclin<\/strong> et <strong>La Bass\u00e9e<\/strong> disposent \u00e9galement de <strong>parcs-relais, ouverts 30min avant<\/strong> et <strong>apr\u00e8s les premiers et derniers TER.<\/strong><\/p>\n<p style=\"text-align: justify;\">Les \u00e9quipes d\u2019il\u00e9via mobilis\u00e9es pour l\u2019occasion <br \/><strong>Il\u00e9via <\/strong>sera au <strong>rendez-vous de ce grand \u00e9v\u00e9nement sur le terrain, <\/strong>avec<strong> un dispositif sp\u00e9cial <\/strong>pour <strong>accompagner au plus pr\u00e8s les voyageurs.<\/strong><\/p>\n<p style=\"text-align: justify;\"><strong>En station,<\/strong> des<strong> annonces sonores<\/strong> et <strong>une signal\u00e9tique<\/strong> <strong>d\u00e9di\u00e9e <\/strong>seront<strong> mises en place<\/strong> pour<strong> informer<\/strong> et <strong>accompagner les voyageurs<\/strong> lors de <strong>leurs d\u00e9placements.<\/strong> Des <strong>affichages aux arr\u00eats de bus<\/strong> pr\u00e9viendront \u00e9galement des <strong>d\u00e9viations programm\u00e9es sur le r\u00e9seau.<\/strong> Sur la <strong>ligne 2, <\/strong>les <strong>voyageurs <\/strong>pourront \u00e9galement <strong>suivre l\u2019arriv\u00e9e des rames en temps r\u00e9els<\/strong> sur les <strong>nouveaux \u00e9crans num\u00e9riques \u00e0 quai.<\/strong><\/p>\n<p style=\"text-align: justify;\"><strong>Les \u00e9quipes de terrain<\/strong> seront<strong> renforc\u00e9es sur les deux dates,<\/strong> pour <strong>faciliter la gestion des flux de visiteurs<\/strong><br \/>et<strong> les orienter,<\/strong> afin de <strong>simplifier leurs d\u00e9placements<\/strong> et <strong>renforcer la s\u00e9curit\u00e9 sur l\u2019ensemble du r\u00e9seau.<\/strong><\/p>\n<p style=\"text-align: justify;\">Des<strong> vendeurs voltigeurs<\/strong> seront pr\u00e9sents <strong>en diff\u00e9rents points pour am\u00e9liorer l\u2019exp\u00e9rience voyageurs<\/strong> et<br \/><strong>\u00e9viter une trop longue attente lors de l\u2019achat de titres de transport.<\/strong><\/p>\n<p style=\"text-align: justify;\"><strong>il\u00e9via recommande aux voyageurs<\/strong> de <strong>consulter l\u2019info trafic en temps r\u00e9el le jour J,<\/strong> sur <strong>l\u2019application il\u00e9via <\/strong>ou sur le <a href=\"https:\/\/www.ilevia.fr\/\" target=\"_blank\" rel=\"noreferrer noopener\">site ilevia.fr<\/a>, et <strong>d\u2019anticiper leurs d\u00e9placements.<\/strong><\/p>\n<p class=\"has-text-align-right\">Source : Il\u00e9via \u2013 Photo : \u00a9 Zoom Sur Lille<\/p>\n","protected":false},"excerpt":{"rendered":"Jeudi 03 et samedi 05 juillet 2025, la M\u00e9tropole Europ\u00e9enne de Lille va vivre au rythme du Tour&hellip;\n","protected":false},"author":2,"featured_media":203848,"comment_status":"","ping_status":"","sticky":false,"template":"","format":"standard","meta":{"footnotes":""},"categories":[2815],"tags":[34280,34281,1111,11,7048,1777,674,1011,27,811,4288,1307,4047,12,25,210,2116,4109],"class_list":{"0":"post-203847","1":"post","2":"type-post","3":"status-publish","4":"format-standard","5":"has-post-thumbnail","7":"category-lille","8":"tag-03-juillet-2025","9":"tag-05-juillet-2025","10":"tag-actu","11":"tag-actualites","12":"tag-bus","13":"tag-eu","14":"tag-europe","15":"tag-fr","16":"tag-france","17":"tag-hauts-de-france","18":"tag-ilevia","19":"tag-lille","20":"tag-metro","21":"tag-news","22":"tag-republique-francaise","23":"tag-tour-de-france","24":"tag-tour-de-france-2025","25":"tag-tramway"},"share_on_mastodon":{"url":"https:\/\/pubeurope.com\/@fr\/114745419060024968","error":""},"_links":{"self":[{"href":"https:\/\/www.europesays.com\/fr\/wp-json\/wp\/v2\/posts\/203847","targetHints":{"allow":["GET"]}}],"collection":[{"href":"https:\/\/www.europesays.com\/fr\/wp-json\/wp\/v2\/posts"}],"about":[{"href":"https:\/\/www.europesays.com\/fr\/wp-json\/wp\/v2\/types\/post"}],"author":[{"embeddable":true,"href":"https:\/\/www.europesays.com\/fr\/wp-json\/wp\/v2\/users\/2"}],"replies":[{"embeddable":true,"href":"https:\/\/www.europesays.com\/fr\/wp-json\/wp\/v2\/comments?post=203847"}],"version-history":[{"count":0,"href":"https:\/\/www.europesays.com\/fr\/wp-json\/wp\/v2\/posts\/203847\/revisions"}],"wp:featuredmedia":[{"embeddable":true,"href":"https:\/\/www.europesays.com\/fr\/wp-json\/wp\/v2\/media\/203848"}],"wp:attachment":[{"href":"https:\/\/www.europesays.com\/fr\/wp-json\/wp\/v2\/media?parent=203847"}],"wp:term":[{"taxonomy":"category","embeddable":true,"href":"https:\/\/www.europesays.com\/fr\/wp-json\/wp\/v2\/categories?post=203847"},{"taxonomy":"post_tag","embeddable":true,"href":"https:\/\/www.europesays.com\/fr\/wp-json\/wp\/v2\/tags?post=203847"}],"curies":[{"name":"wp","href":"https:\/\/api.w.org\/{rel}","templated":true}]}}