{"id":203855,"date":"2025-06-25T18:31:25","date_gmt":"2025-06-25T18:31:25","guid":{"rendered":"https:\/\/www.europesays.com\/fr\/203855\/"},"modified":"2025-06-25T18:31:25","modified_gmt":"2025-06-25T18:31:25","slug":"lyon-le-double-reniement-de-gregory-doucet-aux-obseques-de-bernard-lacombe","status":"publish","type":"post","link":"https:\/\/www.europesays.com\/fr\/203855\/","title":{"rendered":"Lyon. Le double reniement de Gr\u00e9gory Doucet aux obs\u00e8ques de Bernard Lacombe &#8211;"},"content":{"rendered":"<p>\t\t\t\t<img fetchpriority=\"high\" decoding=\"async\" width=\"900\" height=\"600\" src=\"https:\/\/www.europesays.com\/fr\/wp-content\/uploads\/2025\/06\/Gregory-Doucet-02-photo-Pascal-Pierart.jpg\" alt=\"\" title=\"Gr\u00e9gory Doucet 02 photo Pascal Pi\u00e9rart\"   class=\"wp-image-161316\"\/><\/p>\n<p>Le petit Gr\u00e9gory pris en flag \u00e0 son d\u00e9part de l&rsquo;\u00e9glise qu&rsquo;il a quitt\u00e9e par une porte d\u00e9rob\u00e9e. \u00ab\u00a0J&rsquo;ai du courir derri\u00e8re la voiture\u00a0\u00bb r\u00e9v\u00e8le le photographe Pascal Pi\u00e9rart. <\/p>\n<p><strong>Texte\u00a0: Marco Polisson <\/strong>\u2013 L\u2019\u00e9ph\u00e9(maire) de Lyon s\u2019est doublement ridiculis\u00e9 pour le dernier adieu \u00e0 la l\u00e9gende de l\u2019OL. Nonne resquiecat in pace.<\/p>\n<p>Vous d\u00e9couvrirez demain matin sur cette antenne notre reportage complet consacr\u00e9 aux obs\u00e8ques de <strong>Bernard Lacombe<\/strong>, <a href=\"https:\/\/www.lyonpeople.com\/actualites-lyon\/actualites-sportives\/deces-de-bernard-lacombe-a-jamais-derriere-ce-blason-frappe-du-lion-2025-06-18.html\" target=\"_blank\" rel=\"noopener\"><strong>d\u00e9c\u00e9d\u00e9 la semaine derni\u00e8re<\/strong><\/a>. Mais nous ne pouvions vous faire patienter plus longtemps quant \u00e0 la fourberie de la journ\u00e9e, \u00e0 savoir la double peine que s\u2019est inflig\u00e9e le petit Gr\u00e9gory \u00e0 cette occasion.<\/p>\n<p><img loading=\"lazy\" decoding=\"async\" aria-describedby=\"caption-attachment-161320\" class=\"wp-image-161320 size-full\" src=\"data:image\/svg+xml,%3Csvg%20xmlns=\" http:=\"\" alt=\"\" width=\"900\" height=\"629\" data-lazy- data-lazy- data-lazy-src=\"https:\/\/www.europesays.com\/fr\/wp-content\/uploads\/2025\/06\/Gregory-Doucet-voiture-chauffeur-photo-Pascal-Pierart-1.jpg\"\/><\/p>\n<p id=\"caption-attachment-161320\" class=\"wp-caption-text\">Photo Pascal Pi\u00e9rart<\/p>\n<p><strong>Premier reniement. La voiture climatis\u00e9e avec chauffeur et gyrophare<br \/><\/strong>Fontaines n\u2019est qu\u2019\u00e0 un jet de pierres de Lyon, et il suffit de remonter la Sa\u00f4ne pour tomber pile poil sur l\u2019\u00e9glise de Fontaines. M\u00eame s\u2019il ne connait pas Lyon, Gr\u00e9gory Doucet aurait donc d\u00fb s\u2019y rendre \u00e0 bicyclette pour \u00eatre raccord avec la politique qu\u2019il veut l\u2019imposer aux Grands Lyonnais depuis 5 ans\u2026 Mais, non, il a fait sien \u00ab\u00a0l\u2019\u00e9go\u00efsme\u00a0\u00bb que lui et ses adjoints reprochent aux vroomers.<\/p>\n<p><img loading=\"lazy\" decoding=\"async\" aria-describedby=\"caption-attachment-161322\" class=\"wp-image-161322 size-full\" src=\"data:image\/svg+xml,%3Csvg%20xmlns=\" http:=\"\" alt=\"\" width=\"900\" height=\"620\" data-lazy- data-lazy- data-lazy-src=\"https:\/\/www.europesays.com\/fr\/wp-content\/uploads\/2025\/06\/Doucet-Lacombe.jpg\"\/><\/p>\n<p id=\"caption-attachment-161322\" class=\"wp-caption-text\">Capture d\u2019\u00e9cran France 3<\/p>\n<p><strong>Second reniement. Il est rentr\u00e9 dans l\u2019\u00e9glise<br \/><\/strong>My God ! Alors que certaines anciennes vedettes de l\u2019OL ont pr\u00e9f\u00e9r\u00e9 rester \u00e0 l\u2019ext\u00e9rieur de l\u2019\u00e9difice catholique, Gr\u00e9gory Doucet a grimp\u00e9 quatre \u00e0 quatre le perron de l\u2019\u00e9glise Saint Louis pour s\u2019installer dans le carr\u00e9 VIP \u00e0 c\u00f4t\u00e9 de Raymond Domenech et Bruno Genesio. Une attitude qui fait glousser apr\u00e8s ses caprices r\u00e9p\u00e9t\u00e9s pour ne pas p\u00e9n\u00e9trer dans la basilique de Fourvi\u00e8re \u00e0 l\u2019occasion du v\u0153u des \u00e9chevins\u2026<\/p>\n<p>Lyon vaut bien une messe (assoupie). Voil\u00e0 r\u00e9sum\u00e9e la double escrologie de la journ\u00e9e. A suivre\u2026.<\/p>\n","protected":false},"excerpt":{"rendered":"Le petit Gr\u00e9gory pris en flag \u00e0 son d\u00e9part de l&rsquo;\u00e9glise qu&rsquo;il a quitt\u00e9e par une porte d\u00e9rob\u00e9e.&hellip;\n","protected":false},"author":2,"featured_media":203856,"comment_status":"","ping_status":"","sticky":false,"template":"","format":"standard","meta":{"footnotes":""},"categories":[1889],"tags":[4257,1111,11,2430,34222,1777,674,1011,27,5226,2428,12,25],"class_list":{"0":"post-203855","1":"post","2":"type-post","3":"status-publish","4":"format-standard","5":"has-post-thumbnail","7":"category-lyon","8":"tag-0top","9":"tag-actu","10":"tag-actualites","11":"tag-auvergne-rhone-alpes","12":"tag-bernard-lacombe","13":"tag-eu","14":"tag-europe","15":"tag-fr","16":"tag-france","17":"tag-gregory-doucet","18":"tag-lyon","19":"tag-news","20":"tag-republique-francaise"},"share_on_mastodon":{"url":"https:\/\/pubeurope.com\/@fr\/114745434816912963","error":""},"_links":{"self":[{"href":"https:\/\/www.europesays.com\/fr\/wp-json\/wp\/v2\/posts\/203855","targetHints":{"allow":["GET"]}}],"collection":[{"href":"https:\/\/www.europesays.com\/fr\/wp-json\/wp\/v2\/posts"}],"about":[{"href":"https:\/\/www.europesays.com\/fr\/wp-json\/wp\/v2\/types\/post"}],"author":[{"embeddable":true,"href":"https:\/\/www.europesays.com\/fr\/wp-json\/wp\/v2\/users\/2"}],"replies":[{"embeddable":true,"href":"https:\/\/www.europesays.com\/fr\/wp-json\/wp\/v2\/comments?post=203855"}],"version-history":[{"count":0,"href":"https:\/\/www.europesays.com\/fr\/wp-json\/wp\/v2\/posts\/203855\/revisions"}],"wp:featuredmedia":[{"embeddable":true,"href":"https:\/\/www.europesays.com\/fr\/wp-json\/wp\/v2\/media\/203856"}],"wp:attachment":[{"href":"https:\/\/www.europesays.com\/fr\/wp-json\/wp\/v2\/media?parent=203855"}],"wp:term":[{"taxonomy":"category","embeddable":true,"href":"https:\/\/www.europesays.com\/fr\/wp-json\/wp\/v2\/categories?post=203855"},{"taxonomy":"post_tag","embeddable":true,"href":"https:\/\/www.europesays.com\/fr\/wp-json\/wp\/v2\/tags?post=203855"}],"curies":[{"name":"wp","href":"https:\/\/api.w.org\/{rel}","templated":true}]}}