{"id":203876,"date":"2025-06-25T18:42:21","date_gmt":"2025-06-25T18:42:21","guid":{"rendered":"https:\/\/www.europesays.com\/fr\/203876\/"},"modified":"2025-06-25T18:42:21","modified_gmt":"2025-06-25T18:42:21","slug":"france-espoirs-les-compos-officielles-de-la-demi-finale-de-leuro","status":"publish","type":"post","link":"https:\/\/www.europesays.com\/fr\/203876\/","title":{"rendered":"France Espoirs : les compos officielles de la demi-finale de l\u2019Euro"},"content":{"rendered":"<p>Zapping Foot National Laure Boulleau : \u00ab J\u2019imagine une s\u00e9quence o\u00f9 Mbapp\u00e9 parle d\u2019un match des Bleues \u2026 \u00bb <\/p>\n<p>Le grand favori de la comp\u00e9tition face \u00e0 une nation qui sous-performe depuis sa cr\u00e9ation. Ce mercredi 25 juin (21h), l\u2019\u00c9quipe de France Espoirs affronte effectivement l\u2019Allemagne sur la pelouse de la Kosicka Futbalova Arena de Kosice (Slovaquie) dans le cadre des demi-finales de l\u2019Euro Espoirs. Une rencontre qui pourrait permettre \u00e0 G\u00e9rald Baticle et ses hommes de se hisser en finale, o\u00f9 ils <strong>affronteraient<\/strong> ? Pour tenter d\u2019aller chercher une finale, les Bleuets se pr\u00e9sentent avec leur \u00e9quipe type. Sans plus tarder, d\u00e9couvrez les compositions d\u2019\u00e9quipes choisies par les deux s\u00e9lectionneurs pour d\u00e9marrer cette demi-finale de l\u2019Euro Espoirs.\u00a0<\/p>\n<p><a href=\"https:\/\/www.foot-national.com\/espoirs\/u19-feminines-et-espoirs-en-demi-finales-le-foot-francais-a-laube-de-nouvelles-gloires-917375\" data-cke-saved-href=\"https:\/\/www.foot-national.com\/espoirs\/u19-feminines-et-espoirs-en-demi-finales-le-foot-francais-a-laube-de-nouvelles-gloires-917375\" data-cke-saved- rel=\"nofollow noopener\" target=\"_blank\">U19 f\u00e9minines et Espoirs en demi-finales, le foot fran\u00e7ais \u00e0 l\u2019aube de nouvelles gloires ?<\/a><\/p>\n<p>Les compos<\/p>\n<p>FRA : Restes &#8211; Sildillia, Magassa, Lukeba, Merlin (cap.) &#8211; Lepenant, Doukour\u00e9, D. Ciss\u00e9 &#8211; Odobert, Tel, Abline.<\/p>\n<p>ALL : Atubolu &#8211; Collins, Rosenfelder, Arrey-Mbi, Brown &#8211; Reitz, Martel (cap.), Nebel &#8211; Knauff, Weiper, Woltemade.<\/p>\n<p>Partagez cette info avec vos amis et vos proches en cliquant ici<br \/>Pour r\u00e9sumer<\/p>\n<p>Le grand favori de la comp\u00e9tition face \u00e0 une nation qui sous-performe depuis sa cr\u00e9ation. Ce mercredi 25 juin (21h), l\u2019\u00c9quipe de France Espoirs affronte effectivement l\u2019Allemagne sur la pelouse de la Kosicka Futbalova Arena de Kosice (Slovaquie) dans le cadre des demi-finales de l\u2019Euro Espoirs.<\/p>\n<p> <img decoding=\"async\" width=\"76\" height=\"76\" loading=\"lazy\" src=\"https:\/\/static.wui.fr\/images_v3\/avatar-footnational.png\" alt=\"Youcef Ghalaza-Boudra\"\/><\/p>\n","protected":false},"excerpt":{"rendered":"Zapping Foot National Laure Boulleau : \u00ab J\u2019imagine une s\u00e9quence o\u00f9 Mbapp\u00e9 parle d\u2019un match des Bleues \u2026&hellip;\n","protected":false},"author":2,"featured_media":203877,"comment_status":"","ping_status":"","sticky":false,"template":"","format":"standard","meta":{"footnotes":""},"categories":[1587],"tags":[11,672,1804,1805,1803,1777,674,1801,12,1802],"class_list":{"0":"post-203876","1":"post","2":"type-post","3":"status-publish","4":"format-standard","5":"has-post-thumbnail","7":"category-allemagne","8":"tag-actualites","9":"tag-allemagne","10":"tag-bundesrepublik-deutschland","11":"tag-de","12":"tag-deutschland","13":"tag-eu","14":"tag-europe","15":"tag-germany","16":"tag-news","17":"tag-republique-federale-dallemagne"},"share_on_mastodon":{"url":"https:\/\/pubeurope.com\/@fr\/114745477963041443","error":""},"_links":{"self":[{"href":"https:\/\/www.europesays.com\/fr\/wp-json\/wp\/v2\/posts\/203876","targetHints":{"allow":["GET"]}}],"collection":[{"href":"https:\/\/www.europesays.com\/fr\/wp-json\/wp\/v2\/posts"}],"about":[{"href":"https:\/\/www.europesays.com\/fr\/wp-json\/wp\/v2\/types\/post"}],"author":[{"embeddable":true,"href":"https:\/\/www.europesays.com\/fr\/wp-json\/wp\/v2\/users\/2"}],"replies":[{"embeddable":true,"href":"https:\/\/www.europesays.com\/fr\/wp-json\/wp\/v2\/comments?post=203876"}],"version-history":[{"count":0,"href":"https:\/\/www.europesays.com\/fr\/wp-json\/wp\/v2\/posts\/203876\/revisions"}],"wp:featuredmedia":[{"embeddable":true,"href":"https:\/\/www.europesays.com\/fr\/wp-json\/wp\/v2\/media\/203877"}],"wp:attachment":[{"href":"https:\/\/www.europesays.com\/fr\/wp-json\/wp\/v2\/media?parent=203876"}],"wp:term":[{"taxonomy":"category","embeddable":true,"href":"https:\/\/www.europesays.com\/fr\/wp-json\/wp\/v2\/categories?post=203876"},{"taxonomy":"post_tag","embeddable":true,"href":"https:\/\/www.europesays.com\/fr\/wp-json\/wp\/v2\/tags?post=203876"}],"curies":[{"name":"wp","href":"https:\/\/api.w.org\/{rel}","templated":true}]}}