{"id":203878,"date":"2025-06-25T18:43:09","date_gmt":"2025-06-25T18:43:09","guid":{"rendered":"https:\/\/www.europesays.com\/fr\/203878\/"},"modified":"2025-06-25T18:43:09","modified_gmt":"2025-06-25T18:43:09","slug":"donald-trump-dicte-leurope-sexecute-lotan-pris-dans-la-spirale-du-rearmement-impose-par-washington","status":"publish","type":"post","link":"https:\/\/www.europesays.com\/fr\/203878\/","title":{"rendered":"Donald Trump dicte, l\u2019Europe s\u2019ex\u00e9cute\u00a0: l\u2019Otan pris dans la spirale du r\u00e9armement impos\u00e9 par Washington"},"content":{"rendered":"<p>L\u2019atlantisme nouveau sera trumpien. Et il va rapidement monter en cadence : les \u00c9tats membres de l\u2019Alliance atlantique (Otan) se sont accord\u00e9s sur une hausse de leurs d\u00e9penses militaires pour les porter \u00e0 5\u00a0% de leur produit int\u00e9rieur brut (PIB). Soit +\u00a03,5\u00a0% de d\u00e9penses purement militaires et +\u00a01,5\u00a0% d\u2019investissements civils qui leur seront li\u00e9s.<\/p>\n<p>La venue du pr\u00e9sident \u00e9tats-unien \u00e0 La\u00a0Haye, ces mardi 24 et mercredi 25\u00a0juin au\u00a0sommet de l\u2019organisation a pu ainsi ressembler\u00a0\u00e0 une marche comme il les aime : triomphale. Le N\u00e9erlandais Mark Rutte, chef de l\u2019Alliance, avait annonc\u00e9 la couleur avant m\u00eame son arriv\u00e9e\u00a0: \u00ab\u00a0L\u2019Europe va payer un prix&#8230;<\/p>\n","protected":false},"excerpt":{"rendered":"L\u2019atlantisme nouveau sera trumpien. Et il va rapidement monter en cadence : les \u00c9tats membres de l\u2019Alliance atlantique&hellip;\n","protected":false},"author":2,"featured_media":203879,"comment_status":"","ping_status":"","sticky":false,"template":"","format":"standard","meta":{"footnotes":""},"categories":[1586],"tags":[11,9929,34283,1777,674,1011,27,12,136,25,467],"class_list":{"0":"post-203878","1":"post","2":"type-post","3":"status-publish","4":"format-standard","5":"has-post-thumbnail","7":"category-europe","8":"tag-actualites","9":"tag-du00e9fense","10":"tag-du00e9fense-europu00e9enne","11":"tag-eu","12":"tag-europe","13":"tag-fr","14":"tag-france","15":"tag-news","16":"tag-otan","17":"tag-republique-francaise","18":"tag-trump"},"share_on_mastodon":{"url":"https:\/\/pubeurope.com\/@fr\/114745481886927208","error":""},"_links":{"self":[{"href":"https:\/\/www.europesays.com\/fr\/wp-json\/wp\/v2\/posts\/203878","targetHints":{"allow":["GET"]}}],"collection":[{"href":"https:\/\/www.europesays.com\/fr\/wp-json\/wp\/v2\/posts"}],"about":[{"href":"https:\/\/www.europesays.com\/fr\/wp-json\/wp\/v2\/types\/post"}],"author":[{"embeddable":true,"href":"https:\/\/www.europesays.com\/fr\/wp-json\/wp\/v2\/users\/2"}],"replies":[{"embeddable":true,"href":"https:\/\/www.europesays.com\/fr\/wp-json\/wp\/v2\/comments?post=203878"}],"version-history":[{"count":0,"href":"https:\/\/www.europesays.com\/fr\/wp-json\/wp\/v2\/posts\/203878\/revisions"}],"wp:featuredmedia":[{"embeddable":true,"href":"https:\/\/www.europesays.com\/fr\/wp-json\/wp\/v2\/media\/203879"}],"wp:attachment":[{"href":"https:\/\/www.europesays.com\/fr\/wp-json\/wp\/v2\/media?parent=203878"}],"wp:term":[{"taxonomy":"category","embeddable":true,"href":"https:\/\/www.europesays.com\/fr\/wp-json\/wp\/v2\/categories?post=203878"},{"taxonomy":"post_tag","embeddable":true,"href":"https:\/\/www.europesays.com\/fr\/wp-json\/wp\/v2\/tags?post=203878"}],"curies":[{"name":"wp","href":"https:\/\/api.w.org\/{rel}","templated":true}]}}