{"id":203883,"date":"2025-06-25T18:46:14","date_gmt":"2025-06-25T18:46:14","guid":{"rendered":"https:\/\/www.europesays.com\/fr\/203883\/"},"modified":"2025-06-25T18:46:14","modified_gmt":"2025-06-25T18:46:14","slug":"en-direct-orages-56-departements-en-orange-attention-pendant-la-nuit","status":"publish","type":"post","link":"https:\/\/www.europesays.com\/fr\/203883\/","title":{"rendered":"EN DIRECT &#8211; Orages : 56 d\u00e9partements en orange, attention pendant la nuit"},"content":{"rendered":"<p>Dans son bulletin de 10h, M\u00e9t\u00e9o-France \u00e9tendu son alerte orange \u00e0 52 d\u00e9partements pour ce mercredi.<\/p>\n<p><strong>Canicule <\/strong>: Is\u00e8re, Rh\u00f4ne.<\/p>\n<p><strong>Orages <\/strong>: Aisne, Allier, Aube, Aveyron, Cantal, Charente, Cher, Corr\u00e8ze, Creuse, C\u00f4te-d&rsquo;Or, Dordogne, Essonne, Eure, Eure-et-Loir, Gers, Gironde, Haute-Garonne, Haute-Marne, Haute-Vienne, Hauts-de-Seine, Indre, Indre-et-Loire, Landes, Loir-et-Cher, Loire, Loiret, Lot, Lot-et-Garonne, Manche, Marne, Mayenne, Ni\u00e8vre, Oise, Orne, Paris, Puy-de-D\u00f4me, Pyr\u00e9n\u00e9es-Atlantiques, Sarthe, Sa\u00f4ne-et-Loire, Seine-et-Marne, Seine-Maritime, Seine-Saint-Denis, Somme, Tarn, Tarn-et-Garonne, Val-d&rsquo;Oise, Val-de-Marne, Vienne, Yonne, Yvelines.<\/p>\n<p>L&rsquo;institut m\u00e9t\u00e9orologique \u00e9voque de \u00ab\u00a0tr\u00e8s fortes chaleurs avant une franche d\u00e9gradation orageuse marqu\u00e9e avec des orages violents sur un tr\u00e8s large axe central du pays.\u00a0\u00bb Le bulletin mentionne aussi une \u00ab\u00a0baisse notable des temp\u00e9ratures jeudi, apr\u00e8s cet \u00e9pisode pluvio-orageux. Les fortes chaleurs ne concerneront plus alors que le pourtour m\u00e9diterran\u00e9en.\u00a0\u00bb<\/p>\n","protected":false},"excerpt":{"rendered":"Dans son bulletin de 10h, M\u00e9t\u00e9o-France \u00e9tendu son alerte orange \u00e0 52 d\u00e9partements pour ce mercredi. Canicule :&hellip;\n","protected":false},"author":2,"featured_media":203884,"comment_status":"","ping_status":"","sticky":false,"template":"","format":"standard","meta":{"footnotes":""},"categories":[2],"tags":[1111,11,1921,6698,1011,27,1922,11007,12,34284,11008,2119,25,34285,133,11009],"class_list":{"0":"post-203883","1":"post","2":"type-post","3":"status-publish","4":"format-standard","5":"has-post-thumbnail","7":"category-actualites","8":"tag-actu","9":"tag-actualites","10":"tag-article-video","11":"tag-canicule","12":"tag-fr","13":"tag-france","14":"tag-info","15":"tag-meteo-quotidienne","16":"tag-news","17":"tag-nos-conseils-pour-affronter-les-episodes-de-chaleur","18":"tag-phenomenes-meteo","19":"tag-previsions-meteo","20":"tag-republique-francaise","21":"tag-vers-un-ete-2025-caniculaire-en-france","22":"tag-video","23":"tag-video-meteo-et-intemperies"},"share_on_mastodon":{"url":"https:\/\/pubeurope.com\/@fr\/114745493728839847","error":""},"_links":{"self":[{"href":"https:\/\/www.europesays.com\/fr\/wp-json\/wp\/v2\/posts\/203883","targetHints":{"allow":["GET"]}}],"collection":[{"href":"https:\/\/www.europesays.com\/fr\/wp-json\/wp\/v2\/posts"}],"about":[{"href":"https:\/\/www.europesays.com\/fr\/wp-json\/wp\/v2\/types\/post"}],"author":[{"embeddable":true,"href":"https:\/\/www.europesays.com\/fr\/wp-json\/wp\/v2\/users\/2"}],"replies":[{"embeddable":true,"href":"https:\/\/www.europesays.com\/fr\/wp-json\/wp\/v2\/comments?post=203883"}],"version-history":[{"count":0,"href":"https:\/\/www.europesays.com\/fr\/wp-json\/wp\/v2\/posts\/203883\/revisions"}],"wp:featuredmedia":[{"embeddable":true,"href":"https:\/\/www.europesays.com\/fr\/wp-json\/wp\/v2\/media\/203884"}],"wp:attachment":[{"href":"https:\/\/www.europesays.com\/fr\/wp-json\/wp\/v2\/media?parent=203883"}],"wp:term":[{"taxonomy":"category","embeddable":true,"href":"https:\/\/www.europesays.com\/fr\/wp-json\/wp\/v2\/categories?post=203883"},{"taxonomy":"post_tag","embeddable":true,"href":"https:\/\/www.europesays.com\/fr\/wp-json\/wp\/v2\/tags?post=203883"}],"curies":[{"name":"wp","href":"https:\/\/api.w.org\/{rel}","templated":true}]}}