{"id":203897,"date":"2025-06-25T18:54:10","date_gmt":"2025-06-25T18:54:10","guid":{"rendered":"https:\/\/www.europesays.com\/fr\/203897\/"},"modified":"2025-06-25T18:54:10","modified_gmt":"2025-06-25T18:54:10","slug":"je-suis-encore-sur-un-nuage-brad-pitt-a-pilote-une-vraie-formule-1-a-austin-grace-a-mclaren","status":"publish","type":"post","link":"https:\/\/www.europesays.com\/fr\/203897\/","title":{"rendered":"\u00abJe suis encore sur un nuage\u00bb, Brad Pitt a pilot\u00e9 une vraie Formule 1 \u00e0 Austin gr\u00e2ce \u00e0 McLaren"},"content":{"rendered":"<p>Brad Pitt a pu piloter une Formule 1 lors d\u2019essais priv\u00e9s avec McLaren. L\u2019\u00e9curie de Zak Brown lui a pr\u00eat\u00e9 son mod\u00e8le de 2023 sur le circuit des Am\u00e9riques. L\u2019acteur a atteint les 317 km\/h.<\/p>\n<p class=\"fig-paragraph\">Apr\u00e8s le film, la r\u00e9alit\u00e9 de la piste. Alors que l<a href=\"http:\/\/www.lefigaro.fr\/cinema\/f1-le-film-avec-brad-pitt-est-il-credible-notre-specialiste-de-la-formule-1-l-a-vu-et-vous-dit-tout-20250624\" data-fig-type=\"Article\" data-gtm-custom-categorie=\"navigation\" data-gtm-custom-action=\"crossclick\" data-gtm-custom-label=\"Contextuel\" data-gtm-event=\"customEventSPE\" data-fig-domain=\"LEFIGARO\" target=\"_blank\" rel=\"noopener\">e film \u00abF1\u00bb dans lequel joue Brad Pitt est actuellement au cin\u00e9ma<\/a>, l\u2019acteur de 61 ans est revenu dans la peau de \u00abSonny Hayes\u00bb (le nom de son personnage, ndlr) pour une journ\u00e9e. Il a pu piloter une Formule 1 sur le circuit des Am\u00e9riques \u00e0 Austin.\u00a0<a href=\"http:\/\/www.lefigaro.fr\/sports\/formule-1\/formule-1-en-video-l-accrochage-entre-les-deux-mclaren-de-norris-et-piastri-a-quatre-tours-de-l-arrivee-20250615\" data-fig-type=\"NewsFlash\" data-gtm-custom-categorie=\"navigation\" data-gtm-custom-action=\"crossclick\" data-gtm-custom-label=\"Contextuel\" data-gtm-event=\"customEventSPE\" data-fig-domain=\"LEFIGARO\" target=\"_blank\" rel=\"noopener\">C\u2019est McLaren<\/a>\u00a0qui lui a donn\u00e9 la chance de prendre le volant de leur monoplace de 2023.<\/p>\n<p class=\"fig-paragraph\">Pitt a d\u00e9crit les sensations qu\u2019il avait ressenties \u00e0 bord de la MCL60. \u00abJe n\u2019ai jamais rien v\u00e9cu d\u2019aussi immersif, t\u00e9moigne-t-il. On est tellement concentr\u00e9, mais sans crispation. On est juste dans un \u00e9tat de gr\u00e2ce. C\u2019est vraiment extraordinaire\u00bb.<\/p>\n<p>Une seule d\u00e9ception<\/p>\n<p class=\"fig-paragraph\">Si l\u2019acteur am\u00e9ricain a ador\u00e9 cette exp\u00e9rience unique, il en ressort avec un regret\u00a0: \u00abj\u2019ai atteint les 317 km\/h cette semaine. Je voulais absolument atteindre les 322 (\u00e9quivalent \u00e0 200 miles par heure, ndlr), \u00e7a me fait un peu mal. Trois miles\/heure de moins dans la ligne droite\u00bb a-t-il sourit dans le podcast Beyond the Grid de la F1.<\/p>\n<p class=\"fig-paragraph\">Brad Pitt a ensuite \u00e9voqu\u00e9 les sensations exceptionnelles qu\u2019il a ressenties en avouant avoir du mal \u00e0 les d\u00e9crire pour le grand public\u00a0: \u00abj\u2019essaie d\u2019expliquer ce que l\u2019on ressent avec l\u2019appui a\u00e9rodynamique, mais j\u2019\u00e9choue \u00e0 chaque fois. Ce n\u2019est pas comme un grand huit. On sent comme un point d\u2019\u00e9quilibre sous soi, confie-t-il. J\u2019ai fait un vol en avion de voltige une fois, c\u2019est ce qui s\u2019en rapproche le plus. Mais la F1, c\u2019est encore autre chose. C\u2019est une sensation unique impossible \u00e0 partager et un vrai shoot d\u2019adr\u00e9naline. Je suis encore sur un nuage\u00bb.<\/p>\n<p>Une opportunit\u00e9 sign\u00e9e McLaren<\/p>\n<p class=\"fig-paragraph\">L\u2019\u00e9curie britannique a parfaitement encadr\u00e9 Brad Pitt lors de cette journ\u00e9e d\u2019essais. Le pilote titulaire Lando Norris \u00e9tait m\u00eame pr\u00e9sent pour donner des conseils \u00e0 l\u2019acteur qui a exprim\u00e9 toute sa gratitude au patron de McLaren, Zak Brown\u00a0: \u00abje ne remercierai jamais assez Zak et tout le team. J\u2019ai pass\u00e9 la journ\u00e9e avec Lando, c\u2019\u00e9tait incroyable. Quel trip\u00a0!\u00a0\u00bb.<\/p>\n","protected":false},"excerpt":{"rendered":"Brad Pitt a pu piloter une Formule 1 lors d\u2019essais priv\u00e9s avec McLaren. L\u2019\u00e9curie de Zak Brown lui&hellip;\n","protected":false},"author":2,"featured_media":203898,"comment_status":"","ping_status":"","sticky":false,"template":"","format":"standard","meta":{"footnotes":""},"categories":[1412],"tags":[1977,1976,2134,525,1981,1979,1983,1451,1452,1453,1454,1455,1011,27,1982,2243,4475,1978,1980,60],"class_list":{"0":"post-203897","1":"post","2":"type-post","3":"status-publish","4":"format-standard","5":"has-post-thumbnail","7":"category-f1","8":"tag-auto","9":"tag-auto-moto","10":"tag-brad-pitt","11":"tag-calendrier","12":"tag-classement","13":"tag-constructeurs","14":"tag-essai","15":"tag-f1","16":"tag-formula-1","17":"tag-formula1","18":"tag-formule-1","19":"tag-formule1","20":"tag-fr","21":"tag-france","22":"tag-grand-prix","23":"tag-lando-norris","24":"tag-mclaren","25":"tag-pilotes","26":"tag-resultats","27":"tag-sports"},"share_on_mastodon":{"url":"https:\/\/pubeurope.com\/@fr\/114745525083560070","error":""},"_links":{"self":[{"href":"https:\/\/www.europesays.com\/fr\/wp-json\/wp\/v2\/posts\/203897","targetHints":{"allow":["GET"]}}],"collection":[{"href":"https:\/\/www.europesays.com\/fr\/wp-json\/wp\/v2\/posts"}],"about":[{"href":"https:\/\/www.europesays.com\/fr\/wp-json\/wp\/v2\/types\/post"}],"author":[{"embeddable":true,"href":"https:\/\/www.europesays.com\/fr\/wp-json\/wp\/v2\/users\/2"}],"replies":[{"embeddable":true,"href":"https:\/\/www.europesays.com\/fr\/wp-json\/wp\/v2\/comments?post=203897"}],"version-history":[{"count":0,"href":"https:\/\/www.europesays.com\/fr\/wp-json\/wp\/v2\/posts\/203897\/revisions"}],"wp:featuredmedia":[{"embeddable":true,"href":"https:\/\/www.europesays.com\/fr\/wp-json\/wp\/v2\/media\/203898"}],"wp:attachment":[{"href":"https:\/\/www.europesays.com\/fr\/wp-json\/wp\/v2\/media?parent=203897"}],"wp:term":[{"taxonomy":"category","embeddable":true,"href":"https:\/\/www.europesays.com\/fr\/wp-json\/wp\/v2\/categories?post=203897"},{"taxonomy":"post_tag","embeddable":true,"href":"https:\/\/www.europesays.com\/fr\/wp-json\/wp\/v2\/tags?post=203897"}],"curies":[{"name":"wp","href":"https:\/\/api.w.org\/{rel}","templated":true}]}}