{"id":203903,"date":"2025-06-25T18:57:17","date_gmt":"2025-06-25T18:57:17","guid":{"rendered":"https:\/\/www.europesays.com\/fr\/203903\/"},"modified":"2025-06-25T18:57:17","modified_gmt":"2025-06-25T18:57:17","slug":"pharrell-williams-sa-femme-helen-lasichanh-aussi-stylee-que-lui-elle-ose-le-look-feminin-masculin","status":"publish","type":"post","link":"https:\/\/www.europesays.com\/fr\/203903\/","title":{"rendered":"Pharrell Williams : sa femme Helen Lasichanh aussi styl\u00e9e que lui ? Elle ose le look f\u00e9minin-masculin"},"content":{"rendered":"<p>Helen Lasichanh, femme de <a href=\"https:\/\/www.closermag.fr\/beaute\/belle-peau-la-dermato-de-pharrell-williams-livre-ses-10-meilleurs-conseils-3228758#item=1\" target=\"_blank\" rel=\"noopener\"><br \/>\nPharell Williams<\/a>, aussi styl\u00e9e que lui ? Le 23 juin, le couple<br \/>\net leur fils <a href=\"https:\/\/www.closermag.fr\/people\/bebe-en-route-pour-pharrell-williams-et-sa-femme-671043#item=1\" target=\"_blank\" rel=\"noopener\"><br \/>\nRocket Ayer Williams<\/a> se sont rendus \u00e0 un \u00e9v\u00e9nement en marge de<br \/>\nla Fashion Week printemps-\u00c9t\u00e9 2026 Homme. Il s&rsquo;agissait du<br \/>\nlancement de la collection \u00ab\u00a0Life is a race\u00a0\u00bb, de la marque Team<br \/>\nWang, de <strong>Jackson Wang, en collaboration avec Joopiter et<br \/>\nBillionaire Boys Club,<\/strong> la marque de v\u00eatements de Pharell<br \/>\nWilliams. Un \u00e9v\u00e9nement qui s&rsquo;est d\u00e9roul\u00e9 \u00e0 Paris, dans les jardins<br \/>\nde la Fabula, dans le quatri\u00e8me arrondissement.<\/p>\n<p>Un look f\u00e9minin-masculin ultra styl\u00e9<br \/>\npour Helen Lasichanh<\/p>\n<p>Pour l&rsquo;occasion, <a href=\"https:\/\/www.closermag.fr\/people\/pharrell-williams-s-est-marie-avec-helen-lasichanh-214932#item=1\" target=\"_blank\" rel=\"noopener\"><br \/>\nHelen Lasichanh<\/a>, mannequin et styliste, avait opt\u00e9 pour<br \/>\n<strong>un look f\u00e9minin masculin par-fait<\/strong>. En haut, elle<br \/>\nportait un polo blanc de la marque Louis Vuitton, accessoiris\u00e9 avec<br \/>\nun collier blanc style perles. En bas, elle portait un jean style<br \/>\nbaggy effet tag, tenu par une ceinture Louis Vuitton aussi. Tr\u00e8s<br \/>\nfid\u00e8le \u00e0 la marque, elle arborait un sac \u00e0 la main de la m\u00eame<br \/>\ngriffe \u00e0 motifs apparents. Elle avait attach\u00e9 ses cheveux en queue<br \/>\nde cheval et avait opt\u00e9 pour un maquillage l\u00e9ger.\u00a0 Un look<br \/>\nparfaitement r\u00e9ussi ! Et assorti \u00e0 celui de son mari, visiblement<br \/>\nfan de Vuitton \u00e9galement. Il portait un sweat rouge Vuitton, une<br \/>\ncasquette, des lunettes de soleil, des baskets et un short. Des<br \/>\ntenues styl\u00e9es et d\u00e9cal\u00e9s, parfaites pour un d\u00e9fil\u00e9.<\/p>\n<p>Diaporama<br \/>\n<img decoding=\"async\" class=\"diapo_img img-responsive lazy-load\" loading=\"lazy\" src=\"https:\/\/www.europesays.com\/fr\/wp-content\/uploads\/2025\/06\/bestimage_00712165_000015.jpeg\"\/><\/p>\n<p>Bestimage<\/p>\n<p>1\/5 Pharrell Williams : sa femme Helen<br \/>\nLasichanh aussi styl\u00e9e que lui ? Elle ose le look<br \/>\nf\u00e9minin-masculin<\/p>\n<p>Fin juin, Pharrell Williams, sa femme Helen Lasichanh et leur<br \/>\nfils Rockt \u00e9taient \u00e0 Paris.\u00a0<\/p>\n<p><img decoding=\"async\" class=\"diapo_img img-responsive lazy-load\" loading=\"lazy\" src=\"https:\/\/www.europesays.com\/fr\/wp-content\/uploads\/2025\/06\/bestimage_00712165_000014-scaled.jpeg\"\/><\/p>\n<p>Bestimage<\/p>\n<p>2\/5 Pharrell Williams : sa femme Helen<br \/>\nLasichanh aussi styl\u00e9e que lui ? Elle ose le look<br \/>\nf\u00e9minin-masculin<\/p>\n<p>Ils \u00e9taient pr\u00e9sents pour l&rsquo;\u00e9v\u00e9nement JOOPITER x Team Wang<br \/>\nDesign x BBC Ice Cream, en marge de la Fashion week.\u00a0<\/p>\n<p><img decoding=\"async\" class=\"diapo_img img-responsive lazy-load\" loading=\"lazy\" src=\"https:\/\/www.europesays.com\/fr\/wp-content\/uploads\/2025\/06\/bestimage_00712165_000013.jpeg\"\/><\/p>\n<p>Bestimage<\/p>\n<p>3\/5 Pharrell Williams : sa femme Helen<br \/>\nLasichanh aussi styl\u00e9e que lui ? Elle ose le look<br \/>\nf\u00e9minin-masculin<\/p>\n<p>Helen Lasichanh \u00e9tait particuli\u00e8rement styl\u00e9e.\u00a0<\/p>\n<p><img decoding=\"async\" class=\"diapo_img img-responsive lazy-load\" loading=\"lazy\" src=\"https:\/\/www.europesays.com\/fr\/wp-content\/uploads\/2025\/06\/bestimage_00712165_000012-scaled.jpeg\"\/><\/p>\n<p>Bestimage<\/p>\n<p>4\/5 Pharrell Williams : sa femme Helen<br \/>\nLasichanh aussi styl\u00e9e que lui ? Elle ose le look<br \/>\nf\u00e9minin-masculin<\/p>\n<p>La mannequin et styliste avait opt\u00e9 pour un look<br \/>\nf\u00e9minin-masculin qui lui allait \u00e0 ravir<\/p>\n<p><img decoding=\"async\" class=\"diapo_img img-responsive lazy-load\" loading=\"lazy\" src=\"https:\/\/www.europesays.com\/fr\/wp-content\/uploads\/2025\/06\/bestimage_00712165_000002-scaled.jpeg\"\/><\/p>\n<p>Bestimage<\/p>\n<p>5\/5 Pharrell Williams : sa femme Helen<br \/>\nLasichanh aussi styl\u00e9e que lui ? Elle ose le look<br \/>\nf\u00e9minin-masculin<\/p>\n<p>Dans son sweat shirt rouge et son short, Pharell Williams<br \/>\nn&rsquo;\u00e9tait pas en reste !\u00a0<\/p>\n","protected":false},"excerpt":{"rendered":"Helen Lasichanh, femme de Pharell Williams, aussi styl\u00e9e que lui ? Le 23 juin, le couple et leur&hellip;\n","protected":false},"author":2,"featured_media":203904,"comment_status":"","ping_status":"","sticky":false,"template":"","format":"standard","meta":{"footnotes":""},"categories":[1359],"tags":[58,59,1011,27,1638,16751,973],"class_list":{"0":"post-203903","1":"post","2":"type-post","3":"status-publish","4":"format-standard","5":"has-post-thumbnail","7":"category-people","8":"tag-divertissement","9":"tag-entertainment","10":"tag-fr","11":"tag-france","12":"tag-has_diapo","13":"tag-look","14":"tag-people"},"share_on_mastodon":{"url":"https:\/\/pubeurope.com\/@fr\/114745537328131364","error":""},"_links":{"self":[{"href":"https:\/\/www.europesays.com\/fr\/wp-json\/wp\/v2\/posts\/203903","targetHints":{"allow":["GET"]}}],"collection":[{"href":"https:\/\/www.europesays.com\/fr\/wp-json\/wp\/v2\/posts"}],"about":[{"href":"https:\/\/www.europesays.com\/fr\/wp-json\/wp\/v2\/types\/post"}],"author":[{"embeddable":true,"href":"https:\/\/www.europesays.com\/fr\/wp-json\/wp\/v2\/users\/2"}],"replies":[{"embeddable":true,"href":"https:\/\/www.europesays.com\/fr\/wp-json\/wp\/v2\/comments?post=203903"}],"version-history":[{"count":0,"href":"https:\/\/www.europesays.com\/fr\/wp-json\/wp\/v2\/posts\/203903\/revisions"}],"wp:featuredmedia":[{"embeddable":true,"href":"https:\/\/www.europesays.com\/fr\/wp-json\/wp\/v2\/media\/203904"}],"wp:attachment":[{"href":"https:\/\/www.europesays.com\/fr\/wp-json\/wp\/v2\/media?parent=203903"}],"wp:term":[{"taxonomy":"category","embeddable":true,"href":"https:\/\/www.europesays.com\/fr\/wp-json\/wp\/v2\/categories?post=203903"},{"taxonomy":"post_tag","embeddable":true,"href":"https:\/\/www.europesays.com\/fr\/wp-json\/wp\/v2\/tags?post=203903"}],"curies":[{"name":"wp","href":"https:\/\/api.w.org\/{rel}","templated":true}]}}