{"id":203905,"date":"2025-06-25T18:58:10","date_gmt":"2025-06-25T18:58:10","guid":{"rendered":"https:\/\/www.europesays.com\/fr\/203905\/"},"modified":"2025-06-25T18:58:10","modified_gmt":"2025-06-25T18:58:10","slug":"la-maison-les-pieds-dans-leau-dun-grand-architecte-francais-sur-la-mediterranee","status":"publish","type":"post","link":"https:\/\/www.europesays.com\/fr\/203905\/","title":{"rendered":"La maison \u00ab les pieds dans l\u2019eau \u00bb d&rsquo;un grand architecte fran\u00e7ais sur la M\u00e9diterran\u00e9e"},"content":{"rendered":"<p>Nich\u00e9e dans les collines verdoyantes au-dessus de Cannes, dans une enclave r\u00e9sidentielle pris\u00e9e connue sous le nom de Basse Californie, la Villa Nicky domine la M\u00e9diterran\u00e9e scintillante avec une s\u00e9r\u00e9nit\u00e9 presque cin\u00e9matographique. Lorsque l\u2019architecte <a href=\"https:\/\/www.admagazine.fr\/article\/saint-tropez-villa-mas-provencal\" target=\"_blank\" rel=\"noopener\">Jerry Pellerin<\/a> a d\u00e9couvert le site pour la premi\u00e8re fois \u2013 une ancienne \u00e9curie et des logements du personnel du domaine voisin \u2013 il a ressenti une connexion imm\u00e9diate. \u00ab Je voulais vivre les pieds dans l\u2019eau \u00bb, dit-il. L\u2019endroit lui a offert ce sentiment instantan\u00e9ment.<\/p>\n<p>Le cofondateur de Caprini &amp; Pellerin, une agence d\u2019architecture et de design multidisciplinaire bas\u00e9e \u00e0 Cannes, a entam\u00e9 la <a href=\"https:\/\/www.admagazine.fr\/article\/paris-renovation-contemporaine-appartement\" target=\"_blank\" rel=\"noopener\">r\u00e9novation<\/a> en 2019. Mais il a fallu du temps avant que la maison soit enfin pr\u00eate \u00e0 accueillir ses occupants. Entre le lancement d\u2019un vaste projet de restauration h\u00f4teli\u00e8re \u2013 la transformation du Palm Beach Cannes \u2013 et le d\u00e9m\u00e9nagement du si\u00e8ge de l\u2019agence, son projet personnel a d\u00fb patienter. Concevoir sa propre maison en tant qu\u2019<a href=\"https:\/\/www.admagazine.fr\/article\/idees-architectes-cloisonner-petit-espace\" target=\"_blank\" rel=\"noopener\">architecte<\/a>, \u00ab c\u2019est tr\u00e8s compliqu\u00e9 \u00bb.<\/p>\n<p>Jerry Pellerin (\u00e0 gauche) et Kevin Caprini, cofondateurs de Caprini &amp; Pellerin.<\/p>\n<p>D\u2019une superficie de 180 m\u00e8tres carr\u00e9s, la Villa Nicky se d\u00e9ploie verticalement sur quatre \u00e9tages. L\u2019entr\u00e9e se fait depuis la rue, par une porte discr\u00e8te et un puits de lumi\u00e8re naturelle qui offrent un accueil paisible. Un \u00e9tage plus bas se trouve la suite principale, suivie de l\u2019espace de vie principal, o\u00f9 le salon ouvert s\u2019\u00e9tire jusqu\u2019\u00e0 une grande terrasse en travertin et une piscine. Derri\u00e8re : la cuisine, des rangements et une salle d\u2019eau pour les invit\u00e9s. Encore un niveau en dessous, un <a href=\"https:\/\/www.admagazine.fr\/article\/pigalle-studio-japonisant-jardin\" target=\"_blank\" rel=\"noopener\">studio<\/a> est dissimul\u00e9 sous la piscine. Construite \u00e0 flanc de colline, la maison a pos\u00e9 quelques d\u00e9fis logistiques \u2013 \u00ab on ne peut m\u00eame pas garer un camion \u00e0 l\u2019ext\u00e9rieur \u00bb, note Jerry Pellerin \u2013 mais cette contrainte lui a aussi permis d\u2019imaginer une exp\u00e9rience architecturale unique, qui descend \u00e0 travers les strates du terrain.<\/p>\n<p>L\u2019architecte partage l\u2019espace avec sa femme, leur jeune enfant et le chien de la famille. Pour eux, la Villa Nicky est plus qu\u2019une maison : c\u2019est une retraite, un sanctuaire, un endroit o\u00f9 la fronti\u00e8re entre int\u00e9rieur et <a href=\"https:\/\/www.admagazine.fr\/article\/amenagement-petit-jardin-idees\" target=\"_blank\" rel=\"noopener\">ext\u00e9rieur<\/a> s\u2019estompe presque compl\u00e8tement. \u00ab J\u2019ai toujours su ce que je voulais \u00bb, explique-t-il. \u00ab J\u2019ai eu la chance de trouver un lieu qui m\u2019a permis de l\u2019exprimer. \u00bb<\/p>\n<p>L\u2019am\u00e9nagement paysager est l\u2019\u0153uvre d\u2019Oliva Degroise.<\/p>\n<p>La porte d\u2019entr\u00e9e, en aluminium moul\u00e9 d\u2019une seule pi\u00e8ce, joue un r\u00f4le important. L\u00e0 encore, le sol en travertin cr\u00e9e une transition fluide entre l\u2019ext\u00e9rieur et l\u2019int\u00e9rieur.<\/p>\n<p>Le salon principal est domin\u00e9 par une grande biblioth\u00e8que sculpturale en c\u00e9ramique, dont l\u2019\u00e9tag\u00e8re accueille des \u0153uvres de l\u2019artiste Olivia Cognet. Le mobilier est vintage, avec une table basse sign\u00e9e Pradier-Jeauneau. Le grand <a href=\"https:\/\/www.admagazine.fr\/article\/beaux-canapes-sublimer-interieur\" target=\"_blank\" rel=\"noopener\">canap\u00e9<\/a> encastr\u00e9, r\u00e9alis\u00e9 sur mesure par Caprini &amp; Pellerin, m\u00eale pin et b\u00e9ton.<\/p>\n","protected":false},"excerpt":{"rendered":"Nich\u00e9e dans les collines verdoyantes au-dessus de Cannes, dans une enclave r\u00e9sidentielle pris\u00e9e connue sous le nom de&hellip;\n","protected":false},"author":2,"featured_media":203906,"comment_status":"","ping_status":"","sticky":false,"template":"","format":"standard","meta":{"footnotes":""},"categories":[1358],"tags":[1348,1384,1385,1386,58,59,1011,27,6997,1966],"class_list":{"0":"post-203905","1":"post","2":"type-post","3":"status-publish","4":"format-standard","5":"has-post-thumbnail","7":"category-arts-et-design","8":"tag-arts","9":"tag-arts-and-design","10":"tag-arts-et-design","11":"tag-design","12":"tag-divertissement","13":"tag-entertainment","14":"tag-fr","15":"tag-france","16":"tag-maison-darchitecte","17":"tag-sud-de-la-france"},"share_on_mastodon":{"url":"https:\/\/pubeurope.com\/@fr\/114745540911524593","error":""},"_links":{"self":[{"href":"https:\/\/www.europesays.com\/fr\/wp-json\/wp\/v2\/posts\/203905","targetHints":{"allow":["GET"]}}],"collection":[{"href":"https:\/\/www.europesays.com\/fr\/wp-json\/wp\/v2\/posts"}],"about":[{"href":"https:\/\/www.europesays.com\/fr\/wp-json\/wp\/v2\/types\/post"}],"author":[{"embeddable":true,"href":"https:\/\/www.europesays.com\/fr\/wp-json\/wp\/v2\/users\/2"}],"replies":[{"embeddable":true,"href":"https:\/\/www.europesays.com\/fr\/wp-json\/wp\/v2\/comments?post=203905"}],"version-history":[{"count":0,"href":"https:\/\/www.europesays.com\/fr\/wp-json\/wp\/v2\/posts\/203905\/revisions"}],"wp:featuredmedia":[{"embeddable":true,"href":"https:\/\/www.europesays.com\/fr\/wp-json\/wp\/v2\/media\/203906"}],"wp:attachment":[{"href":"https:\/\/www.europesays.com\/fr\/wp-json\/wp\/v2\/media?parent=203905"}],"wp:term":[{"taxonomy":"category","embeddable":true,"href":"https:\/\/www.europesays.com\/fr\/wp-json\/wp\/v2\/categories?post=203905"},{"taxonomy":"post_tag","embeddable":true,"href":"https:\/\/www.europesays.com\/fr\/wp-json\/wp\/v2\/tags?post=203905"}],"curies":[{"name":"wp","href":"https:\/\/api.w.org\/{rel}","templated":true}]}}