{"id":203907,"date":"2025-06-25T18:59:09","date_gmt":"2025-06-25T18:59:09","guid":{"rendered":"https:\/\/www.europesays.com\/fr\/203907\/"},"modified":"2025-06-25T18:59:09","modified_gmt":"2025-06-25T18:59:09","slug":"ex-revolutionnaire-et-coeur-dartichaut-liberation","status":"publish","type":"post","link":"https:\/\/www.europesays.com\/fr\/203907\/","title":{"rendered":"ex-r\u00e9volutionnaire et \u00abc\u0153ur d\u2019artichaut\u00bb \u2013 Lib\u00e9ration"},"content":{"rendered":"<p class=\"sc-ksZaOG ehjQrN text-element\">\u00abAu fond, j\u2019ai toujours trich\u00e9 avec la r\u00e9volution. Le jour, je chantonnais en ch\u0153ur avec les camarades : \u201cDu pass\u00e9 faisons table rase\u2026\u201d et le soir, je revenais \u00e0 mes classiques, Stendhal, Montaigne, Flaubert, Thomas Mann, Robert Musil et la musique baroque.\u00bb <a href=\"https:\/\/www.liberation.fr\/culture\/marguerite-duras-yann-andrea-et-maren-sell-en-eau-trouple-20220812_XX4SB7GOXZD4XDZ5PQYXDGMCWU\/\" target=\"_blank\" rel=\"noreferrer noopener\" title=\"https:\/\/www.liberation.fr\/culture\/marguerite-duras-yann-andrea-et-maren-sell-en-eau-trouple-20220812_XX4SB7GOXZD4XDZ5PQYXDGMCWU\/\">Maren Sell<\/a>, dans Tout est l\u00e0, se retourne sur ses quatre-vingts ann\u00e9es d\u2019existence. L\u2019\u00e9ditrice et romanci\u00e8re, n\u00e9e en 1945 en Allemagne, participa \u00e0 l\u2019effervescence militante des ann\u00e9es 1970. Etablie \u00e0 Paris dans sa vingtaine, elle fut journaliste \u00e0 Lib\u00e9ration \u00e0 ses tout d\u00e9buts. Son autobiographie \u00e9claire toutes les saisons d\u2019une vie ardente faite de glissements, de revirements apparents, dont le principal : \u00eatre devenue une m\u00e8re puis une grand-m\u00e8re combl\u00e9e de famille recompos\u00e9e.<\/p>\n<p class=\"sc-ksZaOG ehjQrN text-element\">Dans le titre Tout est l\u00e0, l\u2019autrice affiche son intention de sinc\u00e9rit\u00e9. L\u2019est-elle compl\u00e8tement, quand ce livre s\u2019adresse \u00e0 des lecteurs inconnus, mais aussi \u00e0 ses dix petits-enfants ? Qu\u2019importe, le livre reste ainsi ouvert sur le pr\u00e9sent, voire le futur, qui l\u2019inqui\u00e8te bien \u00e9videmment, dans une empathie avec les g\u00e9n\u00e9rations suivantes. Maren Sell appartient, elle, \u00e0 celle qui fit tant de bruit en Allemag<\/p>\n","protected":false},"excerpt":{"rendered":"\u00abAu fond, j\u2019ai toujours trich\u00e9 avec la r\u00e9volution. Le jour, je chantonnais en ch\u0153ur avec les camarades :&hellip;\n","protected":false},"author":2,"featured_media":203908,"comment_status":"","ping_status":"","sticky":false,"template":"","format":"standard","meta":{"footnotes":""},"categories":[1357],"tags":[1379,10488,58,59,1011,27,1380],"class_list":{"0":"post-203907","1":"post","2":"type-post","3":"status-publish","4":"format-standard","5":"has-post-thumbnail","7":"category-livres","8":"tag-books","9":"tag-cahier-livres","10":"tag-divertissement","11":"tag-entertainment","12":"tag-fr","13":"tag-france","14":"tag-livres"},"share_on_mastodon":{"url":"https:\/\/pubeurope.com\/@fr\/114745544764473942","error":""},"_links":{"self":[{"href":"https:\/\/www.europesays.com\/fr\/wp-json\/wp\/v2\/posts\/203907","targetHints":{"allow":["GET"]}}],"collection":[{"href":"https:\/\/www.europesays.com\/fr\/wp-json\/wp\/v2\/posts"}],"about":[{"href":"https:\/\/www.europesays.com\/fr\/wp-json\/wp\/v2\/types\/post"}],"author":[{"embeddable":true,"href":"https:\/\/www.europesays.com\/fr\/wp-json\/wp\/v2\/users\/2"}],"replies":[{"embeddable":true,"href":"https:\/\/www.europesays.com\/fr\/wp-json\/wp\/v2\/comments?post=203907"}],"version-history":[{"count":0,"href":"https:\/\/www.europesays.com\/fr\/wp-json\/wp\/v2\/posts\/203907\/revisions"}],"wp:featuredmedia":[{"embeddable":true,"href":"https:\/\/www.europesays.com\/fr\/wp-json\/wp\/v2\/media\/203908"}],"wp:attachment":[{"href":"https:\/\/www.europesays.com\/fr\/wp-json\/wp\/v2\/media?parent=203907"}],"wp:term":[{"taxonomy":"category","embeddable":true,"href":"https:\/\/www.europesays.com\/fr\/wp-json\/wp\/v2\/categories?post=203907"},{"taxonomy":"post_tag","embeddable":true,"href":"https:\/\/www.europesays.com\/fr\/wp-json\/wp\/v2\/tags?post=203907"}],"curies":[{"name":"wp","href":"https:\/\/api.w.org\/{rel}","templated":true}]}}