{"id":203915,"date":"2025-06-25T19:03:10","date_gmt":"2025-06-25T19:03:10","guid":{"rendered":"https:\/\/www.europesays.com\/fr\/203915\/"},"modified":"2025-06-25T19:03:10","modified_gmt":"2025-06-25T19:03:10","slug":"on-constate-une-degradation-de-la-qualite-de-leau-a-cet-endroit-la-au-bain-des-dames-a-chateauneuf-la-qualite-de-leau-juste-suffisante","status":"publish","type":"post","link":"https:\/\/www.europesays.com\/fr\/203915\/","title":{"rendered":"\u00ab\u00a0On constate une d\u00e9gradation de la qualit\u00e9 de l\u2019eau \u00e0 cet endroit-l\u00e0\u00a0\u00bb\u00a0: au Bain-des-Dames, \u00e0 Ch\u00e2teauneuf, la qualit\u00e9 de l\u2019eau juste suffisante"},"content":{"rendered":"<p>\u00ab\u00a0Jusqu\u2019\u00e0 2020, le site \u00e9tait en excellent \u00e9tat, mais depuis, on constate une d\u00e9gradation de la qualit\u00e9 de l\u2019eau \u00e0 cet endroit-l\u00e0, o\u00f9 on fait nos analyses&amp;nbsp&#8230;<\/p>\n<p>\u00ab\u00a0Jusqu\u2019\u00e0 2020, le site \u00e9tait en excellent \u00e9tat, mais depuis, on constate une d\u00e9gradation de la qualit\u00e9 de l\u2019eau \u00e0 cet endroit-l\u00e0, o\u00f9 on fait nos analyses\u00a0\u00bb, explique Philippe Vansynger, le responsable du service sant\u00e9 et environnement pour la Charente \u00e0 l\u2019ARS (Agence r\u00e9gionale de sant\u00e9).<\/p>\n<blockquote><p>\u00ab\u00a0Les chiens, c\u2019est un vrai probl\u00e8me, les gens ne tiennent pas compte de la r\u00e9glementation, ils sont interdits.\u00a0\u00bb<\/p><\/blockquote>\n<p><a href=\"https:\/\/www.nouvelle-aquitaine.ars.sante.fr\/qualite-des-eaux-de-baignade-0\" target=\"_blank\" rel=\"nofollow noopener\">L\u2019ARS vient de publier sa carte de la qualit\u00e9 des eaux de baignades en Charente<\/a>, avant la saison estivale. Quatorze sites ont \u00e9t\u00e9 contr\u00f4l\u00e9s, sept en rivi\u00e8re et sept plans d\u2019eau, avec plus de 90 pr\u00e9l\u00e8vements entre mai et octobre. En Nouvelle-Aquitaine sur 400 zones de baignades contr\u00f4l\u00e9es dans la r\u00e9gion, plus de 98% sont conformes aux exigences de qualit\u00e9 europ\u00e9ennes. <\/p>\n<p>Lors des pr\u00e9l\u00e8vements, l\u2019ARS \u00e9value la qualit\u00e9 microbiologique des eaux et recherche des indicateurs de contamination f\u00e9cale, comme la bact\u00e9rie E-coli, \u00ab\u00a0on recherche ces bact\u00e9ries qui peuvent en amener d\u2019autres comme la salmonelle, des virus ent\u00e9riques ou h\u00e9patites\u00a0\u00bb, compl\u00e8te Philippe Vansynger.<\/p>\n<p>    La r\u00e9daction vous conseille<\/p>\n<p>                        <a href=\"https:\/\/www.charentelibre.fr\/sante\/e-coli-plastique-et-paracetamol-le-savant-melange-24975969.php\" title=\"E. Coli, plastique et parac\u00e9tamol, le savant m\u00e9lange\u00a0?\" rel=\"nofollow noopener\" target=\"_blank\"><br \/>\n                            <img decoding=\"async\" src=\"https:\/\/www.europesays.com\/fr\/wp-content\/uploads\/2025\/06\/1750878190_184_capture.jpg\" alt=\"E. Coli, plastique et parac\u00e9tamol, le savant m\u00e9lange\u00a0?\"\/><br \/>\n                        <\/a><\/p>\n<p>                    <a href=\"https:\/\/www.charentelibre.fr\/sante\/e-coli-plastique-et-paracetamol-le-savant-melange-24975969.php\" title=\"E. Coli, plastique et parac\u00e9tamol, le savant m\u00e9lange\u00a0?\" rel=\"nofollow noopener\" target=\"_blank\"><\/p>\n<p>\n                            E. Coli, plastique et parac\u00e9tamol, le savant m\u00e9lange\u00a0?\n                        <\/p>\n<p>                    <\/a><\/p>\n<p>\n                        C\u2019est le pari un peu fou \u2013 mais scientifiquement tr\u00e8s s\u00e9rieux \u2013 qu\u2019ont relev\u00e9 des chercheurs de l\u2019universit\u00e9 d\u2019\u00c9dimbourg. Gr\u00e2ce \u00e0 une ing\u00e9nieuse combinaison de r\u00e9actions chimiques et biologiques impliquant la c\u00e9l\u00e8bre bact\u00e9rie E. Coli, ils ont r\u00e9ussi \u00e0 synth\u00e9tiser du parac\u00e9tamol \u00e0 partir de plastique usag\u00e9.\n                    <\/p>\n<p>Des bact\u00e9ries dures \u00e0 tracer<\/p>\n<p>D\u2019o\u00f9 vient la contamination\u00a0? Difficile \u00e0 dire, pour l\u2019ARS. Le maire Jean-Louis L\u00e9vesque \u00e9voque, lui, plusieurs hypoth\u00e8ses\u00a0: \u00ab\u00a0Si quelqu\u2019un d\u00e9f\u00e8que dans la Charente en amont, ou bien des animaux, d\u2019\u00e9levage ou sauvages. Et les chiens, c\u2019est un vrai probl\u00e8me, les gens ne tiennent pas compte de la r\u00e9glementation, ils sont interdits. Il y a aussi un autre facteur \u00e0 prendre en compte, le d\u00e9bit de la Charente.\u00a0\u00bb<\/p>\n<p>    La r\u00e9daction vous conseille<\/p>\n<p>Le site du Bain-des-Dames reste accessible \u00e0 la baignade, et entre juillet et ao\u00fbt, le site est sous la surveillance d\u2019un ma\u00eetre-nageur sauveteur. Pour l\u2019ARS, la pr\u00e9sence de ces bact\u00e9ries ne comporte pas de risque majeur pour la sant\u00e9 mais peut entra\u00eener des troubles comme des dermatites ou des troubles gastro-intestinaux. \u00ab\u00a0En 2024, on a d\u00fb fermer le site une fois pendant trois jours, mais \u00e0 chaque fois, on rouvre\u00a0\u00bb, le temps pour la commune de faire des contr\u00f4les de l\u2019eau.<\/p>\n<p>Ch\u00e2teauneuf vient \u00e9galement de lancer une alerte sur la pr\u00e9sence de d\u00e9bris sur le site. Se baigner entre les bact\u00e9ries et les poubelles, un programme peu rago\u00fbtant pour ce joli site touristique.<\/p>\n","protected":false},"excerpt":{"rendered":"\u00ab\u00a0Jusqu\u2019\u00e0 2020, le site \u00e9tait en excellent \u00e9tat, mais depuis, on constate une d\u00e9gradation de la qualit\u00e9 de&hellip;\n","protected":false},"author":2,"featured_media":203916,"comment_status":"","ping_status":"","sticky":false,"template":"","format":"standard","meta":{"footnotes":""},"categories":[10],"tags":[1011,27,72,71],"class_list":{"0":"post-203915","1":"post","2":"type-post","3":"status-publish","4":"format-standard","5":"has-post-thumbnail","7":"category-sante","8":"tag-fr","9":"tag-france","10":"tag-health","11":"tag-sante"},"share_on_mastodon":{"url":"https:\/\/pubeurope.com\/@fr\/114745560650981112","error":""},"_links":{"self":[{"href":"https:\/\/www.europesays.com\/fr\/wp-json\/wp\/v2\/posts\/203915","targetHints":{"allow":["GET"]}}],"collection":[{"href":"https:\/\/www.europesays.com\/fr\/wp-json\/wp\/v2\/posts"}],"about":[{"href":"https:\/\/www.europesays.com\/fr\/wp-json\/wp\/v2\/types\/post"}],"author":[{"embeddable":true,"href":"https:\/\/www.europesays.com\/fr\/wp-json\/wp\/v2\/users\/2"}],"replies":[{"embeddable":true,"href":"https:\/\/www.europesays.com\/fr\/wp-json\/wp\/v2\/comments?post=203915"}],"version-history":[{"count":0,"href":"https:\/\/www.europesays.com\/fr\/wp-json\/wp\/v2\/posts\/203915\/revisions"}],"wp:featuredmedia":[{"embeddable":true,"href":"https:\/\/www.europesays.com\/fr\/wp-json\/wp\/v2\/media\/203916"}],"wp:attachment":[{"href":"https:\/\/www.europesays.com\/fr\/wp-json\/wp\/v2\/media?parent=203915"}],"wp:term":[{"taxonomy":"category","embeddable":true,"href":"https:\/\/www.europesays.com\/fr\/wp-json\/wp\/v2\/categories?post=203915"},{"taxonomy":"post_tag","embeddable":true,"href":"https:\/\/www.europesays.com\/fr\/wp-json\/wp\/v2\/tags?post=203915"}],"curies":[{"name":"wp","href":"https:\/\/api.w.org\/{rel}","templated":true}]}}