{"id":20392,"date":"2025-04-12T19:20:12","date_gmt":"2025-04-12T19:20:12","guid":{"rendered":"https:\/\/www.europesays.com\/fr\/20392\/"},"modified":"2025-04-12T19:20:12","modified_gmt":"2025-04-12T19:20:12","slug":"pres-de-toulouse-une-femme-retrouvee-morte-dans-sa-voiture-enquete-ouverte","status":"publish","type":"post","link":"https:\/\/www.europesays.com\/fr\/20392\/","title":{"rendered":"Pr\u00e8s de Toulouse. Une femme retrouv\u00e9e morte dans sa voiture, enqu\u00eate ouverte"},"content":{"rendered":"<p>            Par<br \/>\n        <strong><br \/>\n            <a href=\"https:\/\/actu.fr\/auteur\/guillaume-laurens\" title=\"Consulter tous les articles de Guillaume Laurens\" rel=\"nofollow noopener\" target=\"_blank\">Guillaume Laurens<\/a><br \/>\n        <\/strong><\/p>\n<p>        Publi\u00e9 le<\/p>\n<p>            12 avr. 2025 \u00e0 18h41        <\/p>\n<p>Terrible d\u00e9couverte, ce samedi 12\u00a0avril 2025, sur les coups de 13\u00a0heures. Alors qu\u2019il se promenait \u00e0 proximit\u00e9 de <strong>La Chapelle Saint-Amans<\/strong>, \u00e0 <strong><a href=\"https:\/\/actu.fr\/occitanie\/muret_31395\" rel=\"nofollow noopener\" target=\"_blank\">Muret<\/a> <\/strong>(Haute-Garonne), au sud de <strong>Toulouse<\/strong>, un <strong>randonneur<\/strong> a aper\u00e7u une voiture accident\u00e9e, avec <strong>une femme<\/strong> \u00e0 l\u2019int\u00e9rieur.<\/p>\n<p>Accident\u00e9e, la conductrice de 58\u00a0ans \u00e9tait d\u00e9c\u00e9d\u00e9e<\/p>\n<p class=\" wall-content\">Derri\u00e8re le volant de cette citadine se trouvait en effet sa conductrice. Rapidement intervenus sur place, les <strong>gendarmes de Muret<\/strong> ont constat\u00e9 que la victime \u00e9tait <strong>d\u00e9c\u00e9d\u00e9e<\/strong>. Ils ont\u00a0contact\u00e9 les pompiers, qui ont d\u00e9p\u00each\u00e9 sur place une \u00e9quipe du GRIMP, sp\u00e9cialis\u00e9e dans les interventions en milieu p\u00e9rilleux. \u00c2g\u00e9e de <strong>58\u00a0ans<\/strong>, l\u2019automobiliste \u00e9tait, d\u2019apr\u00e8s nos informations, originaire du secteur.<\/p>\n<p>La voiture a chut\u00e9 en contrebas du parking<\/p>\n<p class=\" wall-content\">Qu\u2019est-il arriv\u00e9 \u00e0 cette automobiliste\u2009? Une <strong>enqu\u00eate<\/strong> a \u00e9t\u00e9 ouverte par la brigade de gendarmerie de Muret pour \u00e9tablir les circonstances du d\u00e9c\u00e8s. S\u2019agit-il d\u2019un accident, d\u2019un quelconque acte volontaire\u2009? Selon les premiers \u00e9l\u00e9ments, sa voiture aurait <strong>chut\u00e9 en contrebas<\/strong> du parking de cette chapelle isol\u00e9e de la commune de Muret, avant de d\u00e9valer une pente et de s\u2019immobiliser.<\/p>\n<p>    <a href=\"https:\/\/www.google.com\/maps\/embed?pb=!4v1744475351825!6m8!1m7!1sk7Pf1h-pdi9EjvQ92ZhR_w!2m2!1d43.40374034454753!2d1.311140537345076!3f162.556520051558!4f7.025169742764689!5f0.7820865974627469\" title=\"Ouvrie le lien\" rel=\"nofollow noopener\" target=\"_blank\">Cliquez ici pour visualiser le contenu<\/a><\/p>\n<p class=\" wall-content\">Suivez toute l\u2019actualit\u00e9 de vos villes et m\u00e9dias favoris en vous inscrivant \u00e0 <a href=\"https:\/\/moncompte.actu.fr\" title=\"D\u00e9couvez Mon Actu\" rel=\"nofollow noopener\" data-trk=\"{&quot;cta&quot;:{&quot;action&quot;:&quot;https:\\\/\\\/moncompte.actu.fr&quot;,&quot;category&quot;:&quot;mon compte&quot;,&quot;from&quot;:&quot;article footer&quot;,&quot;name&quot;:&quot;Mon actu&quot;,&quot;type&quot;:&quot;cta&quot;}}\" target=\"_blank\">Mon Actu<\/a>.<\/p>\n","protected":false},"excerpt":{"rendered":"Par Guillaume Laurens Publi\u00e9 le 12 avr. 2025 \u00e0 18h41 Terrible d\u00e9couverte, ce samedi 12\u00a0avril 2025, sur les&hellip;\n","protected":false},"author":2,"featured_media":20393,"comment_status":"","ping_status":"","sticky":false,"template":"","format":"standard","meta":{"footnotes":""},"categories":[2816],"tags":[119,1111,11,1777,674,118,1011,27,12,2680,25,2312],"class_list":{"0":"post-20392","1":"post","2":"type-post","3":"status-publish","4":"format-standard","5":"has-post-thumbnail","7":"category-toulouse","8":"tag-accident","9":"tag-actu","10":"tag-actualites","11":"tag-eu","12":"tag-europe","13":"tag-faits-divers","14":"tag-fr","15":"tag-france","16":"tag-news","17":"tag-occitanie","18":"tag-republique-francaise","19":"tag-toulouse"},"share_on_mastodon":{"url":"https:\/\/pubeurope.com\/@fr\/114326616424160983","error":""},"_links":{"self":[{"href":"https:\/\/www.europesays.com\/fr\/wp-json\/wp\/v2\/posts\/20392","targetHints":{"allow":["GET"]}}],"collection":[{"href":"https:\/\/www.europesays.com\/fr\/wp-json\/wp\/v2\/posts"}],"about":[{"href":"https:\/\/www.europesays.com\/fr\/wp-json\/wp\/v2\/types\/post"}],"author":[{"embeddable":true,"href":"https:\/\/www.europesays.com\/fr\/wp-json\/wp\/v2\/users\/2"}],"replies":[{"embeddable":true,"href":"https:\/\/www.europesays.com\/fr\/wp-json\/wp\/v2\/comments?post=20392"}],"version-history":[{"count":0,"href":"https:\/\/www.europesays.com\/fr\/wp-json\/wp\/v2\/posts\/20392\/revisions"}],"wp:featuredmedia":[{"embeddable":true,"href":"https:\/\/www.europesays.com\/fr\/wp-json\/wp\/v2\/media\/20393"}],"wp:attachment":[{"href":"https:\/\/www.europesays.com\/fr\/wp-json\/wp\/v2\/media?parent=20392"}],"wp:term":[{"taxonomy":"category","embeddable":true,"href":"https:\/\/www.europesays.com\/fr\/wp-json\/wp\/v2\/categories?post=20392"},{"taxonomy":"post_tag","embeddable":true,"href":"https:\/\/www.europesays.com\/fr\/wp-json\/wp\/v2\/tags?post=20392"}],"curies":[{"name":"wp","href":"https:\/\/api.w.org\/{rel}","templated":true}]}}