{"id":203925,"date":"2025-06-25T19:08:10","date_gmt":"2025-06-25T19:08:10","guid":{"rendered":"https:\/\/www.europesays.com\/fr\/203925\/"},"modified":"2025-06-25T19:08:10","modified_gmt":"2025-06-25T19:08:10","slug":"il-tente-a-deux-reprises-denlever-une-fillette-au-beau-milieu-dun-supermarche-du-colorado","status":"publish","type":"post","link":"https:\/\/www.europesays.com\/fr\/203925\/","title":{"rendered":"Il tente \u00e0 deux reprises d\u2019enlever une fillette au beau milieu d\u2019un supermarch\u00e9 du Colorado"},"content":{"rendered":"<p>La sc\u00e8ne s\u2019est d\u00e9roul\u00e9e samedi 21\u00a0juin dans un supermarch\u00e9 de la cha\u00eene Safeway de la ville de Littleton, au sud-ouest de <a href=\"https:\/\/www.20minutes.fr\/dossier\/denver\" class=\"color-ultramarine c-link\" target=\"_blank\" rel=\"noopener\">Denver<\/a> (<a href=\"https:\/\/www.20minutes.fr\/monde\/colorado\/\" class=\"color-ultramarine c-link\" target=\"_blank\" rel=\"noopener\">Colorado<\/a>). En fin de matin\u00e9e, une fillette de 8 ans fait les courses avec sa grand-m\u00e8re dans le rayon fruits et l\u00e9gumes lorsque Bradley Mikel Wilson, un homme de 34 ans \u2013 inconnu des victimes \u2013 s\u2019approche.<\/p>\n<p>Selon <a href=\"https:\/\/www.facebook.com\/share\/1Anc9Pq9hB\/\" target=\"_blank\" class=\"color-ultramarine c-link\" rel=\"noopener\">le communiqu\u00e9 du bureau du sh\u00e9rif du comt\u00e9 de Jefferson<\/a> (JCSO), l\u2019homme pose alors ses mains sur les \u00e9paules de l\u2019enfant et demande \u00e0 sa grand-m\u00e8re\u00a0: \u00ab\u00a0Puis-je emprunter votre enfant\u00a0?\u00a0\u00bb. Il tente ensuite de la faire sortir du magasin. Heureusement, l\u2019a\u00efeule r\u00e9agit imm\u00e9diatement et crie. La fillette parvient \u00e0 se d\u00e9gager et se r\u00e9fugie aupr\u00e8s d\u2019elle.<\/p>\n<\/p>\n<p>Pas une, mais deux tentatives<\/p>\n<p>Mais l\u2019histoire ne s\u2019arr\u00eate pas l\u00e0. Quelques instants plus tard, l\u2019homme revient dans le magasin et tente de s\u2019emparer de nouveau de l\u2019enfant. Cette fois, les employ\u00e9s du supermarch\u00e9 interviennent et lui crient dessus. L\u2019individu quitte alors d\u00e9finitivement les lieux.<\/p>\n<p>Pr\u00e9venus, les policiers retrouvent rapidement sa trace, \u00e0 une vingtaine de kilom\u00e8tres de l\u00e0. Il est interpell\u00e9 sans incident et plac\u00e9 en garde \u00e0 vue. Il est d\u00e9sormais incarc\u00e9r\u00e9 au centre de d\u00e9tention du comt\u00e9 de Jefferson et inculp\u00e9 de tentative d\u2019enl\u00e8vement au second degr\u00e9.<\/p>\n<p><a href=\"https:\/\/www.20minutes.fr\/monde\/etats-unis\/\" class=\"c-link c-btn c-btn--primary\" target=\"_blank\" rel=\"noopener\">Notre dossier sur les \u00c9tats-Unis<\/a>Une grande r\u00e9activit\u00e9<\/p>\n<p>Sa premi\u00e8re comparution devant le tribunal a eu lieu le lundi 23\u00a0juin.<\/p>\n<p>Sur <a href=\"https:\/\/www.facebook.com\/share\/1Anc9Pq9hB\/\" target=\"_blank\" class=\"color-ultramarine c-link\" rel=\"noopener\">Facebook<\/a>, les autorit\u00e9s ont salu\u00e9 la r\u00e9activit\u00e9 du personnel du magasin et du public. Elles rappellent que les accusations port\u00e9es contre Bradley Mikel Wilson sont, \u00e0 ce stade, des all\u00e9gations, et qu\u2019il b\u00e9n\u00e9ficie de la pr\u00e9somption d\u2019innocence.<\/p>\n","protected":false},"excerpt":{"rendered":"La sc\u00e8ne s\u2019est d\u00e9roul\u00e9e samedi 21\u00a0juin dans un supermarch\u00e9 de la cha\u00eene Safeway de la ville de Littleton,&hellip;\n","protected":false},"author":2,"featured_media":203926,"comment_status":"","ping_status":"","sticky":false,"template":"","format":"standard","meta":{"footnotes":""},"categories":[5],"tags":[47,11,27696,2716,1067,73,118,1011,27,14,34287,74,12,28],"class_list":{"0":"post-203925","1":"post","2":"type-post","3":"status-publish","4":"format-standard","5":"has-post-thumbnail","7":"category-international","8":"tag-actualite","9":"tag-actualites","10":"tag-colorado","11":"tag-enlevement","12":"tag-enquete","13":"tag-etats-unis","14":"tag-faits-divers","15":"tag-fr","16":"tag-france","17":"tag-international","18":"tag-kidnapping","19":"tag-monde","20":"tag-news","21":"tag-world"},"share_on_mastodon":{"url":"https:\/\/pubeurope.com\/@fr\/114745580139289675","error":""},"_links":{"self":[{"href":"https:\/\/www.europesays.com\/fr\/wp-json\/wp\/v2\/posts\/203925","targetHints":{"allow":["GET"]}}],"collection":[{"href":"https:\/\/www.europesays.com\/fr\/wp-json\/wp\/v2\/posts"}],"about":[{"href":"https:\/\/www.europesays.com\/fr\/wp-json\/wp\/v2\/types\/post"}],"author":[{"embeddable":true,"href":"https:\/\/www.europesays.com\/fr\/wp-json\/wp\/v2\/users\/2"}],"replies":[{"embeddable":true,"href":"https:\/\/www.europesays.com\/fr\/wp-json\/wp\/v2\/comments?post=203925"}],"version-history":[{"count":0,"href":"https:\/\/www.europesays.com\/fr\/wp-json\/wp\/v2\/posts\/203925\/revisions"}],"wp:featuredmedia":[{"embeddable":true,"href":"https:\/\/www.europesays.com\/fr\/wp-json\/wp\/v2\/media\/203926"}],"wp:attachment":[{"href":"https:\/\/www.europesays.com\/fr\/wp-json\/wp\/v2\/media?parent=203925"}],"wp:term":[{"taxonomy":"category","embeddable":true,"href":"https:\/\/www.europesays.com\/fr\/wp-json\/wp\/v2\/categories?post=203925"},{"taxonomy":"post_tag","embeddable":true,"href":"https:\/\/www.europesays.com\/fr\/wp-json\/wp\/v2\/tags?post=203925"}],"curies":[{"name":"wp","href":"https:\/\/api.w.org\/{rel}","templated":true}]}}